{"id":10535,"date":"2020-12-22T19:50:14","date_gmt":"2020-12-22T19:50:14","guid":{"rendered":"https:\/\/hdlcecuador.com\/?p=10535"},"modified":"2020-12-22T19:53:06","modified_gmt":"2020-12-22T19:53:06","slug":"sor-emilia-zumarraga","status":"publish","type":"post","link":"https:\/\/hdlcecuador.com\/index.php\/2020\/12\/22\/sor-emilia-zumarraga\/","title":{"rendered":"Sor Emilia Zumarraga"},"content":{"rendered":"\t\t<div data-elementor-type=\"wp-post\" data-elementor-id=\"10535\" class=\"elementor elementor-10535\">\n\t\t\t\t\t\t<section class=\"elementor-section elementor-top-section elementor-element elementor-element-a2e1a1c elementor-section-height-min-height elementor-section-boxed elementor-section-height-default elementor-section-items-middle\" data-id=\"a2e1a1c\" data-element_type=\"section\" data-settings=\"{&quot;background_background&quot;:&quot;classic&quot;}\">\n\t\t\t\t\t\t<div class=\"elementor-container elementor-column-gap-no\">\n\t\t\t\t\t<div class=\"elementor-column elementor-col-100 elementor-top-column elementor-element elementor-element-47f8618\" data-id=\"47f8618\" data-element_type=\"column\">\n\t\t\t<div class=\"elementor-widget-wrap elementor-element-populated\">\n\t\t\t\t\t\t<section class=\"elementor-section elementor-inner-section elementor-element elementor-element-1b04d9f elementor-section-boxed elementor-section-height-default elementor-section-height-default\" data-id=\"1b04d9f\" data-element_type=\"section\">\n\t\t\t\t\t\t<div class=\"elementor-container elementor-column-gap-default\">\n\t\t\t\t\t<div class=\"elementor-column elementor-col-50 elementor-inner-column elementor-element elementor-element-6c085e6\" data-id=\"6c085e6\" data-element_type=\"column\">\n\t\t\t<div class=\"elementor-widget-wrap elementor-element-populated\">\n\t\t\t\t\t\t<div class=\"elementor-element elementor-element-237814a elementor-widget elementor-widget-elementskit-heading\" data-id=\"237814a\" data-element_type=\"widget\" data-widget_type=\"elementskit-heading.default\">\n\t\t\t\t<div class=\"elementor-widget-container\">\n\t\t\t\t\t<div class=\"ekit-wid-con\" ><div class=\"ekit-heading elementskit-section-title-wraper text_left   ekit_heading_tablet-   ekit_heading_mobile-\"><span class=\"elementskit-section-subtitle  elementskit-style-border\">\n\t\t\t\t\t\tVida Ejemplar\n\t\t\t\t\t<\/span><h2 class=\"ekit-heading--title elementskit-section-title \">Sor Emilia Zumarraga<\/h2><\/div><\/div>\t\t\t\t<\/div>\n\t\t\t\t<\/div>\n\t\t\t\t\t<\/div>\n\t\t<\/div>\n\t\t\t\t<div class=\"elementor-column elementor-col-50 elementor-inner-column elementor-element elementor-element-e5d8115\" data-id=\"e5d8115\" data-element_type=\"column\">\n\t\t\t<div class=\"elementor-widget-wrap elementor-element-populated\">\n\t\t\t\t\t\t<div class=\"elementor-element elementor-element-4478950 elementor-widget elementor-widget-image\" data-id=\"4478950\" data-element_type=\"widget\" data-widget_type=\"image.default\">\n\t\t\t\t<div class=\"elementor-widget-container\">\n\t\t\t\t\t\t\t\t\t\t\t\t\t\t\t<img decoding=\"async\" src=\"https:\/\/hdlcecuador.com\/wp-content\/uploads\/2020\/12\/logotipo-1.png\" title=\"\" alt=\"\" loading=\"lazy\" \/>\t\t\t\t\t\t\t\t\t\t\t\t\t\t\t<\/div>\n\t\t\t\t<\/div>\n\t\t\t\t\t<\/div>\n\t\t<\/div>\n\t\t\t\t\t<\/div>\n\t\t<\/section>\n\t\t\t\t\t<\/div>\n\t\t<\/div>\n\t\t\t\t\t<\/div>\n\t\t<\/section>\n\t\t\t\t<section class=\"elementor-section elementor-top-section elementor-element elementor-element-7b9b1ad elementor-section-boxed elementor-section-height-default elementor-section-height-default\" data-id=\"7b9b1ad\" data-element_type=\"section\" data-settings=\"{&quot;background_background&quot;:&quot;classic&quot;}\">\n\t\t\t\t\t\t\t<div class=\"elementor-background-overlay\"><\/div>\n\t\t\t\t\t\t\t<div class=\"elementor-container elementor-column-gap-default\">\n\t\t\t\t\t<div class=\"elementor-column elementor-col-100 elementor-top-column elementor-element elementor-element-e24b479\" data-id=\"e24b479\" data-element_type=\"column\">\n\t\t\t<div class=\"elementor-widget-wrap elementor-element-populated\">\n\t\t\t\t\t\t<div class=\"elementor-element elementor-element-02de533 elementor-widget elementor-widget-heading\" data-id=\"02de533\" data-element_type=\"widget\" data-widget_type=\"heading.default\">\n\t\t\t\t<div class=\"elementor-widget-container\">\n\t\t\t\t\t<h2 class=\"elementor-heading-title elementor-size-large\">Vida Ejemplar Vicentina<\/h2>\t\t\t\t<\/div>\n\t\t\t\t<\/div>\n\t\t\t\t<section class=\"elementor-section elementor-inner-section elementor-element elementor-element-b84532b elementor-section-boxed elementor-section-height-default elementor-section-height-default\" data-id=\"b84532b\" data-element_type=\"section\">\n\t\t\t\t\t\t<div class=\"elementor-container elementor-column-gap-default\">\n\t\t\t\t\t<div class=\"elementor-column elementor-col-50 elementor-inner-column elementor-element elementor-element-1ae3b74\" data-id=\"1ae3b74\" data-element_type=\"column\">\n\t\t\t<div class=\"elementor-widget-wrap elementor-element-populated\">\n\t\t\t\t\t\t<div class=\"elementor-element elementor-element-ec80969 elementor-widget elementor-widget-text-editor\" data-id=\"ec80969\" data-element_type=\"widget\" data-widget_type=\"text-editor.default\">\n\t\t\t\t<div class=\"elementor-widget-container\">\n\t\t\t\t\t\t\t\t\t<p>Sor Emilia Zum\u00e1rraga, nativa de la Provincia de Cotopaxi, del cant\u00f3n Pujil\u00ed, nace el 19 de diciembre de 1901, su nombre completo es: Zoila Mar\u00eda Clementina Zum\u00e1rraga Sarzosa. Ingresa a la comunidad el 25 de Junio de 1919, su Postulantado lo realiza en el Hospital de Pujil\u00ed, es enviada a misi\u00f3n el 25 de febrero de 1920 y sus Primeros Votos los pronuncia el 29 de Junio de 1924. Nos referimos a Sor Emilia, como la hermana: prudente, paciente, caritativa, humilde, sencilla, trabajadora, atenta, bondadosa, alegre, que amaba a la comunidad y su vocaci\u00f3n, muy apost\u00f3lica, edificante y comunicativa.\u00a0 Todo esto, de seguro era el resultado de una mujer de oraci\u00f3n, piadosa, con gran amor a la penitencia y a la Eucarist\u00eda.\u00a0<\/p>\t\t\t\t\t\t\t\t<\/div>\n\t\t\t\t<\/div>\n\t\t\t\t\t<\/div>\n\t\t<\/div>\n\t\t\t\t<div class=\"elementor-column elementor-col-50 elementor-inner-column elementor-element elementor-element-fca2b41\" data-id=\"fca2b41\" data-element_type=\"column\" data-settings=\"{&quot;background_background&quot;:&quot;classic&quot;}\">\n\t\t\t<div class=\"elementor-widget-wrap elementor-element-populated\">\n\t\t\t\t\t\t<div class=\"elementor-element elementor-element-8169f92 elementor-widget elementor-widget-image\" data-id=\"8169f92\" data-element_type=\"widget\" data-widget_type=\"image.default\">\n\t\t\t\t<div class=\"elementor-widget-container\">\n\t\t\t\t\t\t\t\t\t\t\t\t\t\t\t<img decoding=\"async\" src=\"https:\/\/hdlcecuador.com\/wp-content\/uploads\/elementor\/thumbs\/SorEmiliaZumarraga-p091mkch5ii528nstaceww7fymq5h2b0g00vni3mow.jpg\" title=\"SorEmiliaZumarraga\" alt=\"SorEmiliaZumarraga\" loading=\"lazy\" \/>\t\t\t\t\t\t\t\t\t\t\t\t\t\t\t<\/div>\n\t\t\t\t<\/div>\n\t\t\t\t\t<\/div>\n\t\t<\/div>\n\t\t\t\t\t<\/div>\n\t\t<\/section>\n\t\t\t\t<div class=\"elementor-element elementor-element-eb0d4d2 elementor-widget elementor-widget-text-editor\" data-id=\"eb0d4d2\" data-element_type=\"widget\" data-widget_type=\"text-editor.default\">\n\t\t\t\t<div class=\"elementor-widget-container\">\n\t\t\t\t\t\t\t\t\t<p>Los testimonios escritos, ratifican que era una hermana servicial con todas, manten\u00eda buenas relaciones y era un ejemplo de c\u00f3mo se vive la vida comunitaria, f\u00e1cil descubrir su cordialidad, colaboradora.\u00a0\u00a0<\/p><p>En el servicio a los pobres, era la sierva entregada, serv\u00eda con mucha unci\u00f3n y devoci\u00f3n al pobre. Mientras estaba en la Casa Provincial, ayudaba a las Hermanas de la Escuela \u201cSan Carlos\u201d a dar la Catequesis. Pese a su edad, no dejo la pastoral fuera de la comunidad, realizaba visitas a domicilio, y tambi\u00e9n preparaba para la Primera Comuni\u00f3n a los ni\u00f1os de las Escuelas Fiscales, luego los Sacramentos eran desarrollados en la Capilla de la Medalla Milagrosa.<\/p><p>Querida Sor Emilia, le encomendamos que interceda por nuestra Provincia, en este tiempo en que nos preparamos para la Asamblea Provincial. E interceda tambi\u00e9n por los Pobres, a quienes usted sirvi\u00f3 con devoci\u00f3n y les comparti\u00f3 la Buena Nueva.<\/p><p><span style=\"text-decoration: underline;\"><em><strong>Hasta pronto, querida Sor Emilia.<\/strong><\/em><\/span><\/p>\t\t\t\t\t\t\t\t<\/div>\n\t\t\t\t<\/div>\n\t\t\t\t\t<\/div>\n\t\t<\/div>\n\t\t\t\t\t<\/div>\n\t\t<\/section>\n\t\t\t\t<\/div>\n\t\t","protected":false},"excerpt":{"rendered":"<p>Vida Ejemplar Sor Emilia Zumarraga Vida Ejemplar Vicentina Sor Emilia Zum\u00e1rraga, nativa de la Provincia de Cotopaxi, del cant\u00f3n Pujil\u00ed, nace el 19 de diciembre de 1901, su nombre completo es: Zoila Mar\u00eda Clementina Zum\u00e1rraga Sarzosa. Ingresa a la comunidad el 25 de Junio de 1919, su Postulantado lo realiza en el Hospital de Pujil\u00ed, [&hellip;]<\/p>\n","protected":false},"author":1,"featured_media":10450,"comment_status":"open","ping_status":"open","sticky":false,"template":"elementor_header_footer","format":"standard","meta":{"ocean_post_layout":"full-screen","ocean_both_sidebars_style":"","ocean_both_sidebars_content_width":0,"ocean_both_sidebars_sidebars_width":0,"ocean_sidebar":"0","ocean_second_sidebar":"0","ocean_disable_margins":"enable","ocean_add_body_class":"","ocean_shortcode_before_top_bar":"","ocean_shortcode_after_top_bar":"","ocean_shortcode_before_header":"","ocean_shortcode_after_header":"","ocean_has_shortcode":"","ocean_shortcode_after_title":"","ocean_shortcode_before_footer_widgets":"","ocean_shortcode_after_footer_widgets":"","ocean_shortcode_before_footer_bottom":"","ocean_shortcode_after_footer_bottom":"","ocean_display_top_bar":"off","ocean_display_header":"default","ocean_header_style":"transparent","ocean_center_header_left_menu":"0","ocean_custom_header_template":"0","ocean_custom_logo":0,"ocean_custom_retina_logo":0,"ocean_custom_logo_max_width":0,"ocean_custom_logo_tablet_max_width":0,"ocean_custom_logo_mobile_max_width":0,"ocean_custom_logo_max_height":0,"ocean_custom_logo_tablet_max_height":0,"ocean_custom_logo_mobile_max_height":0,"ocean_header_custom_menu":"0","ocean_menu_typo_font_family":"0","ocean_menu_typo_font_subset":"","ocean_menu_typo_font_size":0,"ocean_menu_typo_font_size_tablet":0,"ocean_menu_typo_font_size_mobile":0,"ocean_menu_typo_font_size_unit":"px","ocean_menu_typo_font_weight":"","ocean_menu_typo_font_weight_tablet":"","ocean_menu_typo_font_weight_mobile":"","ocean_menu_typo_transform":"","ocean_menu_typo_transform_tablet":"","ocean_menu_typo_transform_mobile":"","ocean_menu_typo_line_height":0,"ocean_menu_typo_line_height_tablet":0,"ocean_menu_typo_line_height_mobile":0,"ocean_menu_typo_line_height_unit":"","ocean_menu_typo_spacing":0,"ocean_menu_typo_spacing_tablet":0,"ocean_menu_typo_spacing_mobile":0,"ocean_menu_typo_spacing_unit":"","ocean_menu_link_color":"","ocean_menu_link_color_hover":"","ocean_menu_link_color_active":"","ocean_menu_link_background":"","ocean_menu_link_hover_background":"","ocean_menu_link_active_background":"","ocean_menu_social_links_bg":"","ocean_menu_social_hover_links_bg":"","ocean_menu_social_links_color":"","ocean_menu_social_hover_links_color":"","ocean_disable_title":"on","ocean_disable_heading":"default","ocean_post_title":"","ocean_post_subheading":"","ocean_post_title_style":"","ocean_post_title_background_color":"","ocean_post_title_background":0,"ocean_post_title_bg_image_position":"","ocean_post_title_bg_image_attachment":"","ocean_post_title_bg_image_repeat":"","ocean_post_title_bg_image_size":"","ocean_post_title_height":0,"ocean_post_title_bg_overlay":0.5,"ocean_post_title_bg_overlay_color":"","ocean_disable_breadcrumbs":"default","ocean_breadcrumbs_color":"","ocean_breadcrumbs_separator_color":"","ocean_breadcrumbs_links_color":"","ocean_breadcrumbs_links_hover_color":"","ocean_display_footer_widgets":"default","ocean_display_footer_bottom":"default","ocean_custom_footer_template":"0","ocean_post_oembed":"","ocean_post_self_hosted_media":"","ocean_post_video_embed":"","ocean_link_format":"","ocean_link_format_target":"self","ocean_quote_format":"","ocean_quote_format_link":"post","ocean_gallery_link_images":"off","ocean_gallery_id":[],"footnotes":""},"categories":[301],"tags":[],"post_folder":[300],"class_list":["post-10535","post","type-post","status-publish","format-standard","has-post-thumbnail","hentry","category-vidasejemplares","entry","has-media"],"yoast_head":"<!-- This site is optimized with the Yoast SEO plugin v25.6 - https:\/\/yoast.com\/wordpress\/plugins\/seo\/ -->\n<title>Sor Emilia Zumarraga - Compa\u00f1\u00eda HDLC Ecuador<\/title>\n<meta name=\"robots\" content=\"index, follow, max-snippet:-1, max-image-preview:large, max-video-preview:-1\" \/>\n<link rel=\"canonical\" href=\"https:\/\/hdlcecuador.com\/index.php\/2020\/12\/22\/sor-emilia-zumarraga\/\" \/>\n<meta property=\"og:locale\" content=\"es_ES\" \/>\n<meta property=\"og:type\" content=\"article\" \/>\n<meta property=\"og:title\" content=\"Sor Emilia Zumarraga - Compa\u00f1\u00eda HDLC Ecuador\" \/>\n<meta property=\"og:description\" content=\"Vida Ejemplar Sor Emilia Zumarraga Vida Ejemplar Vicentina Sor Emilia Zum\u00e1rraga, nativa de la Provincia de Cotopaxi, del cant\u00f3n Pujil\u00ed, nace el 19 de diciembre de 1901, su nombre completo es: Zoila Mar\u00eda Clementina Zum\u00e1rraga Sarzosa. Ingresa a la comunidad el 25 de Junio de 1919, su Postulantado lo realiza en el Hospital de Pujil\u00ed, [&hellip;]\" \/>\n<meta property=\"og:url\" content=\"https:\/\/hdlcecuador.com\/index.php\/2020\/12\/22\/sor-emilia-zumarraga\/\" \/>\n<meta property=\"og:site_name\" content=\"Compa\u00f1\u00eda HDLC Ecuador\" \/>\n<meta property=\"article:published_time\" content=\"2020-12-22T19:50:14+00:00\" \/>\n<meta property=\"article:modified_time\" content=\"2020-12-22T19:53:06+00:00\" \/>\n<meta property=\"og:image\" content=\"https:\/\/hdlcecuador.com\/wp-content\/uploads\/2020\/12\/SorEmiliaZumarraga.jpg\" \/>\n\t<meta property=\"og:image:width\" content=\"550\" \/>\n\t<meta property=\"og:image:height\" content=\"550\" \/>\n\t<meta property=\"og:image:type\" content=\"image\/jpeg\" \/>\n<meta name=\"author\" content=\"administrador\" \/>\n<meta name=\"twitter:card\" content=\"summary_large_image\" \/>\n<meta name=\"twitter:label1\" content=\"Escrito por\" \/>\n\t<meta name=\"twitter:data1\" content=\"administrador\" \/>\n\t<meta name=\"twitter:label2\" content=\"Tiempo de lectura\" \/>\n\t<meta name=\"twitter:data2\" content=\"1 minuto\" \/>\n<script type=\"application\/ld+json\" class=\"yoast-schema-graph\">{\"@context\":\"https:\/\/schema.org\",\"@graph\":[{\"@type\":\"Article\",\"@id\":\"https:\/\/hdlcecuador.com\/index.php\/2020\/12\/22\/sor-emilia-zumarraga\/#article\",\"isPartOf\":{\"@id\":\"https:\/\/hdlcecuador.com\/index.php\/2020\/12\/22\/sor-emilia-zumarraga\/\"},\"author\":{\"name\":\"administrador\",\"@id\":\"https:\/\/hdlcecuador.com\/#\/schema\/person\/88e13c2d15509f9620a744e935829dab\"},\"headline\":\"Sor Emilia Zumarraga\",\"datePublished\":\"2020-12-22T19:50:14+00:00\",\"dateModified\":\"2020-12-22T19:53:06+00:00\",\"mainEntityOfPage\":{\"@id\":\"https:\/\/hdlcecuador.com\/index.php\/2020\/12\/22\/sor-emilia-zumarraga\/\"},\"wordCount\":298,\"commentCount\":0,\"publisher\":{\"@id\":\"https:\/\/hdlcecuador.com\/#organization\"},\"image\":{\"@id\":\"https:\/\/hdlcecuador.com\/index.php\/2020\/12\/22\/sor-emilia-zumarraga\/#primaryimage\"},\"thumbnailUrl\":\"https:\/\/hdlcecuador.com\/wp-content\/uploads\/2020\/12\/SorEmiliaZumarraga.jpg\",\"articleSection\":[\"Vidas Ejemplares Provincia\"],\"inLanguage\":\"es\",\"potentialAction\":[{\"@type\":\"CommentAction\",\"name\":\"Comment\",\"target\":[\"https:\/\/hdlcecuador.com\/index.php\/2020\/12\/22\/sor-emilia-zumarraga\/#respond\"]}]},{\"@type\":\"WebPage\",\"@id\":\"https:\/\/hdlcecuador.com\/index.php\/2020\/12\/22\/sor-emilia-zumarraga\/\",\"url\":\"https:\/\/hdlcecuador.com\/index.php\/2020\/12\/22\/sor-emilia-zumarraga\/\",\"name\":\"Sor Emilia Zumarraga - Compa\u00f1\u00eda HDLC Ecuador\",\"isPartOf\":{\"@id\":\"https:\/\/hdlcecuador.com\/#website\"},\"primaryImageOfPage\":{\"@id\":\"https:\/\/hdlcecuador.com\/index.php\/2020\/12\/22\/sor-emilia-zumarraga\/#primaryimage\"},\"image\":{\"@id\":\"https:\/\/hdlcecuador.com\/index.php\/2020\/12\/22\/sor-emilia-zumarraga\/#primaryimage\"},\"thumbnailUrl\":\"https:\/\/hdlcecuador.com\/wp-content\/uploads\/2020\/12\/SorEmiliaZumarraga.jpg\",\"datePublished\":\"2020-12-22T19:50:14+00:00\",\"dateModified\":\"2020-12-22T19:53:06+00:00\",\"breadcrumb\":{\"@id\":\"https:\/\/hdlcecuador.com\/index.php\/2020\/12\/22\/sor-emilia-zumarraga\/#breadcrumb\"},\"inLanguage\":\"es\",\"potentialAction\":[{\"@type\":\"ReadAction\",\"target\":[\"https:\/\/hdlcecuador.com\/index.php\/2020\/12\/22\/sor-emilia-zumarraga\/\"]}]},{\"@type\":\"ImageObject\",\"inLanguage\":\"es\",\"@id\":\"https:\/\/hdlcecuador.com\/index.php\/2020\/12\/22\/sor-emilia-zumarraga\/#primaryimage\",\"url\":\"https:\/\/hdlcecuador.com\/wp-content\/uploads\/2020\/12\/SorEmiliaZumarraga.jpg\",\"contentUrl\":\"https:\/\/hdlcecuador.com\/wp-content\/uploads\/2020\/12\/SorEmiliaZumarraga.jpg\",\"width\":550,\"height\":550},{\"@type\":\"BreadcrumbList\",\"@id\":\"https:\/\/hdlcecuador.com\/index.php\/2020\/12\/22\/sor-emilia-zumarraga\/#breadcrumb\",\"itemListElement\":[{\"@type\":\"ListItem\",\"position\":1,\"name\":\"Portada\",\"item\":\"https:\/\/hdlcecuador.com\/\"},{\"@type\":\"ListItem\",\"position\":2,\"name\":\"Sor Emilia Zumarraga\"}]},{\"@type\":\"WebSite\",\"@id\":\"https:\/\/hdlcecuador.com\/#website\",\"url\":\"https:\/\/hdlcecuador.com\/\",\"name\":\"Compa\u00f1\u00eda HDLC Ecuador\",\"description\":\"Sitio Web Oficial de las Compa\u00f1ia de las Hijas de la Caridad en Ecuador\",\"publisher\":{\"@id\":\"https:\/\/hdlcecuador.com\/#organization\"},\"potentialAction\":[{\"@type\":\"SearchAction\",\"target\":{\"@type\":\"EntryPoint\",\"urlTemplate\":\"https:\/\/hdlcecuador.com\/?s={search_term_string}\"},\"query-input\":{\"@type\":\"PropertyValueSpecification\",\"valueRequired\":true,\"valueName\":\"search_term_string\"}}],\"inLanguage\":\"es\"},{\"@type\":\"Organization\",\"@id\":\"https:\/\/hdlcecuador.com\/#organization\",\"name\":\"Compa\u00f1\u00eda HDLC Ecuador\",\"url\":\"https:\/\/hdlcecuador.com\/\",\"logo\":{\"@type\":\"ImageObject\",\"inLanguage\":\"es\",\"@id\":\"https:\/\/hdlcecuador.com\/#\/schema\/logo\/image\/\",\"url\":\"https:\/\/hdlcecuador.com\/wp-content\/uploads\/2021\/03\/cropped-logo-2-oficial-hor.-dere.png\",\"contentUrl\":\"https:\/\/hdlcecuador.com\/wp-content\/uploads\/2021\/03\/cropped-logo-2-oficial-hor.-dere.png\",\"width\":1800,\"height\":980,\"caption\":\"Compa\u00f1\u00eda HDLC Ecuador\"},\"image\":{\"@id\":\"https:\/\/hdlcecuador.com\/#\/schema\/logo\/image\/\"}},{\"@type\":\"Person\",\"@id\":\"https:\/\/hdlcecuador.com\/#\/schema\/person\/88e13c2d15509f9620a744e935829dab\",\"name\":\"administrador\",\"image\":{\"@type\":\"ImageObject\",\"inLanguage\":\"es\",\"@id\":\"https:\/\/hdlcecuador.com\/#\/schema\/person\/image\/\",\"url\":\"https:\/\/secure.gravatar.com\/avatar\/64ac484ddbbff6a120df480c03610bb6?s=96&d=mm&r=g\",\"contentUrl\":\"https:\/\/secure.gravatar.com\/avatar\/64ac484ddbbff6a120df480c03610bb6?s=96&d=mm&r=g\",\"caption\":\"administrador\"},\"sameAs\":[\"https:\/\/hdlcecuador.com\"],\"url\":\"https:\/\/hdlcecuador.com\/index.php\/author\/administrador\/\"}]}<\/script>\n<!-- \/ Yoast SEO plugin. -->","yoast_head_json":{"title":"Sor Emilia Zumarraga - Compa\u00f1\u00eda HDLC Ecuador","robots":{"index":"index","follow":"follow","max-snippet":"max-snippet:-1","max-image-preview":"max-image-preview:large","max-video-preview":"max-video-preview:-1"},"canonical":"https:\/\/hdlcecuador.com\/index.php\/2020\/12\/22\/sor-emilia-zumarraga\/","og_locale":"es_ES","og_type":"article","og_title":"Sor Emilia Zumarraga - Compa\u00f1\u00eda HDLC Ecuador","og_description":"Vida Ejemplar Sor Emilia Zumarraga Vida Ejemplar Vicentina Sor Emilia Zum\u00e1rraga, nativa de la Provincia de Cotopaxi, del cant\u00f3n Pujil\u00ed, nace el 19 de diciembre de 1901, su nombre completo es: Zoila Mar\u00eda Clementina Zum\u00e1rraga Sarzosa. Ingresa a la comunidad el 25 de Junio de 1919, su Postulantado lo realiza en el Hospital de Pujil\u00ed, [&hellip;]","og_url":"https:\/\/hdlcecuador.com\/index.php\/2020\/12\/22\/sor-emilia-zumarraga\/","og_site_name":"Compa\u00f1\u00eda HDLC Ecuador","article_published_time":"2020-12-22T19:50:14+00:00","article_modified_time":"2020-12-22T19:53:06+00:00","og_image":[{"width":550,"height":550,"url":"https:\/\/hdlcecuador.com\/wp-content\/uploads\/2020\/12\/SorEmiliaZumarraga.jpg","type":"image\/jpeg"}],"author":"administrador","twitter_card":"summary_large_image","twitter_misc":{"Escrito por":"administrador","Tiempo de lectura":"1 minuto"},"schema":{"@context":"https:\/\/schema.org","@graph":[{"@type":"Article","@id":"https:\/\/hdlcecuador.com\/index.php\/2020\/12\/22\/sor-emilia-zumarraga\/#article","isPartOf":{"@id":"https:\/\/hdlcecuador.com\/index.php\/2020\/12\/22\/sor-emilia-zumarraga\/"},"author":{"name":"administrador","@id":"https:\/\/hdlcecuador.com\/#\/schema\/person\/88e13c2d15509f9620a744e935829dab"},"headline":"Sor Emilia Zumarraga","datePublished":"2020-12-22T19:50:14+00:00","dateModified":"2020-12-22T19:53:06+00:00","mainEntityOfPage":{"@id":"https:\/\/hdlcecuador.com\/index.php\/2020\/12\/22\/sor-emilia-zumarraga\/"},"wordCount":298,"commentCount":0,"publisher":{"@id":"https:\/\/hdlcecuador.com\/#organization"},"image":{"@id":"https:\/\/hdlcecuador.com\/index.php\/2020\/12\/22\/sor-emilia-zumarraga\/#primaryimage"},"thumbnailUrl":"https:\/\/hdlcecuador.com\/wp-content\/uploads\/2020\/12\/SorEmiliaZumarraga.jpg","articleSection":["Vidas Ejemplares Provincia"],"inLanguage":"es","potentialAction":[{"@type":"CommentAction","name":"Comment","target":["https:\/\/hdlcecuador.com\/index.php\/2020\/12\/22\/sor-emilia-zumarraga\/#respond"]}]},{"@type":"WebPage","@id":"https:\/\/hdlcecuador.com\/index.php\/2020\/12\/22\/sor-emilia-zumarraga\/","url":"https:\/\/hdlcecuador.com\/index.php\/2020\/12\/22\/sor-emilia-zumarraga\/","name":"Sor Emilia Zumarraga - Compa\u00f1\u00eda HDLC Ecuador","isPartOf":{"@id":"https:\/\/hdlcecuador.com\/#website"},"primaryImageOfPage":{"@id":"https:\/\/hdlcecuador.com\/index.php\/2020\/12\/22\/sor-emilia-zumarraga\/#primaryimage"},"image":{"@id":"https:\/\/hdlcecuador.com\/index.php\/2020\/12\/22\/sor-emilia-zumarraga\/#primaryimage"},"thumbnailUrl":"https:\/\/hdlcecuador.com\/wp-content\/uploads\/2020\/12\/SorEmiliaZumarraga.jpg","datePublished":"2020-12-22T19:50:14+00:00","dateModified":"2020-12-22T19:53:06+00:00","breadcrumb":{"@id":"https:\/\/hdlcecuador.com\/index.php\/2020\/12\/22\/sor-emilia-zumarraga\/#breadcrumb"},"inLanguage":"es","potentialAction":[{"@type":"ReadAction","target":["https:\/\/hdlcecuador.com\/index.php\/2020\/12\/22\/sor-emilia-zumarraga\/"]}]},{"@type":"ImageObject","inLanguage":"es","@id":"https:\/\/hdlcecuador.com\/index.php\/2020\/12\/22\/sor-emilia-zumarraga\/#primaryimage","url":"https:\/\/hdlcecuador.com\/wp-content\/uploads\/2020\/12\/SorEmiliaZumarraga.jpg","contentUrl":"https:\/\/hdlcecuador.com\/wp-content\/uploads\/2020\/12\/SorEmiliaZumarraga.jpg","width":550,"height":550},{"@type":"BreadcrumbList","@id":"https:\/\/hdlcecuador.com\/index.php\/2020\/12\/22\/sor-emilia-zumarraga\/#breadcrumb","itemListElement":[{"@type":"ListItem","position":1,"name":"Portada","item":"https:\/\/hdlcecuador.com\/"},{"@type":"ListItem","position":2,"name":"Sor Emilia Zumarraga"}]},{"@type":"WebSite","@id":"https:\/\/hdlcecuador.com\/#website","url":"https:\/\/hdlcecuador.com\/","name":"Compa\u00f1\u00eda HDLC Ecuador","description":"Sitio Web Oficial de las Compa\u00f1ia de las Hijas de la Caridad en Ecuador","publisher":{"@id":"https:\/\/hdlcecuador.com\/#organization"},"potentialAction":[{"@type":"SearchAction","target":{"@type":"EntryPoint","urlTemplate":"https:\/\/hdlcecuador.com\/?s={search_term_string}"},"query-input":{"@type":"PropertyValueSpecification","valueRequired":true,"valueName":"search_term_string"}}],"inLanguage":"es"},{"@type":"Organization","@id":"https:\/\/hdlcecuador.com\/#organization","name":"Compa\u00f1\u00eda HDLC Ecuador","url":"https:\/\/hdlcecuador.com\/","logo":{"@type":"ImageObject","inLanguage":"es","@id":"https:\/\/hdlcecuador.com\/#\/schema\/logo\/image\/","url":"https:\/\/hdlcecuador.com\/wp-content\/uploads\/2021\/03\/cropped-logo-2-oficial-hor.-dere.png","contentUrl":"https:\/\/hdlcecuador.com\/wp-content\/uploads\/2021\/03\/cropped-logo-2-oficial-hor.-dere.png","width":1800,"height":980,"caption":"Compa\u00f1\u00eda HDLC Ecuador"},"image":{"@id":"https:\/\/hdlcecuador.com\/#\/schema\/logo\/image\/"}},{"@type":"Person","@id":"https:\/\/hdlcecuador.com\/#\/schema\/person\/88e13c2d15509f9620a744e935829dab","name":"administrador","image":{"@type":"ImageObject","inLanguage":"es","@id":"https:\/\/hdlcecuador.com\/#\/schema\/person\/image\/","url":"https:\/\/secure.gravatar.com\/avatar\/64ac484ddbbff6a120df480c03610bb6?s=96&d=mm&r=g","contentUrl":"https:\/\/secure.gravatar.com\/avatar\/64ac484ddbbff6a120df480c03610bb6?s=96&d=mm&r=g","caption":"administrador"},"sameAs":["https:\/\/hdlcecuador.com"],"url":"https:\/\/hdlcecuador.com\/index.php\/author\/administrador\/"}]}},"rttpg_featured_image_url":{"full":["https:\/\/hdlcecuador.com\/wp-content\/uploads\/2020\/12\/SorEmiliaZumarraga.jpg",550,550,false],"landscape":["https:\/\/hdlcecuador.com\/wp-content\/uploads\/2020\/12\/SorEmiliaZumarraga.jpg",550,550,false],"portraits":["https:\/\/hdlcecuador.com\/wp-content\/uploads\/2020\/12\/SorEmiliaZumarraga.jpg",550,550,false],"thumbnail":["https:\/\/hdlcecuador.com\/wp-content\/uploads\/2020\/12\/SorEmiliaZumarraga-150x150.jpg",150,150,true],"medium":["https:\/\/hdlcecuador.com\/wp-content\/uploads\/2020\/12\/SorEmiliaZumarraga-300x300.jpg",300,300,true],"large":["https:\/\/hdlcecuador.com\/wp-content\/uploads\/2020\/12\/SorEmiliaZumarraga.jpg",550,550,false],"thumblist":["https:\/\/hdlcecuador.com\/wp-content\/uploads\/2020\/12\/SorEmiliaZumarraga-300x300.jpg",300,300,true],"meccarouselthumb":["https:\/\/hdlcecuador.com\/wp-content\/uploads\/2020\/12\/SorEmiliaZumarraga-474x324.jpg",474,324,true],"gridsquare":["https:\/\/hdlcecuador.com\/wp-content\/uploads\/2020\/12\/SorEmiliaZumarraga-391x260.jpg",391,260,true],"tileview":["https:\/\/hdlcecuador.com\/wp-content\/uploads\/2020\/12\/SorEmiliaZumarraga-300x400.jpg",300,400,true],"1536x1536":["https:\/\/hdlcecuador.com\/wp-content\/uploads\/2020\/12\/SorEmiliaZumarraga.jpg",550,550,false],"2048x2048":["https:\/\/hdlcecuador.com\/wp-content\/uploads\/2020\/12\/SorEmiliaZumarraga.jpg",550,550,false],"ocean-thumb-m":["https:\/\/hdlcecuador.com\/wp-content\/uploads\/2020\/12\/SorEmiliaZumarraga.jpg",550,550,false],"ocean-thumb-ml":["https:\/\/hdlcecuador.com\/wp-content\/uploads\/2020\/12\/SorEmiliaZumarraga.jpg",450,450,false],"ocean-thumb-l":["https:\/\/hdlcecuador.com\/wp-content\/uploads\/2020\/12\/SorEmiliaZumarraga.jpg",550,550,false]},"rttpg_author":{"display_name":"administrador","author_link":"https:\/\/hdlcecuador.com\/index.php\/author\/administrador\/"},"rttpg_comment":0,"rttpg_category":"<a href=\"https:\/\/hdlcecuador.com\/index.php\/category\/vidasejemplares\/\" rel=\"category tag\">Vidas Ejemplares Provincia<\/a>","rttpg_excerpt":"Vida Ejemplar Sor Emilia Zumarraga Vida Ejemplar Vicentina Sor Emilia Zum\u00e1rraga, nativa de la Provincia de Cotopaxi, del cant\u00f3n Pujil\u00ed, nace el 19 de diciembre de 1901, su nombre completo es: Zoila Mar\u00eda Clementina Zum\u00e1rraga Sarzosa. Ingresa a la comunidad el 25 de Junio de 1919, su Postulantado lo realiza en el Hospital de Pujil\u00ed,&hellip;","_links":{"self":[{"href":"https:\/\/hdlcecuador.com\/index.php\/wp-json\/wp\/v2\/posts\/10535"}],"collection":[{"href":"https:\/\/hdlcecuador.com\/index.php\/wp-json\/wp\/v2\/posts"}],"about":[{"href":"https:\/\/hdlcecuador.com\/index.php\/wp-json\/wp\/v2\/types\/post"}],"author":[{"embeddable":true,"href":"https:\/\/hdlcecuador.com\/index.php\/wp-json\/wp\/v2\/users\/1"}],"replies":[{"embeddable":true,"href":"https:\/\/hdlcecuador.com\/index.php\/wp-json\/wp\/v2\/comments?post=10535"}],"version-history":[{"count":10,"href":"https:\/\/hdlcecuador.com\/index.php\/wp-json\/wp\/v2\/posts\/10535\/revisions"}],"predecessor-version":[{"id":10545,"href":"https:\/\/hdlcecuador.com\/index.php\/wp-json\/wp\/v2\/posts\/10535\/revisions\/10545"}],"wp:featuredmedia":[{"embeddable":true,"href":"https:\/\/hdlcecuador.com\/index.php\/wp-json\/wp\/v2\/media\/10450"}],"wp:attachment":[{"href":"https:\/\/hdlcecuador.com\/index.php\/wp-json\/wp\/v2\/media?parent=10535"}],"wp:term":[{"taxonomy":"category","embeddable":true,"href":"https:\/\/hdlcecuador.com\/index.php\/wp-json\/wp\/v2\/categories?post=10535"},{"taxonomy":"post_tag","embeddable":true,"href":"https:\/\/hdlcecuador.com\/index.php\/wp-json\/wp\/v2\/tags?post=10535"},{"taxonomy":"post_folder","embeddable":true,"href":"https:\/\/hdlcecuador.com\/index.php\/wp-json\/wp\/v2\/post_folder?post=10535"}],"curies":[{"name":"wp","href":"https:\/\/api.w.org\/{rel}","templated":true}]}}