{"id":12785,"date":"2022-01-27T20:27:06","date_gmt":"2022-01-27T20:27:06","guid":{"rendered":"https:\/\/hdlcecuador.com\/?p=12785"},"modified":"2022-01-27T21:00:56","modified_gmt":"2022-01-27T21:00:56","slug":"asamblea-general-de-las-hijas-de-la-caridad-paris","status":"publish","type":"post","link":"https:\/\/hdlcecuador.com\/index.php\/2022\/01\/27\/asamblea-general-de-las-hijas-de-la-caridad-paris\/","title":{"rendered":"ASAMBLEA GENERAL DE LAS HIJAS DE LA CARIDAD &#8211; PARIS"},"content":{"rendered":"\t\t<div data-elementor-type=\"wp-post\" data-elementor-id=\"12785\" class=\"elementor elementor-12785\">\n\t\t\t\t\t\t<section class=\"elementor-section elementor-top-section elementor-element elementor-element-20f7403 elementor-section-items-top elementor-section-height-min-height elementor-section-boxed elementor-section-height-default\" data-id=\"20f7403\" data-element_type=\"section\" data-settings=\"{&quot;background_background&quot;:&quot;classic&quot;}\">\n\t\t\t\t\t\t<div class=\"elementor-container elementor-column-gap-default\">\n\t\t\t\t\t<div class=\"elementor-column elementor-col-33 elementor-top-column elementor-element elementor-element-45d5cf7\" data-id=\"45d5cf7\" data-element_type=\"column\">\n\t\t\t<div class=\"elementor-widget-wrap elementor-element-populated\">\n\t\t\t\t\t\t<div class=\"elementor-element elementor-element-dabcb57 elementor-widget-divider--view-line elementor-widget elementor-widget-divider\" data-id=\"dabcb57\" data-element_type=\"widget\" data-widget_type=\"divider.default\">\n\t\t\t\t<div class=\"elementor-widget-container\">\n\t\t\t\t\t\t\t<div class=\"elementor-divider\">\n\t\t\t<span class=\"elementor-divider-separator\">\n\t\t\t\t\t\t<\/span>\n\t\t<\/div>\n\t\t\t\t\t\t<\/div>\n\t\t\t\t<\/div>\n\t\t\t\t<div class=\"elementor-element elementor-element-cca8aaa elementor-widget elementor-widget-image\" data-id=\"cca8aaa\" data-element_type=\"widget\" data-widget_type=\"image.default\">\n\t\t\t\t<div class=\"elementor-widget-container\">\n\t\t\t\t\t\t\t\t\t\t\t\t\t\t\t<img decoding=\"async\" src=\"https:\/\/hdlcecuador.com\/wp-content\/uploads\/2021\/03\/logo-horizontal-derecha-1.png\" title=\"\" alt=\"\" loading=\"lazy\" \/>\t\t\t\t\t\t\t\t\t\t\t\t\t\t\t<\/div>\n\t\t\t\t<\/div>\n\t\t\t\t\t<\/div>\n\t\t<\/div>\n\t\t\t\t<div class=\"elementor-column elementor-col-33 elementor-top-column elementor-element elementor-element-31af6e4\" data-id=\"31af6e4\" data-element_type=\"column\">\n\t\t\t<div class=\"elementor-widget-wrap\">\n\t\t\t\t\t\t\t<\/div>\n\t\t<\/div>\n\t\t\t\t<div class=\"elementor-column elementor-col-33 elementor-top-column elementor-element elementor-element-07a96bf\" data-id=\"07a96bf\" data-element_type=\"column\">\n\t\t\t<div class=\"elementor-widget-wrap\">\n\t\t\t\t\t\t\t<\/div>\n\t\t<\/div>\n\t\t\t\t\t<\/div>\n\t\t<\/section>\n\t\t\t\t<section class=\"elementor-section elementor-top-section elementor-element elementor-element-cb198f3 elementor-section-boxed elementor-section-height-default elementor-section-height-default\" data-id=\"cb198f3\" data-element_type=\"section\">\n\t\t\t\t\t\t<div class=\"elementor-container elementor-column-gap-no\">\n\t\t\t\t\t<div class=\"elementor-column elementor-col-50 elementor-top-column elementor-element elementor-element-a92b566\" data-id=\"a92b566\" data-element_type=\"column\" data-settings=\"{&quot;background_background&quot;:&quot;gradient&quot;}\">\n\t\t\t<div class=\"elementor-widget-wrap elementor-element-populated\">\n\t\t\t\t\t\t<div class=\"elementor-element elementor-element-017982c elementor-widget elementor-widget-heading\" data-id=\"017982c\" data-element_type=\"widget\" data-widget_type=\"heading.default\">\n\t\t\t\t<div class=\"elementor-widget-container\">\n\t\t\t\t\t<h2 class=\"elementor-heading-title elementor-size-medium\"><a href=\"https:\/\/hdlcecuador.com\/wp-content\/uploads\/2021\/10\/CamScanner-10-15-2021-11.45.pdf\">La Asamblea Genereal de la Compa\u00f1\u00eda de las HIjas de la Caridad de San Vicente de Pa\u00fal, estuvo presidida por nuestros Superiores Generales, y la participaci\u00f3n de las Visitadoras y delegadas.<\/a><\/h2>\t\t\t\t<\/div>\n\t\t\t\t<\/div>\n\t\t\t\t<div class=\"elementor-element elementor-element-ffb7daa elementor-widget elementor-widget-image\" data-id=\"ffb7daa\" data-element_type=\"widget\" data-widget_type=\"image.default\">\n\t\t\t\t<div class=\"elementor-widget-container\">\n\t\t\t\t\t\t\t\t\t\t\t\t\t\t\t<img fetchpriority=\"high\" decoding=\"async\" width=\"1024\" height=\"681\" src=\"https:\/\/hdlcecuador.com\/wp-content\/uploads\/2022\/01\/Asambl.-Gen.-5-1024x681.jpg\" class=\"attachment-large size-large wp-image-12777\" alt=\"\" srcset=\"https:\/\/hdlcecuador.com\/wp-content\/uploads\/2022\/01\/Asambl.-Gen.-5-1024x681.jpg 1024w, https:\/\/hdlcecuador.com\/wp-content\/uploads\/2022\/01\/Asambl.-Gen.-5-300x199.jpg 300w, https:\/\/hdlcecuador.com\/wp-content\/uploads\/2022\/01\/Asambl.-Gen.-5-768x511.jpg 768w, https:\/\/hdlcecuador.com\/wp-content\/uploads\/2022\/01\/Asambl.-Gen.-5-391x260.jpg 391w, https:\/\/hdlcecuador.com\/wp-content\/uploads\/2022\/01\/Asambl.-Gen.-5-1536x1021.jpg 1536w, https:\/\/hdlcecuador.com\/wp-content\/uploads\/2022\/01\/Asambl.-Gen.-5-2048x1362.jpg 2048w\" sizes=\"(max-width: 1024px) 100vw, 1024px\" \/>\t\t\t\t\t\t\t\t\t\t\t\t\t\t\t<\/div>\n\t\t\t\t<\/div>\n\t\t\t\t\t<\/div>\n\t\t<\/div>\n\t\t\t\t<div class=\"elementor-column elementor-col-50 elementor-top-column elementor-element elementor-element-bc62e08\" data-id=\"bc62e08\" data-element_type=\"column\">\n\t\t\t<div class=\"elementor-widget-wrap elementor-element-populated\">\n\t\t\t\t\t\t<div class=\"elementor-element elementor-element-962621a elementor-widget elementor-widget-image\" data-id=\"962621a\" data-element_type=\"widget\" data-widget_type=\"image.default\">\n\t\t\t\t<div class=\"elementor-widget-container\">\n\t\t\t\t\t\t\t\t\t\t\t\t\t\t\t<img decoding=\"async\" width=\"768\" height=\"1024\" src=\"https:\/\/hdlcecuador.com\/wp-content\/uploads\/2022\/01\/Asambl.-Gen.-11-768x1024.jpg\" class=\"attachment-large size-large wp-image-12783\" alt=\"\" srcset=\"https:\/\/hdlcecuador.com\/wp-content\/uploads\/2022\/01\/Asambl.-Gen.-11-768x1024.jpg 768w, https:\/\/hdlcecuador.com\/wp-content\/uploads\/2022\/01\/Asambl.-Gen.-11-225x300.jpg 225w, https:\/\/hdlcecuador.com\/wp-content\/uploads\/2022\/01\/Asambl.-Gen.-11-300x400.jpg 300w, https:\/\/hdlcecuador.com\/wp-content\/uploads\/2022\/01\/Asambl.-Gen.-11.jpg 960w\" sizes=\"(max-width: 768px) 100vw, 768px\" \/>\t\t\t\t\t\t\t\t\t\t\t\t\t\t\t<\/div>\n\t\t\t\t<\/div>\n\t\t\t\t<div class=\"elementor-element elementor-element-f7d5a7b elementor-widget elementor-widget-heading\" data-id=\"f7d5a7b\" data-element_type=\"widget\" data-widget_type=\"heading.default\">\n\t\t\t\t<div class=\"elementor-widget-container\">\n\t\t\t\t\t<h3 class=\"elementor-heading-title elementor-size-large\">\n\n<\/h3>\t\t\t\t<\/div>\n\t\t\t\t<\/div>\n\t\t\t\t<div class=\"elementor-element elementor-element-0629bec elementor-widget elementor-widget-heading\" data-id=\"0629bec\" data-element_type=\"widget\" data-widget_type=\"heading.default\">\n\t\t\t\t<div class=\"elementor-widget-container\">\n\t\t\t\t\t<h2 class=\"elementor-heading-title elementor-size-medium\">ASAMBLEA GENERAL DE LAS HIJAS DE LA CARIDAD - PARIS<\/h2>\t\t\t\t<\/div>\n\t\t\t\t<\/div>\n\t\t\t\t<div class=\"elementor-element elementor-element-d130bd5 elementor-align-left elementor-mobile-align-center elementor-widget elementor-widget-button\" data-id=\"d130bd5\" data-element_type=\"widget\" data-widget_type=\"button.default\">\n\t\t\t\t<div class=\"elementor-widget-container\">\n\t\t\t\t\t\t\t\t\t<div class=\"elementor-button-wrapper\">\n\t\t\t\t\t<a class=\"elementor-button elementor-size-sm\" role=\"button\">\n\t\t\t\t\t\t<span class=\"elementor-button-content-wrapper\">\n\t\t\t\t\t\t\t\t\t<span class=\"elementor-button-text\">Aprende m\u00e1s<\/span>\n\t\t\t\t\t<\/span>\n\t\t\t\t\t<\/a>\n\t\t\t\t<\/div>\n\t\t\t\t\t\t\t\t<\/div>\n\t\t\t\t<\/div>\n\t\t\t\t\t<\/div>\n\t\t<\/div>\n\t\t\t\t\t<\/div>\n\t\t<\/section>\n\t\t\t\t<section class=\"elementor-section elementor-top-section elementor-element elementor-element-242b5dc elementor-section-height-min-height elementor-section-boxed elementor-section-height-default elementor-section-items-middle\" data-id=\"242b5dc\" data-element_type=\"section\" data-settings=\"{&quot;background_background&quot;:&quot;video&quot;,&quot;background_video_link&quot;:&quot;https:\\\/\\\/www.youtube.com\\\/watch?v=1MHQz_oNJY0&quot;,&quot;background_video_start&quot;:30}\">\n\t\t\t\t\t\t\t\t<div class=\"elementor-background-video-container elementor-hidden-mobile\">\n\t\t\t\t\t\t\t\t\t\t\t\t\t<div class=\"elementor-background-video-embed\"><\/div>\n\t\t\t\t\t\t\t\t\t\t\t\t<\/div>\n\t\t\t\t\t\t\t\t\t<div class=\"elementor-background-overlay\"><\/div>\n\t\t\t\t\t\t\t<div class=\"elementor-container elementor-column-gap-default\">\n\t\t\t\t\t<div class=\"elementor-column elementor-col-100 elementor-top-column elementor-element elementor-element-a784d32\" data-id=\"a784d32\" data-element_type=\"column\">\n\t\t\t<div class=\"elementor-widget-wrap elementor-element-populated\">\n\t\t\t\t\t\t<section class=\"elementor-section elementor-inner-section elementor-element elementor-element-2a4f455 elementor-section-boxed elementor-section-height-default elementor-section-height-default\" data-id=\"2a4f455\" data-element_type=\"section\">\n\t\t\t\t\t\t<div class=\"elementor-container elementor-column-gap-default\">\n\t\t\t\t\t<div class=\"elementor-column elementor-col-50 elementor-inner-column elementor-element elementor-element-09bc650\" data-id=\"09bc650\" data-element_type=\"column\" data-settings=\"{&quot;background_background&quot;:&quot;classic&quot;}\">\n\t\t\t<div class=\"elementor-widget-wrap\">\n\t\t\t\t\t\t\t<\/div>\n\t\t<\/div>\n\t\t\t\t<div class=\"elementor-column elementor-col-50 elementor-inner-column elementor-element elementor-element-535a2ae\" data-id=\"535a2ae\" data-element_type=\"column\">\n\t\t\t<div class=\"elementor-widget-wrap\">\n\t\t\t\t\t\t\t<\/div>\n\t\t<\/div>\n\t\t\t\t\t<\/div>\n\t\t<\/section>\n\t\t\t\t\t<\/div>\n\t\t<\/div>\n\t\t\t\t\t<\/div>\n\t\t<\/section>\n\t\t\t\t<section class=\"elementor-section elementor-top-section elementor-element elementor-element-87a38f1 elementor-section-content-middle elementor-section-full_width elementor-reverse-mobile elementor-section-height-default elementor-section-height-default\" data-id=\"87a38f1\" data-element_type=\"section\" data-settings=\"{&quot;background_background&quot;:&quot;none&quot;}\">\n\t\t\t\t\t\t<div class=\"elementor-container elementor-column-gap-no\">\n\t\t\t\t\t<div class=\"elementor-column elementor-col-50 elementor-top-column elementor-element elementor-element-9d95b2e\" data-id=\"9d95b2e\" data-element_type=\"column\" data-settings=\"{&quot;background_background&quot;:&quot;gradient&quot;}\">\n\t\t\t<div class=\"elementor-widget-wrap elementor-element-populated\">\n\t\t\t\t\t\t<div class=\"elementor-element elementor-element-8793b13 elementor-widget elementor-widget-text-editor\" data-id=\"8793b13\" data-element_type=\"widget\" data-widget_type=\"text-editor.default\">\n\t\t\t\t<div class=\"elementor-widget-container\">\n\t\t\t\t\t\t\t\t\t<p>La Asamblea General, es un tiempo de gracia, el KAIROS que permite nuevos rumbos.<\/p><p>La presencia del Esp\u00edritu Santo, la compa\u00f1\u00eda de San Vicente y Santa Luisa, la mirada tierna de Nuestra Madre de la Medalla Milagrosa, el esp\u00edritu de todas las Hijas de la Caridad que son nuestras intercesoras en el cielo y contin\u00faan amando a la Peque\u00f1a Compa\u00f1\u00eda.<\/p><p>Sumado el celo y amor de las participantes, han permitido que Dios act\u00fae.\u00a0<\/p><p>Pedimos que Dios nos conceda la gracia de hacer vida estas profec\u00edas, las nuevas Bienaventuranzas vicentinas:<\/p><ul><li>Bienaventurada la HdlC, que mira a Cristo est\u00e1 presente en todos nuestros hermanos y hermanas, y se dejan evangelizar y ense\u00f1ar: y grita con todas sus fuerzas que\u00a0 necesita de ellos.<\/li><li><span style=\"font-family: 'Roboto Slab', sans-serif; font-size: 16px; font-style: normal; font-variant-ligatures: normal; font-variant-caps: normal; font-weight: 400;\">Bienaventurada la HdlC. que desarrolla su esp\u00edritu cr\u00edtico, forja convicciones s\u00f3lidas en el Evangelio.<\/span><br \/><p style=\"margin-left: 30.0pt; line-height: 15.6pt; mso-line-height-rule: exactly; mso-list: l0 level1 lfo1; tab-stops: 29.85pt; background: transparent;\">\u00a0<\/p><\/li><li><span style=\"font-family: 'Roboto Slab', sans-serif; font-size: 16px; font-style: normal; font-variant-ligatures: normal; font-variant-caps: normal; font-weight: 400;\">Bienaventurada la HdlC, que se esfuerza por vivir en coherencia seg\u00fan nuestro carisma, en un clima fraterno de alegr\u00eda, de benevolencia, de disponibilidad, de paciencia, de acogida y de calor humano, que encarnen el Evangelio en nuestras comunidades locales y en nuestras instituciones<\/span><\/li><\/ul>\t\t\t\t\t\t\t\t<\/div>\n\t\t\t\t<\/div>\n\t\t\t\t\t<\/div>\n\t\t<\/div>\n\t\t\t\t<div class=\"elementor-column elementor-col-50 elementor-top-column elementor-element elementor-element-f9912fc\" data-id=\"f9912fc\" data-element_type=\"column\" data-settings=\"{&quot;background_background&quot;:&quot;classic&quot;}\">\n\t\t\t<div class=\"elementor-widget-wrap elementor-element-populated\">\n\t\t\t\t\t<div class=\"elementor-background-overlay\"><\/div>\n\t\t\t\t\t\t<div class=\"elementor-element elementor-element-6e3a542 elementor-widget elementor-widget-image\" data-id=\"6e3a542\" data-element_type=\"widget\" data-widget_type=\"image.default\">\n\t\t\t\t<div class=\"elementor-widget-container\">\n\t\t\t\t\t\t\t\t\t\t\t\t\t\t\t<img fetchpriority=\"high\" decoding=\"async\" width=\"1024\" height=\"681\" src=\"https:\/\/hdlcecuador.com\/wp-content\/uploads\/2022\/01\/Asambl.-Gen.-5-1024x681.jpg\" class=\"attachment-large size-large wp-image-12777\" alt=\"\" srcset=\"https:\/\/hdlcecuador.com\/wp-content\/uploads\/2022\/01\/Asambl.-Gen.-5-1024x681.jpg 1024w, https:\/\/hdlcecuador.com\/wp-content\/uploads\/2022\/01\/Asambl.-Gen.-5-300x199.jpg 300w, https:\/\/hdlcecuador.com\/wp-content\/uploads\/2022\/01\/Asambl.-Gen.-5-768x511.jpg 768w, https:\/\/hdlcecuador.com\/wp-content\/uploads\/2022\/01\/Asambl.-Gen.-5-391x260.jpg 391w, https:\/\/hdlcecuador.com\/wp-content\/uploads\/2022\/01\/Asambl.-Gen.-5-1536x1021.jpg 1536w, https:\/\/hdlcecuador.com\/wp-content\/uploads\/2022\/01\/Asambl.-Gen.-5-2048x1362.jpg 2048w\" sizes=\"(max-width: 1024px) 100vw, 1024px\" \/>\t\t\t\t\t\t\t\t\t\t\t\t\t\t\t<\/div>\n\t\t\t\t<\/div>\n\t\t\t\t\t<\/div>\n\t\t<\/div>\n\t\t\t\t\t<\/div>\n\t\t<\/section>\n\t\t\t\t<section class=\"elementor-section elementor-top-section elementor-element elementor-element-9a30cd6 elementor-section-boxed elementor-section-height-default elementor-section-height-default\" data-id=\"9a30cd6\" data-element_type=\"section\" data-settings=\"{&quot;background_background&quot;:&quot;classic&quot;}\">\n\t\t\t\t\t\t<div class=\"elementor-container elementor-column-gap-default\">\n\t\t\t\t\t<div class=\"elementor-column elementor-col-100 elementor-top-column elementor-element elementor-element-c191a44\" data-id=\"c191a44\" data-element_type=\"column\">\n\t\t\t<div class=\"elementor-widget-wrap elementor-element-populated\">\n\t\t\t\t\t\t<div class=\"elementor-element elementor-element-525fca1 elementor-widget elementor-widget-text-editor\" data-id=\"525fca1\" data-element_type=\"widget\" data-widget_type=\"text-editor.default\">\n\t\t\t\t<div class=\"elementor-widget-container\">\n\t\t\t\t\t\t\t\t\t<p>recursos de la asamblea general -paris, octubre 2021<\/p>\t\t\t\t\t\t\t\t<\/div>\n\t\t\t\t<\/div>\n\t\t\t\t<div class=\"elementor-element elementor-element-ec88495 elementor-arrows-position-inside elementor-pagination-position-outside elementor-widget elementor-widget-image-carousel\" data-id=\"ec88495\" data-element_type=\"widget\" data-settings=\"{&quot;slides_to_show&quot;:&quot;3&quot;,&quot;image_spacing_custom&quot;:{&quot;unit&quot;:&quot;px&quot;,&quot;size&quot;:0,&quot;sizes&quot;:[]},&quot;navigation&quot;:&quot;both&quot;,&quot;autoplay&quot;:&quot;yes&quot;,&quot;pause_on_hover&quot;:&quot;yes&quot;,&quot;pause_on_interaction&quot;:&quot;yes&quot;,&quot;autoplay_speed&quot;:5000,&quot;infinite&quot;:&quot;yes&quot;,&quot;speed&quot;:500,&quot;image_spacing_custom_tablet&quot;:{&quot;unit&quot;:&quot;px&quot;,&quot;size&quot;:&quot;&quot;,&quot;sizes&quot;:[]},&quot;image_spacing_custom_mobile&quot;:{&quot;unit&quot;:&quot;px&quot;,&quot;size&quot;:&quot;&quot;,&quot;sizes&quot;:[]}}\" data-widget_type=\"image-carousel.default\">\n\t\t\t\t<div class=\"elementor-widget-container\">\n\t\t\t\t\t\t\t<div class=\"elementor-image-carousel-wrapper swiper\" role=\"region\" aria-roledescription=\"carousel\" aria-label=\"Carrusel de im\u00e1genes\" dir=\"ltr\">\n\t\t\t<div class=\"elementor-image-carousel swiper-wrapper swiper-image-stretch\" aria-live=\"off\">\n\t\t\t\t\t\t\t\t<div class=\"swiper-slide\" role=\"group\" aria-roledescription=\"slide\" aria-label=\"1 de 13\"><figure class=\"swiper-slide-inner\"><img decoding=\"async\" class=\"swiper-slide-image\" src=\"https:\/\/hdlcecuador.com\/wp-content\/uploads\/2022\/01\/Celebration-EPHATA-196-scaled-1-300x300.jpg\" alt=\"Celebration-EPHATA-196-scaled\" \/><\/figure><\/div><div class=\"swiper-slide\" role=\"group\" aria-roledescription=\"slide\" aria-label=\"2 de 13\"><figure class=\"swiper-slide-inner\"><img decoding=\"async\" class=\"swiper-slide-image\" src=\"https:\/\/hdlcecuador.com\/wp-content\/uploads\/2022\/01\/Asambl.-Gen.-11-300x300.jpg\" alt=\"Asambl. Gen. 11\" \/><\/figure><\/div><div class=\"swiper-slide\" role=\"group\" aria-roledescription=\"slide\" aria-label=\"3 de 13\"><figure class=\"swiper-slide-inner\"><img decoding=\"async\" class=\"swiper-slide-image\" src=\"https:\/\/hdlcecuador.com\/wp-content\/uploads\/2022\/01\/Asambl.-Gen.-10-300x300.jpeg\" alt=\"Asambl. Gen. 10\" \/><\/figure><\/div><div class=\"swiper-slide\" role=\"group\" aria-roledescription=\"slide\" aria-label=\"4 de 13\"><figure class=\"swiper-slide-inner\"><img decoding=\"async\" class=\"swiper-slide-image\" src=\"https:\/\/hdlcecuador.com\/wp-content\/uploads\/2022\/01\/Asambl.-Gen.-9-300x300.jpg\" alt=\"Asambl. Gen. 9\" \/><\/figure><\/div><div class=\"swiper-slide\" role=\"group\" aria-roledescription=\"slide\" aria-label=\"5 de 13\"><figure class=\"swiper-slide-inner\"><img decoding=\"async\" class=\"swiper-slide-image\" src=\"https:\/\/hdlcecuador.com\/wp-content\/uploads\/2022\/01\/Asambl.-Gen.-8-300x300.jpg\" alt=\"Asambl. Gen. 8\" \/><\/figure><\/div><div class=\"swiper-slide\" role=\"group\" aria-roledescription=\"slide\" aria-label=\"6 de 13\"><figure class=\"swiper-slide-inner\"><img decoding=\"async\" class=\"swiper-slide-image\" src=\"https:\/\/hdlcecuador.com\/wp-content\/uploads\/2022\/01\/Asambl.-Gen.-7-300x300.jpg\" alt=\"Asambl. Gen. 7\" \/><\/figure><\/div><div class=\"swiper-slide\" role=\"group\" aria-roledescription=\"slide\" aria-label=\"7 de 13\"><figure class=\"swiper-slide-inner\"><img decoding=\"async\" class=\"swiper-slide-image\" src=\"https:\/\/hdlcecuador.com\/wp-content\/uploads\/2022\/01\/Asambl.-Gen.-6-300x300.jpg\" alt=\"Asambl. Gen. 6\" \/><\/figure><\/div><div class=\"swiper-slide\" role=\"group\" aria-roledescription=\"slide\" aria-label=\"8 de 13\"><figure class=\"swiper-slide-inner\"><img decoding=\"async\" class=\"swiper-slide-image\" src=\"https:\/\/hdlcecuador.com\/wp-content\/uploads\/2022\/01\/Asambl.-Gen.-5-300x300.jpg\" alt=\"Asambl. Gen. 5\" \/><\/figure><\/div><div class=\"swiper-slide\" role=\"group\" aria-roledescription=\"slide\" aria-label=\"9 de 13\"><figure class=\"swiper-slide-inner\"><img decoding=\"async\" class=\"swiper-slide-image\" src=\"https:\/\/hdlcecuador.com\/wp-content\/uploads\/2022\/01\/Asambl.-Gen.-4-300x300.jpg\" alt=\"Asambl. Gen. 4\" \/><\/figure><\/div><div class=\"swiper-slide\" role=\"group\" aria-roledescription=\"slide\" aria-label=\"10 de 13\"><figure class=\"swiper-slide-inner\"><img decoding=\"async\" class=\"swiper-slide-image\" src=\"https:\/\/hdlcecuador.com\/wp-content\/uploads\/2022\/01\/Asambl.-Gen.-3-300x300.jpg\" alt=\"Asambl. Gen. 3\" \/><\/figure><\/div><div class=\"swiper-slide\" role=\"group\" aria-roledescription=\"slide\" aria-label=\"11 de 13\"><figure class=\"swiper-slide-inner\"><img decoding=\"async\" class=\"swiper-slide-image\" src=\"https:\/\/hdlcecuador.com\/wp-content\/uploads\/2022\/01\/Asambl.-Gen.-2-300x300.jpg\" alt=\"Asambl. Gen. 2\" \/><\/figure><\/div><div class=\"swiper-slide\" role=\"group\" aria-roledescription=\"slide\" aria-label=\"12 de 13\"><figure class=\"swiper-slide-inner\"><img decoding=\"async\" class=\"swiper-slide-image\" src=\"https:\/\/hdlcecuador.com\/wp-content\/uploads\/2022\/01\/Asambl.-Gen.-1-300x300.jpg\" alt=\"Asambl. Gen. 1\" \/><\/figure><\/div><div class=\"swiper-slide\" role=\"group\" aria-roledescription=\"slide\" aria-label=\"13 de 13\"><figure class=\"swiper-slide-inner\"><img decoding=\"async\" class=\"swiper-slide-image\" src=\"https:\/\/hdlcecuador.com\/wp-content\/uploads\/2022\/01\/257971292_10227911973687517_1577639150154140481_n-300x300.jpg\" alt=\"257971292_10227911973687517_1577639150154140481_n\" \/><\/figure><\/div>\t\t\t<\/div>\n\t\t\t\t\t\t\t\t\t\t\t\t<div class=\"elementor-swiper-button elementor-swiper-button-prev\" role=\"button\" tabindex=\"0\">\n\t\t\t\t\t\t<i aria-hidden=\"true\" class=\"eicon-chevron-left\"><\/i>\t\t\t\t\t<\/div>\n\t\t\t\t\t<div class=\"elementor-swiper-button elementor-swiper-button-next\" role=\"button\" tabindex=\"0\">\n\t\t\t\t\t\t<i aria-hidden=\"true\" class=\"eicon-chevron-right\"><\/i>\t\t\t\t\t<\/div>\n\t\t\t\t\n\t\t\t\t\t\t\t\t\t<div class=\"swiper-pagination\"><\/div>\n\t\t\t\t\t\t\t\t\t<\/div>\n\t\t\t\t\t\t<\/div>\n\t\t\t\t<\/div>\n\t\t\t\t\t<\/div>\n\t\t<\/div>\n\t\t\t\t\t<\/div>\n\t\t<\/section>\n\t\t\t\t<\/div>\n\t\t","protected":false},"excerpt":{"rendered":"<p>La Asamblea Genereal de la Compa\u00f1\u00eda de las HIjas de la Caridad de San Vicente de Pa\u00fal, estuvo presidida por nuestros Superiores Generales, y la participaci\u00f3n de las Visitadoras y delegadas. ASAMBLEA GENERAL DE LAS HIJAS DE LA CARIDAD &#8211; PARIS Aprende m\u00e1s La Asamblea General, es un tiempo de gracia, el KAIROS que permite [&hellip;]<\/p>\n","protected":false},"author":1,"featured_media":12773,"comment_status":"open","ping_status":"open","sticky":false,"template":"elementor_header_footer","format":"standard","meta":{"ocean_post_layout":"full-screen","ocean_both_sidebars_style":"","ocean_both_sidebars_content_width":0,"ocean_both_sidebars_sidebars_width":0,"ocean_sidebar":"0","ocean_second_sidebar":"0","ocean_disable_margins":"enable","ocean_add_body_class":"","ocean_shortcode_before_top_bar":"","ocean_shortcode_after_top_bar":"","ocean_shortcode_before_header":"","ocean_shortcode_after_header":"","ocean_has_shortcode":"","ocean_shortcode_after_title":"","ocean_shortcode_before_footer_widgets":"","ocean_shortcode_after_footer_widgets":"","ocean_shortcode_before_footer_bottom":"","ocean_shortcode_after_footer_bottom":"","ocean_display_top_bar":"off","ocean_display_header":"default","ocean_header_style":"transparent","ocean_center_header_left_menu":"0","ocean_custom_header_template":"0","ocean_custom_logo":0,"ocean_custom_retina_logo":0,"ocean_custom_logo_max_width":0,"ocean_custom_logo_tablet_max_width":0,"ocean_custom_logo_mobile_max_width":0,"ocean_custom_logo_max_height":0,"ocean_custom_logo_tablet_max_height":0,"ocean_custom_logo_mobile_max_height":0,"ocean_header_custom_menu":"0","ocean_menu_typo_font_family":"0","ocean_menu_typo_font_subset":"","ocean_menu_typo_font_size":0,"ocean_menu_typo_font_size_tablet":0,"ocean_menu_typo_font_size_mobile":0,"ocean_menu_typo_font_size_unit":"px","ocean_menu_typo_font_weight":"","ocean_menu_typo_font_weight_tablet":"","ocean_menu_typo_font_weight_mobile":"","ocean_menu_typo_transform":"","ocean_menu_typo_transform_tablet":"","ocean_menu_typo_transform_mobile":"","ocean_menu_typo_line_height":0,"ocean_menu_typo_line_height_tablet":0,"ocean_menu_typo_line_height_mobile":0,"ocean_menu_typo_line_height_unit":"","ocean_menu_typo_spacing":0,"ocean_menu_typo_spacing_tablet":0,"ocean_menu_typo_spacing_mobile":0,"ocean_menu_typo_spacing_unit":"","ocean_menu_link_color":"","ocean_menu_link_color_hover":"","ocean_menu_link_color_active":"","ocean_menu_link_background":"","ocean_menu_link_hover_background":"","ocean_menu_link_active_background":"","ocean_menu_social_links_bg":"","ocean_menu_social_hover_links_bg":"","ocean_menu_social_links_color":"","ocean_menu_social_hover_links_color":"","ocean_disable_title":"on","ocean_disable_heading":"default","ocean_post_title":"","ocean_post_subheading":"","ocean_post_title_style":"","ocean_post_title_background_color":"","ocean_post_title_background":0,"ocean_post_title_bg_image_position":"","ocean_post_title_bg_image_attachment":"","ocean_post_title_bg_image_repeat":"","ocean_post_title_bg_image_size":"","ocean_post_title_height":0,"ocean_post_title_bg_overlay":0.5,"ocean_post_title_bg_overlay_color":"","ocean_disable_breadcrumbs":"default","ocean_breadcrumbs_color":"","ocean_breadcrumbs_separator_color":"","ocean_breadcrumbs_links_color":"","ocean_breadcrumbs_links_hover_color":"","ocean_display_footer_widgets":"default","ocean_display_footer_bottom":"default","ocean_custom_footer_template":"0","ocean_post_oembed":"","ocean_post_self_hosted_media":"","ocean_post_video_embed":"","ocean_link_format":"","ocean_link_format_target":"self","ocean_quote_format":"","ocean_quote_format_link":"post","ocean_gallery_link_images":"off","ocean_gallery_id":[],"footnotes":""},"categories":[351],"tags":[],"post_folder":[352],"class_list":["post-12785","post","type-post","status-publish","format-standard","has-post-thumbnail","hentry","category-noticias-comunidad","entry","has-media"],"yoast_head":"<!-- This site is optimized with the Yoast SEO plugin v25.6 - https:\/\/yoast.com\/wordpress\/plugins\/seo\/ -->\n<title>ASAMBLEA GENERAL DE LAS HIJAS DE LA CARIDAD - PARIS - Compa\u00f1\u00eda HDLC Ecuador<\/title>\n<meta name=\"robots\" content=\"index, follow, max-snippet:-1, max-image-preview:large, max-video-preview:-1\" \/>\n<link rel=\"canonical\" href=\"https:\/\/hdlcecuador.com\/index.php\/2022\/01\/27\/asamblea-general-de-las-hijas-de-la-caridad-paris\/\" \/>\n<meta property=\"og:locale\" content=\"es_ES\" \/>\n<meta property=\"og:type\" content=\"article\" \/>\n<meta property=\"og:title\" content=\"ASAMBLEA GENERAL DE LAS HIJAS DE LA CARIDAD - PARIS - Compa\u00f1\u00eda HDLC Ecuador\" \/>\n<meta property=\"og:description\" content=\"La Asamblea Genereal de la Compa\u00f1\u00eda de las HIjas de la Caridad de San Vicente de Pa\u00fal, estuvo presidida por nuestros Superiores Generales, y la participaci\u00f3n de las Visitadoras y delegadas. ASAMBLEA GENERAL DE LAS HIJAS DE LA CARIDAD &#8211; PARIS Aprende m\u00e1s La Asamblea General, es un tiempo de gracia, el KAIROS que permite [&hellip;]\" \/>\n<meta property=\"og:url\" content=\"https:\/\/hdlcecuador.com\/index.php\/2022\/01\/27\/asamblea-general-de-las-hijas-de-la-caridad-paris\/\" \/>\n<meta property=\"og:site_name\" content=\"Compa\u00f1\u00eda HDLC Ecuador\" \/>\n<meta property=\"article:published_time\" content=\"2022-01-27T20:27:06+00:00\" \/>\n<meta property=\"article:modified_time\" content=\"2022-01-27T21:00:56+00:00\" \/>\n<meta property=\"og:image\" content=\"https:\/\/hdlcecuador.com\/wp-content\/uploads\/2022\/01\/Asambl.-Gen.-1.jpg\" \/>\n\t<meta property=\"og:image:width\" content=\"2560\" \/>\n\t<meta property=\"og:image:height\" content=\"1702\" \/>\n\t<meta property=\"og:image:type\" content=\"image\/jpeg\" \/>\n<meta name=\"author\" content=\"administrador\" \/>\n<meta name=\"twitter:card\" content=\"summary_large_image\" \/>\n<meta name=\"twitter:label1\" content=\"Escrito por\" \/>\n\t<meta name=\"twitter:data1\" content=\"administrador\" \/>\n\t<meta name=\"twitter:label2\" content=\"Tiempo de lectura\" \/>\n\t<meta name=\"twitter:data2\" content=\"1 minuto\" \/>\n<script type=\"application\/ld+json\" class=\"yoast-schema-graph\">{\"@context\":\"https:\/\/schema.org\",\"@graph\":[{\"@type\":\"Article\",\"@id\":\"https:\/\/hdlcecuador.com\/index.php\/2022\/01\/27\/asamblea-general-de-las-hijas-de-la-caridad-paris\/#article\",\"isPartOf\":{\"@id\":\"https:\/\/hdlcecuador.com\/index.php\/2022\/01\/27\/asamblea-general-de-las-hijas-de-la-caridad-paris\/\"},\"author\":{\"name\":\"administrador\",\"@id\":\"https:\/\/hdlcecuador.com\/#\/schema\/person\/88e13c2d15509f9620a744e935829dab\"},\"headline\":\"ASAMBLEA GENERAL DE LAS HIJAS DE LA CARIDAD &#8211; PARIS\",\"datePublished\":\"2022-01-27T20:27:06+00:00\",\"dateModified\":\"2022-01-27T21:00:56+00:00\",\"mainEntityOfPage\":{\"@id\":\"https:\/\/hdlcecuador.com\/index.php\/2022\/01\/27\/asamblea-general-de-las-hijas-de-la-caridad-paris\/\"},\"wordCount\":257,\"commentCount\":0,\"publisher\":{\"@id\":\"https:\/\/hdlcecuador.com\/#organization\"},\"image\":{\"@id\":\"https:\/\/hdlcecuador.com\/index.php\/2022\/01\/27\/asamblea-general-de-las-hijas-de-la-caridad-paris\/#primaryimage\"},\"thumbnailUrl\":\"https:\/\/hdlcecuador.com\/wp-content\/uploads\/2022\/01\/Asambl.-Gen.-1.jpg\",\"articleSection\":[\"Noticias Comunidad\"],\"inLanguage\":\"es\",\"potentialAction\":[{\"@type\":\"CommentAction\",\"name\":\"Comment\",\"target\":[\"https:\/\/hdlcecuador.com\/index.php\/2022\/01\/27\/asamblea-general-de-las-hijas-de-la-caridad-paris\/#respond\"]}]},{\"@type\":\"WebPage\",\"@id\":\"https:\/\/hdlcecuador.com\/index.php\/2022\/01\/27\/asamblea-general-de-las-hijas-de-la-caridad-paris\/\",\"url\":\"https:\/\/hdlcecuador.com\/index.php\/2022\/01\/27\/asamblea-general-de-las-hijas-de-la-caridad-paris\/\",\"name\":\"ASAMBLEA GENERAL DE LAS HIJAS DE LA CARIDAD - PARIS - Compa\u00f1\u00eda HDLC Ecuador\",\"isPartOf\":{\"@id\":\"https:\/\/hdlcecuador.com\/#website\"},\"primaryImageOfPage\":{\"@id\":\"https:\/\/hdlcecuador.com\/index.php\/2022\/01\/27\/asamblea-general-de-las-hijas-de-la-caridad-paris\/#primaryimage\"},\"image\":{\"@id\":\"https:\/\/hdlcecuador.com\/index.php\/2022\/01\/27\/asamblea-general-de-las-hijas-de-la-caridad-paris\/#primaryimage\"},\"thumbnailUrl\":\"https:\/\/hdlcecuador.com\/wp-content\/uploads\/2022\/01\/Asambl.-Gen.-1.jpg\",\"datePublished\":\"2022-01-27T20:27:06+00:00\",\"dateModified\":\"2022-01-27T21:00:56+00:00\",\"breadcrumb\":{\"@id\":\"https:\/\/hdlcecuador.com\/index.php\/2022\/01\/27\/asamblea-general-de-las-hijas-de-la-caridad-paris\/#breadcrumb\"},\"inLanguage\":\"es\",\"potentialAction\":[{\"@type\":\"ReadAction\",\"target\":[\"https:\/\/hdlcecuador.com\/index.php\/2022\/01\/27\/asamblea-general-de-las-hijas-de-la-caridad-paris\/\"]}]},{\"@type\":\"ImageObject\",\"inLanguage\":\"es\",\"@id\":\"https:\/\/hdlcecuador.com\/index.php\/2022\/01\/27\/asamblea-general-de-las-hijas-de-la-caridad-paris\/#primaryimage\",\"url\":\"https:\/\/hdlcecuador.com\/wp-content\/uploads\/2022\/01\/Asambl.-Gen.-1.jpg\",\"contentUrl\":\"https:\/\/hdlcecuador.com\/wp-content\/uploads\/2022\/01\/Asambl.-Gen.-1.jpg\",\"width\":2560,\"height\":1702},{\"@type\":\"BreadcrumbList\",\"@id\":\"https:\/\/hdlcecuador.com\/index.php\/2022\/01\/27\/asamblea-general-de-las-hijas-de-la-caridad-paris\/#breadcrumb\",\"itemListElement\":[{\"@type\":\"ListItem\",\"position\":1,\"name\":\"Portada\",\"item\":\"https:\/\/hdlcecuador.com\/\"},{\"@type\":\"ListItem\",\"position\":2,\"name\":\"ASAMBLEA GENERAL DE LAS HIJAS DE LA CARIDAD &#8211; PARIS\"}]},{\"@type\":\"WebSite\",\"@id\":\"https:\/\/hdlcecuador.com\/#website\",\"url\":\"https:\/\/hdlcecuador.com\/\",\"name\":\"Compa\u00f1\u00eda HDLC Ecuador\",\"description\":\"Sitio Web Oficial de las Compa\u00f1ia de las Hijas de la Caridad en Ecuador\",\"publisher\":{\"@id\":\"https:\/\/hdlcecuador.com\/#organization\"},\"potentialAction\":[{\"@type\":\"SearchAction\",\"target\":{\"@type\":\"EntryPoint\",\"urlTemplate\":\"https:\/\/hdlcecuador.com\/?s={search_term_string}\"},\"query-input\":{\"@type\":\"PropertyValueSpecification\",\"valueRequired\":true,\"valueName\":\"search_term_string\"}}],\"inLanguage\":\"es\"},{\"@type\":\"Organization\",\"@id\":\"https:\/\/hdlcecuador.com\/#organization\",\"name\":\"Compa\u00f1\u00eda HDLC Ecuador\",\"url\":\"https:\/\/hdlcecuador.com\/\",\"logo\":{\"@type\":\"ImageObject\",\"inLanguage\":\"es\",\"@id\":\"https:\/\/hdlcecuador.com\/#\/schema\/logo\/image\/\",\"url\":\"https:\/\/hdlcecuador.com\/wp-content\/uploads\/2021\/03\/cropped-logo-2-oficial-hor.-dere.png\",\"contentUrl\":\"https:\/\/hdlcecuador.com\/wp-content\/uploads\/2021\/03\/cropped-logo-2-oficial-hor.-dere.png\",\"width\":1800,\"height\":980,\"caption\":\"Compa\u00f1\u00eda HDLC Ecuador\"},\"image\":{\"@id\":\"https:\/\/hdlcecuador.com\/#\/schema\/logo\/image\/\"}},{\"@type\":\"Person\",\"@id\":\"https:\/\/hdlcecuador.com\/#\/schema\/person\/88e13c2d15509f9620a744e935829dab\",\"name\":\"administrador\",\"image\":{\"@type\":\"ImageObject\",\"inLanguage\":\"es\",\"@id\":\"https:\/\/hdlcecuador.com\/#\/schema\/person\/image\/\",\"url\":\"https:\/\/secure.gravatar.com\/avatar\/64ac484ddbbff6a120df480c03610bb6?s=96&d=mm&r=g\",\"contentUrl\":\"https:\/\/secure.gravatar.com\/avatar\/64ac484ddbbff6a120df480c03610bb6?s=96&d=mm&r=g\",\"caption\":\"administrador\"},\"sameAs\":[\"https:\/\/hdlcecuador.com\"],\"url\":\"https:\/\/hdlcecuador.com\/index.php\/author\/administrador\/\"}]}<\/script>\n<!-- \/ Yoast SEO plugin. -->","yoast_head_json":{"title":"ASAMBLEA GENERAL DE LAS HIJAS DE LA CARIDAD - PARIS - Compa\u00f1\u00eda HDLC Ecuador","robots":{"index":"index","follow":"follow","max-snippet":"max-snippet:-1","max-image-preview":"max-image-preview:large","max-video-preview":"max-video-preview:-1"},"canonical":"https:\/\/hdlcecuador.com\/index.php\/2022\/01\/27\/asamblea-general-de-las-hijas-de-la-caridad-paris\/","og_locale":"es_ES","og_type":"article","og_title":"ASAMBLEA GENERAL DE LAS HIJAS DE LA CARIDAD - PARIS - Compa\u00f1\u00eda HDLC Ecuador","og_description":"La Asamblea Genereal de la Compa\u00f1\u00eda de las HIjas de la Caridad de San Vicente de Pa\u00fal, estuvo presidida por nuestros Superiores Generales, y la participaci\u00f3n de las Visitadoras y delegadas. ASAMBLEA GENERAL DE LAS HIJAS DE LA CARIDAD &#8211; PARIS Aprende m\u00e1s La Asamblea General, es un tiempo de gracia, el KAIROS que permite [&hellip;]","og_url":"https:\/\/hdlcecuador.com\/index.php\/2022\/01\/27\/asamblea-general-de-las-hijas-de-la-caridad-paris\/","og_site_name":"Compa\u00f1\u00eda HDLC Ecuador","article_published_time":"2022-01-27T20:27:06+00:00","article_modified_time":"2022-01-27T21:00:56+00:00","og_image":[{"width":2560,"height":1702,"url":"https:\/\/hdlcecuador.com\/wp-content\/uploads\/2022\/01\/Asambl.-Gen.-1.jpg","type":"image\/jpeg"}],"author":"administrador","twitter_card":"summary_large_image","twitter_misc":{"Escrito por":"administrador","Tiempo de lectura":"1 minuto"},"schema":{"@context":"https:\/\/schema.org","@graph":[{"@type":"Article","@id":"https:\/\/hdlcecuador.com\/index.php\/2022\/01\/27\/asamblea-general-de-las-hijas-de-la-caridad-paris\/#article","isPartOf":{"@id":"https:\/\/hdlcecuador.com\/index.php\/2022\/01\/27\/asamblea-general-de-las-hijas-de-la-caridad-paris\/"},"author":{"name":"administrador","@id":"https:\/\/hdlcecuador.com\/#\/schema\/person\/88e13c2d15509f9620a744e935829dab"},"headline":"ASAMBLEA GENERAL DE LAS HIJAS DE LA CARIDAD &#8211; PARIS","datePublished":"2022-01-27T20:27:06+00:00","dateModified":"2022-01-27T21:00:56+00:00","mainEntityOfPage":{"@id":"https:\/\/hdlcecuador.com\/index.php\/2022\/01\/27\/asamblea-general-de-las-hijas-de-la-caridad-paris\/"},"wordCount":257,"commentCount":0,"publisher":{"@id":"https:\/\/hdlcecuador.com\/#organization"},"image":{"@id":"https:\/\/hdlcecuador.com\/index.php\/2022\/01\/27\/asamblea-general-de-las-hijas-de-la-caridad-paris\/#primaryimage"},"thumbnailUrl":"https:\/\/hdlcecuador.com\/wp-content\/uploads\/2022\/01\/Asambl.-Gen.-1.jpg","articleSection":["Noticias Comunidad"],"inLanguage":"es","potentialAction":[{"@type":"CommentAction","name":"Comment","target":["https:\/\/hdlcecuador.com\/index.php\/2022\/01\/27\/asamblea-general-de-las-hijas-de-la-caridad-paris\/#respond"]}]},{"@type":"WebPage","@id":"https:\/\/hdlcecuador.com\/index.php\/2022\/01\/27\/asamblea-general-de-las-hijas-de-la-caridad-paris\/","url":"https:\/\/hdlcecuador.com\/index.php\/2022\/01\/27\/asamblea-general-de-las-hijas-de-la-caridad-paris\/","name":"ASAMBLEA GENERAL DE LAS HIJAS DE LA CARIDAD - PARIS - Compa\u00f1\u00eda HDLC Ecuador","isPartOf":{"@id":"https:\/\/hdlcecuador.com\/#website"},"primaryImageOfPage":{"@id":"https:\/\/hdlcecuador.com\/index.php\/2022\/01\/27\/asamblea-general-de-las-hijas-de-la-caridad-paris\/#primaryimage"},"image":{"@id":"https:\/\/hdlcecuador.com\/index.php\/2022\/01\/27\/asamblea-general-de-las-hijas-de-la-caridad-paris\/#primaryimage"},"thumbnailUrl":"https:\/\/hdlcecuador.com\/wp-content\/uploads\/2022\/01\/Asambl.-Gen.-1.jpg","datePublished":"2022-01-27T20:27:06+00:00","dateModified":"2022-01-27T21:00:56+00:00","breadcrumb":{"@id":"https:\/\/hdlcecuador.com\/index.php\/2022\/01\/27\/asamblea-general-de-las-hijas-de-la-caridad-paris\/#breadcrumb"},"inLanguage":"es","potentialAction":[{"@type":"ReadAction","target":["https:\/\/hdlcecuador.com\/index.php\/2022\/01\/27\/asamblea-general-de-las-hijas-de-la-caridad-paris\/"]}]},{"@type":"ImageObject","inLanguage":"es","@id":"https:\/\/hdlcecuador.com\/index.php\/2022\/01\/27\/asamblea-general-de-las-hijas-de-la-caridad-paris\/#primaryimage","url":"https:\/\/hdlcecuador.com\/wp-content\/uploads\/2022\/01\/Asambl.-Gen.-1.jpg","contentUrl":"https:\/\/hdlcecuador.com\/wp-content\/uploads\/2022\/01\/Asambl.-Gen.-1.jpg","width":2560,"height":1702},{"@type":"BreadcrumbList","@id":"https:\/\/hdlcecuador.com\/index.php\/2022\/01\/27\/asamblea-general-de-las-hijas-de-la-caridad-paris\/#breadcrumb","itemListElement":[{"@type":"ListItem","position":1,"name":"Portada","item":"https:\/\/hdlcecuador.com\/"},{"@type":"ListItem","position":2,"name":"ASAMBLEA GENERAL DE LAS HIJAS DE LA CARIDAD &#8211; PARIS"}]},{"@type":"WebSite","@id":"https:\/\/hdlcecuador.com\/#website","url":"https:\/\/hdlcecuador.com\/","name":"Compa\u00f1\u00eda HDLC Ecuador","description":"Sitio Web Oficial de las Compa\u00f1ia de las Hijas de la Caridad en Ecuador","publisher":{"@id":"https:\/\/hdlcecuador.com\/#organization"},"potentialAction":[{"@type":"SearchAction","target":{"@type":"EntryPoint","urlTemplate":"https:\/\/hdlcecuador.com\/?s={search_term_string}"},"query-input":{"@type":"PropertyValueSpecification","valueRequired":true,"valueName":"search_term_string"}}],"inLanguage":"es"},{"@type":"Organization","@id":"https:\/\/hdlcecuador.com\/#organization","name":"Compa\u00f1\u00eda HDLC Ecuador","url":"https:\/\/hdlcecuador.com\/","logo":{"@type":"ImageObject","inLanguage":"es","@id":"https:\/\/hdlcecuador.com\/#\/schema\/logo\/image\/","url":"https:\/\/hdlcecuador.com\/wp-content\/uploads\/2021\/03\/cropped-logo-2-oficial-hor.-dere.png","contentUrl":"https:\/\/hdlcecuador.com\/wp-content\/uploads\/2021\/03\/cropped-logo-2-oficial-hor.-dere.png","width":1800,"height":980,"caption":"Compa\u00f1\u00eda HDLC Ecuador"},"image":{"@id":"https:\/\/hdlcecuador.com\/#\/schema\/logo\/image\/"}},{"@type":"Person","@id":"https:\/\/hdlcecuador.com\/#\/schema\/person\/88e13c2d15509f9620a744e935829dab","name":"administrador","image":{"@type":"ImageObject","inLanguage":"es","@id":"https:\/\/hdlcecuador.com\/#\/schema\/person\/image\/","url":"https:\/\/secure.gravatar.com\/avatar\/64ac484ddbbff6a120df480c03610bb6?s=96&d=mm&r=g","contentUrl":"https:\/\/secure.gravatar.com\/avatar\/64ac484ddbbff6a120df480c03610bb6?s=96&d=mm&r=g","caption":"administrador"},"sameAs":["https:\/\/hdlcecuador.com"],"url":"https:\/\/hdlcecuador.com\/index.php\/author\/administrador\/"}]}},"rttpg_featured_image_url":{"full":["https:\/\/hdlcecuador.com\/wp-content\/uploads\/2022\/01\/Asambl.-Gen.-1.jpg",2560,1702,false],"landscape":["https:\/\/hdlcecuador.com\/wp-content\/uploads\/2022\/01\/Asambl.-Gen.-1.jpg",2560,1702,false],"portraits":["https:\/\/hdlcecuador.com\/wp-content\/uploads\/2022\/01\/Asambl.-Gen.-1.jpg",2560,1702,false],"thumbnail":["https:\/\/hdlcecuador.com\/wp-content\/uploads\/2022\/01\/Asambl.-Gen.-1-150x150.jpg",150,150,true],"medium":["https:\/\/hdlcecuador.com\/wp-content\/uploads\/2022\/01\/Asambl.-Gen.-1-300x199.jpg",300,199,true],"large":["https:\/\/hdlcecuador.com\/wp-content\/uploads\/2022\/01\/Asambl.-Gen.-1-1024x681.jpg",1024,681,true],"thumblist":["https:\/\/hdlcecuador.com\/wp-content\/uploads\/2022\/01\/Asambl.-Gen.-1-300x300.jpg",300,300,true],"meccarouselthumb":["https:\/\/hdlcecuador.com\/wp-content\/uploads\/2022\/01\/Asambl.-Gen.-1-474x324.jpg",474,324,true],"gridsquare":["https:\/\/hdlcecuador.com\/wp-content\/uploads\/2022\/01\/Asambl.-Gen.-1-391x260.jpg",391,260,true],"tileview":["https:\/\/hdlcecuador.com\/wp-content\/uploads\/2022\/01\/Asambl.-Gen.-1-300x400.jpg",300,400,true],"1536x1536":["https:\/\/hdlcecuador.com\/wp-content\/uploads\/2022\/01\/Asambl.-Gen.-1-1536x1021.jpg",1536,1021,true],"2048x2048":["https:\/\/hdlcecuador.com\/wp-content\/uploads\/2022\/01\/Asambl.-Gen.-1-2048x1362.jpg",2048,1362,true],"ocean-thumb-m":["https:\/\/hdlcecuador.com\/wp-content\/uploads\/2022\/01\/Asambl.-Gen.-1.jpg",600,399,false],"ocean-thumb-ml":["https:\/\/hdlcecuador.com\/wp-content\/uploads\/2022\/01\/Asambl.-Gen.-1.jpg",677,450,false],"ocean-thumb-l":["https:\/\/hdlcecuador.com\/wp-content\/uploads\/2022\/01\/Asambl.-Gen.-1.jpg",1053,700,false]},"rttpg_author":{"display_name":"administrador","author_link":"https:\/\/hdlcecuador.com\/index.php\/author\/administrador\/"},"rttpg_comment":0,"rttpg_category":"<a href=\"https:\/\/hdlcecuador.com\/index.php\/category\/noticias-hdlc\/noticias-comunidad\/\" rel=\"category tag\">Noticias Comunidad<\/a>","rttpg_excerpt":"La Asamblea Genereal de la Compa\u00f1\u00eda de las HIjas de la Caridad de San Vicente de Pa\u00fal, estuvo presidida por nuestros Superiores Generales, y la participaci\u00f3n de las Visitadoras y delegadas. ASAMBLEA GENERAL DE LAS HIJAS DE LA CARIDAD &#8211; PARIS Aprende m\u00e1s La Asamblea General, es un tiempo de gracia, el KAIROS que permite&hellip;","_links":{"self":[{"href":"https:\/\/hdlcecuador.com\/index.php\/wp-json\/wp\/v2\/posts\/12785"}],"collection":[{"href":"https:\/\/hdlcecuador.com\/index.php\/wp-json\/wp\/v2\/posts"}],"about":[{"href":"https:\/\/hdlcecuador.com\/index.php\/wp-json\/wp\/v2\/types\/post"}],"author":[{"embeddable":true,"href":"https:\/\/hdlcecuador.com\/index.php\/wp-json\/wp\/v2\/users\/1"}],"replies":[{"embeddable":true,"href":"https:\/\/hdlcecuador.com\/index.php\/wp-json\/wp\/v2\/comments?post=12785"}],"version-history":[{"count":13,"href":"https:\/\/hdlcecuador.com\/index.php\/wp-json\/wp\/v2\/posts\/12785\/revisions"}],"predecessor-version":[{"id":12800,"href":"https:\/\/hdlcecuador.com\/index.php\/wp-json\/wp\/v2\/posts\/12785\/revisions\/12800"}],"wp:featuredmedia":[{"embeddable":true,"href":"https:\/\/hdlcecuador.com\/index.php\/wp-json\/wp\/v2\/media\/12773"}],"wp:attachment":[{"href":"https:\/\/hdlcecuador.com\/index.php\/wp-json\/wp\/v2\/media?parent=12785"}],"wp:term":[{"taxonomy":"category","embeddable":true,"href":"https:\/\/hdlcecuador.com\/index.php\/wp-json\/wp\/v2\/categories?post=12785"},{"taxonomy":"post_tag","embeddable":true,"href":"https:\/\/hdlcecuador.com\/index.php\/wp-json\/wp\/v2\/tags?post=12785"},{"taxonomy":"post_folder","embeddable":true,"href":"https:\/\/hdlcecuador.com\/index.php\/wp-json\/wp\/v2\/post_folder?post=12785"}],"curies":[{"name":"wp","href":"https:\/\/api.w.org\/{rel}","templated":true}]}}