{"id":13047,"date":"2022-03-21T19:30:37","date_gmt":"2022-03-21T19:30:37","guid":{"rendered":"https:\/\/hdlcecuador.com\/?p=13047"},"modified":"2022-03-21T20:44:49","modified_gmt":"2022-03-21T20:44:49","slug":"noche-de-reconciliacion","status":"publish","type":"post","link":"https:\/\/hdlcecuador.com\/index.php\/2022\/03\/21\/noche-de-reconciliacion\/","title":{"rendered":"NOCHE DE RECONCILIACI\u00d3N"},"content":{"rendered":"\t\t<div data-elementor-type=\"wp-post\" data-elementor-id=\"13047\" class=\"elementor elementor-13047\">\n\t\t\t\t\t\t<section class=\"elementor-section elementor-top-section elementor-element elementor-element-00dd5f3 elementor-section-items-top elementor-section-height-min-height elementor-section-boxed elementor-section-height-default\" data-id=\"00dd5f3\" data-element_type=\"section\" data-settings=\"{&quot;background_background&quot;:&quot;classic&quot;}\">\n\t\t\t\t\t\t<div class=\"elementor-container elementor-column-gap-default\">\n\t\t\t\t\t<div class=\"elementor-column elementor-col-33 elementor-top-column elementor-element elementor-element-6f2f6e0\" data-id=\"6f2f6e0\" data-element_type=\"column\">\n\t\t\t<div class=\"elementor-widget-wrap elementor-element-populated\">\n\t\t\t\t\t\t<div class=\"elementor-element elementor-element-0d21f4c elementor-widget-divider--view-line elementor-widget elementor-widget-divider\" data-id=\"0d21f4c\" data-element_type=\"widget\" data-widget_type=\"divider.default\">\n\t\t\t\t<div class=\"elementor-widget-container\">\n\t\t\t\t\t\t\t<div class=\"elementor-divider\">\n\t\t\t<span class=\"elementor-divider-separator\">\n\t\t\t\t\t\t<\/span>\n\t\t<\/div>\n\t\t\t\t\t\t<\/div>\n\t\t\t\t<\/div>\n\t\t\t\t<div class=\"elementor-element elementor-element-ae25f99 elementor-widget elementor-widget-image\" data-id=\"ae25f99\" data-element_type=\"widget\" data-widget_type=\"image.default\">\n\t\t\t\t<div class=\"elementor-widget-container\">\n\t\t\t\t\t\t\t\t\t\t\t\t\t\t\t<img decoding=\"async\" src=\"https:\/\/hdlcecuador.com\/wp-content\/uploads\/2021\/03\/logo-horizontal-derecha-1.png\" title=\"\" alt=\"\" loading=\"lazy\" \/>\t\t\t\t\t\t\t\t\t\t\t\t\t\t\t<\/div>\n\t\t\t\t<\/div>\n\t\t\t\t\t<\/div>\n\t\t<\/div>\n\t\t\t\t<div class=\"elementor-column elementor-col-33 elementor-top-column elementor-element elementor-element-e8fdbe9\" data-id=\"e8fdbe9\" data-element_type=\"column\">\n\t\t\t<div class=\"elementor-widget-wrap\">\n\t\t\t\t\t\t\t<\/div>\n\t\t<\/div>\n\t\t\t\t<div class=\"elementor-column elementor-col-33 elementor-top-column elementor-element elementor-element-ac08b5d\" data-id=\"ac08b5d\" data-element_type=\"column\">\n\t\t\t<div class=\"elementor-widget-wrap\">\n\t\t\t\t\t\t\t<\/div>\n\t\t<\/div>\n\t\t\t\t\t<\/div>\n\t\t<\/section>\n\t\t\t\t<section class=\"elementor-section elementor-top-section elementor-element elementor-element-53b04dc elementor-section-boxed elementor-section-height-default elementor-section-height-default\" data-id=\"53b04dc\" data-element_type=\"section\">\n\t\t\t\t\t\t<div class=\"elementor-container elementor-column-gap-no\">\n\t\t\t\t\t<div class=\"elementor-column elementor-col-50 elementor-top-column elementor-element elementor-element-3704ecf\" data-id=\"3704ecf\" data-element_type=\"column\" data-settings=\"{&quot;background_background&quot;:&quot;gradient&quot;}\">\n\t\t\t<div class=\"elementor-widget-wrap elementor-element-populated\">\n\t\t\t\t\t\t<div class=\"elementor-element elementor-element-5fc2307 elementor-widget elementor-widget-heading\" data-id=\"5fc2307\" data-element_type=\"widget\" data-widget_type=\"heading.default\">\n\t\t\t\t<div class=\"elementor-widget-container\">\n\t\t\t\t\t<h2 class=\"elementor-heading-title elementor-size-medium\"><a href=\"https:\/\/hdlcecuador.com\/wp-content\/uploads\/2021\/10\/CamScanner-10-15-2021-11.45.pdf\"><p class=\"MsoNormal\" style=\"text-align:justify\"><b><span style=\",serif\">NOCHE DE RECONCILIACION<\/span><\/b><\/p>\n\n<\/a><\/h2>\t\t\t\t<\/div>\n\t\t\t\t<\/div>\n\t\t\t\t<div class=\"elementor-element elementor-element-d814bf6 elementor-widget elementor-widget-image\" data-id=\"d814bf6\" data-element_type=\"widget\" data-widget_type=\"image.default\">\n\t\t\t\t<div class=\"elementor-widget-container\">\n\t\t\t\t\t\t\t\t\t\t\t\t\t\t\t<img fetchpriority=\"high\" decoding=\"async\" width=\"1024\" height=\"768\" src=\"https:\/\/hdlcecuador.com\/wp-content\/uploads\/2022\/03\/noche-de-reconciliacion-IMG_20220318_175203-2-1024x768.jpg\" class=\"attachment-large size-large wp-image-13032\" alt=\"\" srcset=\"https:\/\/hdlcecuador.com\/wp-content\/uploads\/2022\/03\/noche-de-reconciliacion-IMG_20220318_175203-2-1024x768.jpg 1024w, https:\/\/hdlcecuador.com\/wp-content\/uploads\/2022\/03\/noche-de-reconciliacion-IMG_20220318_175203-2-300x225.jpg 300w, https:\/\/hdlcecuador.com\/wp-content\/uploads\/2022\/03\/noche-de-reconciliacion-IMG_20220318_175203-2-768x576.jpg 768w, https:\/\/hdlcecuador.com\/wp-content\/uploads\/2022\/03\/noche-de-reconciliacion-IMG_20220318_175203-2-1536x1152.jpg 1536w, https:\/\/hdlcecuador.com\/wp-content\/uploads\/2022\/03\/noche-de-reconciliacion-IMG_20220318_175203-2-2048x1536.jpg 2048w\" sizes=\"(max-width: 1024px) 100vw, 1024px\" \/>\t\t\t\t\t\t\t\t\t\t\t\t\t\t\t<\/div>\n\t\t\t\t<\/div>\n\t\t\t\t\t<\/div>\n\t\t<\/div>\n\t\t\t\t<div class=\"elementor-column elementor-col-50 elementor-top-column elementor-element elementor-element-10625d2\" data-id=\"10625d2\" data-element_type=\"column\">\n\t\t\t<div class=\"elementor-widget-wrap elementor-element-populated\">\n\t\t\t\t\t\t<div class=\"elementor-element elementor-element-287f97c elementor-widget elementor-widget-image\" data-id=\"287f97c\" data-element_type=\"widget\" data-widget_type=\"image.default\">\n\t\t\t\t<div class=\"elementor-widget-container\">\n\t\t\t\t\t\t\t\t\t\t\t\t\t\t\t<img decoding=\"async\" width=\"1024\" height=\"768\" src=\"https:\/\/hdlcecuador.com\/wp-content\/uploads\/2022\/03\/noche-de-reconciliacion-IMG_20220318_175203-13-1024x768.jpg\" class=\"attachment-large size-large wp-image-13043\" alt=\"\" srcset=\"https:\/\/hdlcecuador.com\/wp-content\/uploads\/2022\/03\/noche-de-reconciliacion-IMG_20220318_175203-13-1024x768.jpg 1024w, https:\/\/hdlcecuador.com\/wp-content\/uploads\/2022\/03\/noche-de-reconciliacion-IMG_20220318_175203-13-300x225.jpg 300w, https:\/\/hdlcecuador.com\/wp-content\/uploads\/2022\/03\/noche-de-reconciliacion-IMG_20220318_175203-13-768x576.jpg 768w, https:\/\/hdlcecuador.com\/wp-content\/uploads\/2022\/03\/noche-de-reconciliacion-IMG_20220318_175203-13-1536x1152.jpg 1536w, https:\/\/hdlcecuador.com\/wp-content\/uploads\/2022\/03\/noche-de-reconciliacion-IMG_20220318_175203-13-2048x1536.jpg 2048w\" sizes=\"(max-width: 1024px) 100vw, 1024px\" \/>\t\t\t\t\t\t\t\t\t\t\t\t\t\t\t<\/div>\n\t\t\t\t<\/div>\n\t\t\t\t<div class=\"elementor-element elementor-element-6a4adea elementor-widget elementor-widget-heading\" data-id=\"6a4adea\" data-element_type=\"widget\" data-widget_type=\"heading.default\">\n\t\t\t\t<div class=\"elementor-widget-container\">\n\t\t\t\t\t<h3 class=\"elementor-heading-title elementor-size-large\">\n\n<\/h3>\t\t\t\t<\/div>\n\t\t\t\t<\/div>\n\t\t\t\t<div class=\"elementor-element elementor-element-f636f36 elementor-widget elementor-widget-heading\" data-id=\"f636f36\" data-element_type=\"widget\" data-widget_type=\"heading.default\">\n\t\t\t\t<div class=\"elementor-widget-container\">\n\t\t\t\t\t<h2 class=\"elementor-heading-title elementor-size-medium\">Previa la pronunciaci\u00f3n de sus Primeros Votos, las Hermanas, viven su momento de reconciliaci\u00f3n.<\/h2>\t\t\t\t<\/div>\n\t\t\t\t<\/div>\n\t\t\t\t<div class=\"elementor-element elementor-element-053981f elementor-align-left elementor-mobile-align-center elementor-widget elementor-widget-button\" data-id=\"053981f\" data-element_type=\"widget\" data-widget_type=\"button.default\">\n\t\t\t\t<div class=\"elementor-widget-container\">\n\t\t\t\t\t\t\t\t\t<div class=\"elementor-button-wrapper\">\n\t\t\t\t\t<a class=\"elementor-button elementor-size-sm\" role=\"button\">\n\t\t\t\t\t\t<span class=\"elementor-button-content-wrapper\">\n\t\t\t\t\t\t\t\t\t<span class=\"elementor-button-text\">Aprende m\u00e1s<\/span>\n\t\t\t\t\t<\/span>\n\t\t\t\t\t<\/a>\n\t\t\t\t<\/div>\n\t\t\t\t\t\t\t\t<\/div>\n\t\t\t\t<\/div>\n\t\t\t\t\t<\/div>\n\t\t<\/div>\n\t\t\t\t\t<\/div>\n\t\t<\/section>\n\t\t\t\t<section class=\"elementor-section elementor-top-section elementor-element elementor-element-7c08cee elementor-section-height-min-height elementor-section-boxed elementor-section-height-default elementor-section-items-middle\" data-id=\"7c08cee\" data-element_type=\"section\" data-settings=\"{&quot;background_background&quot;:&quot;video&quot;,&quot;background_video_link&quot;:&quot;https:\\\/\\\/www.youtube.com\\\/watch?v=1MHQz_oNJY0&quot;,&quot;background_video_start&quot;:30}\">\n\t\t\t\t\t\t\t\t<div class=\"elementor-background-video-container elementor-hidden-mobile\">\n\t\t\t\t\t\t\t\t\t\t\t\t\t<div class=\"elementor-background-video-embed\"><\/div>\n\t\t\t\t\t\t\t\t\t\t\t\t<\/div>\n\t\t\t\t\t\t\t\t\t<div class=\"elementor-background-overlay\"><\/div>\n\t\t\t\t\t\t\t<div class=\"elementor-container elementor-column-gap-default\">\n\t\t\t\t\t<div class=\"elementor-column elementor-col-100 elementor-top-column elementor-element elementor-element-d3103f4\" data-id=\"d3103f4\" data-element_type=\"column\">\n\t\t\t<div class=\"elementor-widget-wrap elementor-element-populated\">\n\t\t\t\t\t\t<section class=\"elementor-section elementor-inner-section elementor-element elementor-element-d29f26f elementor-section-boxed elementor-section-height-default elementor-section-height-default\" data-id=\"d29f26f\" data-element_type=\"section\">\n\t\t\t\t\t\t<div class=\"elementor-container elementor-column-gap-default\">\n\t\t\t\t\t<div class=\"elementor-column elementor-col-50 elementor-inner-column elementor-element elementor-element-a0c4734\" data-id=\"a0c4734\" data-element_type=\"column\" data-settings=\"{&quot;background_background&quot;:&quot;classic&quot;}\">\n\t\t\t<div class=\"elementor-widget-wrap\">\n\t\t\t\t\t\t\t<\/div>\n\t\t<\/div>\n\t\t\t\t<div class=\"elementor-column elementor-col-50 elementor-inner-column elementor-element elementor-element-ed40273\" data-id=\"ed40273\" data-element_type=\"column\">\n\t\t\t<div class=\"elementor-widget-wrap\">\n\t\t\t\t\t\t\t<\/div>\n\t\t<\/div>\n\t\t\t\t\t<\/div>\n\t\t<\/section>\n\t\t\t\t\t<\/div>\n\t\t<\/div>\n\t\t\t\t\t<\/div>\n\t\t<\/section>\n\t\t\t\t<section class=\"elementor-section elementor-top-section elementor-element elementor-element-89c588c elementor-section-content-middle elementor-section-full_width elementor-reverse-mobile elementor-section-height-default elementor-section-height-default\" data-id=\"89c588c\" data-element_type=\"section\" data-settings=\"{&quot;background_background&quot;:&quot;none&quot;}\">\n\t\t\t\t\t\t<div class=\"elementor-container elementor-column-gap-no\">\n\t\t\t\t\t<div class=\"elementor-column elementor-col-50 elementor-top-column elementor-element elementor-element-3cb3f36\" data-id=\"3cb3f36\" data-element_type=\"column\" data-settings=\"{&quot;background_background&quot;:&quot;gradient&quot;}\">\n\t\t\t<div class=\"elementor-widget-wrap elementor-element-populated\">\n\t\t\t\t\t\t<div class=\"elementor-element elementor-element-eccc7cb elementor-widget elementor-widget-text-editor\" data-id=\"eccc7cb\" data-element_type=\"widget\" data-widget_type=\"text-editor.default\">\n\t\t\t\t<div class=\"elementor-widget-container\">\n\t\t\t\t\t\t\t\t\t<p>El viernes 18 de marzo, en el oratorio del seminario, Sor Leonor, Sor Toa y Sor Jessenia, junto a los superiores, Hermanas sirvientes y de la Casa Provincial, vivieron&nbsp; la experiencia de la Reconciliaci\u00f3n.<\/p>\n<p>Un momento de mucha riqueza espiritual, reconciliarse consigo mismas, con sus hermanas, con los pobres, con la naturaleza.<\/p>\n<p>Agradecer a Dios por todo lo que han recibido y pedirle la gracia y su misericordia para seguir caminando como siervas, pero seguras que la misericordia de Dios est\u00e1 con cada una.<\/p>\n<p>Una lecci\u00f3n de mucha virtud, humildad y sencillez, Dios y la Sant\u00edsima Virgen bendigan a nuestras Hermanas y este detalle del perd\u00f3n, sea su fortaleza en la vida comunitaria, pastoral y personal.<\/p>\n<p>Este acontecimiento, lejos de ser una tradici\u00f3n, es un acto de amor, pidiendo a Dios por la paz del mundo.<\/p>\t\t\t\t\t\t\t\t<\/div>\n\t\t\t\t<\/div>\n\t\t\t\t\t<\/div>\n\t\t<\/div>\n\t\t\t\t<div class=\"elementor-column elementor-col-50 elementor-top-column elementor-element elementor-element-70890b4\" data-id=\"70890b4\" data-element_type=\"column\" data-settings=\"{&quot;background_background&quot;:&quot;classic&quot;}\">\n\t\t\t<div class=\"elementor-widget-wrap elementor-element-populated\">\n\t\t\t\t\t<div class=\"elementor-background-overlay\"><\/div>\n\t\t\t\t\t\t\t<\/div>\n\t\t<\/div>\n\t\t\t\t\t<\/div>\n\t\t<\/section>\n\t\t\t\t<section class=\"elementor-section elementor-top-section elementor-element elementor-element-6624ff7 elementor-section-boxed elementor-section-height-default elementor-section-height-default\" data-id=\"6624ff7\" data-element_type=\"section\" data-settings=\"{&quot;background_background&quot;:&quot;classic&quot;}\">\n\t\t\t\t\t\t<div class=\"elementor-container elementor-column-gap-default\">\n\t\t\t\t\t<div class=\"elementor-column elementor-col-100 elementor-top-column elementor-element elementor-element-5ebf846\" data-id=\"5ebf846\" data-element_type=\"column\">\n\t\t\t<div class=\"elementor-widget-wrap elementor-element-populated\">\n\t\t\t\t\t\t<div class=\"elementor-element elementor-element-cedf83e elementor-widget elementor-widget-text-editor\" data-id=\"cedf83e\" data-element_type=\"widget\" data-widget_type=\"text-editor.default\">\n\t\t\t\t<div class=\"elementor-widget-container\">\n\t\t\t\t\t\t\t\t\t<p>RECURSOS DE LAS\u00a0 HERMANAS QUE REALIZARON EL ACTO PENITENCIAL, PREVIA LA EMISI\u00d3N DE SUS PRIMEROS VOTOS.<\/p><p>\u00a0<\/p>\t\t\t\t\t\t\t\t<\/div>\n\t\t\t\t<\/div>\n\t\t\t\t<div class=\"elementor-element elementor-element-5af6863 elementor-arrows-position-inside elementor-pagination-position-outside elementor-widget elementor-widget-image-carousel\" data-id=\"5af6863\" data-element_type=\"widget\" data-settings=\"{&quot;slides_to_show&quot;:&quot;3&quot;,&quot;image_spacing_custom&quot;:{&quot;unit&quot;:&quot;px&quot;,&quot;size&quot;:0,&quot;sizes&quot;:[]},&quot;navigation&quot;:&quot;both&quot;,&quot;autoplay&quot;:&quot;yes&quot;,&quot;pause_on_hover&quot;:&quot;yes&quot;,&quot;pause_on_interaction&quot;:&quot;yes&quot;,&quot;autoplay_speed&quot;:5000,&quot;infinite&quot;:&quot;yes&quot;,&quot;speed&quot;:500,&quot;image_spacing_custom_tablet&quot;:{&quot;unit&quot;:&quot;px&quot;,&quot;size&quot;:&quot;&quot;,&quot;sizes&quot;:[]},&quot;image_spacing_custom_mobile&quot;:{&quot;unit&quot;:&quot;px&quot;,&quot;size&quot;:&quot;&quot;,&quot;sizes&quot;:[]}}\" data-widget_type=\"image-carousel.default\">\n\t\t\t\t<div class=\"elementor-widget-container\">\n\t\t\t\t\t\t\t<div class=\"elementor-image-carousel-wrapper swiper\" role=\"region\" aria-roledescription=\"carousel\" aria-label=\"Carrusel de im\u00e1genes\" dir=\"ltr\">\n\t\t\t<div class=\"elementor-image-carousel swiper-wrapper swiper-image-stretch\" aria-live=\"off\">\n\t\t\t\t\t\t\t\t<div class=\"swiper-slide\" role=\"group\" aria-roledescription=\"slide\" aria-label=\"1 de 15\"><figure class=\"swiper-slide-inner\"><img decoding=\"async\" class=\"swiper-slide-image\" src=\"https:\/\/hdlcecuador.com\/wp-content\/uploads\/2022\/03\/noche-de-reconciliacion-IMG_20220318_175203-15-300x300.jpg\" alt=\"dav\" \/><\/figure><\/div><div class=\"swiper-slide\" role=\"group\" aria-roledescription=\"slide\" aria-label=\"2 de 15\"><figure class=\"swiper-slide-inner\"><img decoding=\"async\" class=\"swiper-slide-image\" src=\"https:\/\/hdlcecuador.com\/wp-content\/uploads\/2022\/03\/noche-de-reconciliacion-IMG_20220318_175203-14-300x300.jpg\" alt=\"mde\" \/><\/figure><\/div><div class=\"swiper-slide\" role=\"group\" aria-roledescription=\"slide\" aria-label=\"3 de 15\"><figure class=\"swiper-slide-inner\"><img decoding=\"async\" class=\"swiper-slide-image\" src=\"https:\/\/hdlcecuador.com\/wp-content\/uploads\/2022\/03\/noche-de-reconciliacion-IMG_20220318_175203-13-300x300.jpg\" alt=\"dav\" \/><\/figure><\/div><div class=\"swiper-slide\" role=\"group\" aria-roledescription=\"slide\" aria-label=\"4 de 15\"><figure class=\"swiper-slide-inner\"><img decoding=\"async\" class=\"swiper-slide-image\" src=\"https:\/\/hdlcecuador.com\/wp-content\/uploads\/2022\/03\/noche-de-reconciliacion-IMG_20220318_175203-12-300x300.jpg\" alt=\"dav\" \/><\/figure><\/div><div class=\"swiper-slide\" role=\"group\" aria-roledescription=\"slide\" aria-label=\"5 de 15\"><figure class=\"swiper-slide-inner\"><img decoding=\"async\" class=\"swiper-slide-image\" src=\"https:\/\/hdlcecuador.com\/wp-content\/uploads\/2022\/03\/noche-de-reconciliacion-IMG_20220318_175203-11-300x300.jpg\" alt=\"dav\" \/><\/figure><\/div><div class=\"swiper-slide\" role=\"group\" aria-roledescription=\"slide\" aria-label=\"6 de 15\"><figure class=\"swiper-slide-inner\"><img decoding=\"async\" class=\"swiper-slide-image\" src=\"https:\/\/hdlcecuador.com\/wp-content\/uploads\/2022\/03\/noche-de-reconciliacion-IMG_20220318_175203-10-300x300.jpg\" alt=\"dav\" \/><\/figure><\/div><div class=\"swiper-slide\" role=\"group\" aria-roledescription=\"slide\" aria-label=\"7 de 15\"><figure class=\"swiper-slide-inner\"><img decoding=\"async\" class=\"swiper-slide-image\" src=\"https:\/\/hdlcecuador.com\/wp-content\/uploads\/2022\/03\/noche-de-reconciliacion-IMG_20220318_175203-9-300x300.jpg\" alt=\"sdr\" \/><\/figure><\/div><div class=\"swiper-slide\" role=\"group\" aria-roledescription=\"slide\" aria-label=\"8 de 15\"><figure class=\"swiper-slide-inner\"><img decoding=\"async\" class=\"swiper-slide-image\" src=\"https:\/\/hdlcecuador.com\/wp-content\/uploads\/2022\/03\/noche-de-reconciliacion-IMG_20220318_175203-8-300x300.jpg\" alt=\"sdr\" \/><\/figure><\/div><div class=\"swiper-slide\" role=\"group\" aria-roledescription=\"slide\" aria-label=\"9 de 15\"><figure class=\"swiper-slide-inner\"><img decoding=\"async\" class=\"swiper-slide-image\" src=\"https:\/\/hdlcecuador.com\/wp-content\/uploads\/2022\/03\/noche-de-reconciliacion-IMG_20220318_175203-7-300x300.jpg\" alt=\"sdr\" \/><\/figure><\/div><div class=\"swiper-slide\" role=\"group\" aria-roledescription=\"slide\" aria-label=\"10 de 15\"><figure class=\"swiper-slide-inner\"><img decoding=\"async\" class=\"swiper-slide-image\" src=\"https:\/\/hdlcecuador.com\/wp-content\/uploads\/2022\/03\/noche-de-reconciliacion-IMG_20220318_175203-6-300x300.jpg\" alt=\"sdr\" \/><\/figure><\/div><div class=\"swiper-slide\" role=\"group\" aria-roledescription=\"slide\" aria-label=\"11 de 15\"><figure class=\"swiper-slide-inner\"><img decoding=\"async\" class=\"swiper-slide-image\" src=\"https:\/\/hdlcecuador.com\/wp-content\/uploads\/2022\/03\/noche-de-reconciliacion-IMG_20220318_175203-5-300x300.jpg\" alt=\"dav\" \/><\/figure><\/div><div class=\"swiper-slide\" role=\"group\" aria-roledescription=\"slide\" aria-label=\"12 de 15\"><figure class=\"swiper-slide-inner\"><img decoding=\"async\" class=\"swiper-slide-image\" src=\"https:\/\/hdlcecuador.com\/wp-content\/uploads\/2022\/03\/noche-de-reconciliacion-IMG_20220318_175203-4-300x300.jpg\" alt=\"dav\" \/><\/figure><\/div><div class=\"swiper-slide\" role=\"group\" aria-roledescription=\"slide\" aria-label=\"13 de 15\"><figure class=\"swiper-slide-inner\"><img decoding=\"async\" class=\"swiper-slide-image\" src=\"https:\/\/hdlcecuador.com\/wp-content\/uploads\/2022\/03\/noche-de-reconciliacion-IMG_20220318_175203-3-300x300.jpg\" alt=\"dav\" \/><\/figure><\/div><div class=\"swiper-slide\" role=\"group\" aria-roledescription=\"slide\" aria-label=\"14 de 15\"><figure class=\"swiper-slide-inner\"><img decoding=\"async\" class=\"swiper-slide-image\" src=\"https:\/\/hdlcecuador.com\/wp-content\/uploads\/2022\/03\/noche-de-reconciliacion-IMG_20220318_175203-2-300x300.jpg\" alt=\"dav\" \/><\/figure><\/div><div class=\"swiper-slide\" role=\"group\" aria-roledescription=\"slide\" aria-label=\"15 de 15\"><figure class=\"swiper-slide-inner\"><img decoding=\"async\" class=\"swiper-slide-image\" src=\"https:\/\/hdlcecuador.com\/wp-content\/uploads\/2022\/03\/noche-de-reconciliacion-IMG_20220318_175203-1-300x300.jpg\" alt=\"dav\" \/><\/figure><\/div>\t\t\t<\/div>\n\t\t\t\t\t\t\t\t\t\t\t\t<div class=\"elementor-swiper-button elementor-swiper-button-prev\" role=\"button\" tabindex=\"0\">\n\t\t\t\t\t\t<i aria-hidden=\"true\" class=\"eicon-chevron-left\"><\/i>\t\t\t\t\t<\/div>\n\t\t\t\t\t<div class=\"elementor-swiper-button elementor-swiper-button-next\" role=\"button\" tabindex=\"0\">\n\t\t\t\t\t\t<i aria-hidden=\"true\" class=\"eicon-chevron-right\"><\/i>\t\t\t\t\t<\/div>\n\t\t\t\t\n\t\t\t\t\t\t\t\t\t<div class=\"swiper-pagination\"><\/div>\n\t\t\t\t\t\t\t\t\t<\/div>\n\t\t\t\t\t\t<\/div>\n\t\t\t\t<\/div>\n\t\t\t\t\t<\/div>\n\t\t<\/div>\n\t\t\t\t\t<\/div>\n\t\t<\/section>\n\t\t\t\t<\/div>\n\t\t","protected":false},"excerpt":{"rendered":"<p>NOCHE DE RECONCILIACION Previa la pronunciaci\u00f3n de sus Primeros Votos, las Hermanas, viven su momento de reconciliaci\u00f3n. Aprende m\u00e1s El viernes 18 de marzo, en el oratorio del seminario, Sor Leonor, Sor Toa y Sor Jessenia, junto a los superiores, Hermanas sirvientes y de la Casa Provincial, vivieron&nbsp; la experiencia de la Reconciliaci\u00f3n. Un momento [&hellip;]<\/p>\n","protected":false},"author":1,"featured_media":13034,"comment_status":"open","ping_status":"open","sticky":false,"template":"elementor_header_footer","format":"standard","meta":{"ocean_post_layout":"full-screen","ocean_both_sidebars_style":"","ocean_both_sidebars_content_width":0,"ocean_both_sidebars_sidebars_width":0,"ocean_sidebar":"0","ocean_second_sidebar":"0","ocean_disable_margins":"enable","ocean_add_body_class":"","ocean_shortcode_before_top_bar":"","ocean_shortcode_after_top_bar":"","ocean_shortcode_before_header":"","ocean_shortcode_after_header":"","ocean_has_shortcode":"","ocean_shortcode_after_title":"","ocean_shortcode_before_footer_widgets":"","ocean_shortcode_after_footer_widgets":"","ocean_shortcode_before_footer_bottom":"","ocean_shortcode_after_footer_bottom":"","ocean_display_top_bar":"off","ocean_display_header":"default","ocean_header_style":"transparent","ocean_center_header_left_menu":"0","ocean_custom_header_template":"0","ocean_custom_logo":0,"ocean_custom_retina_logo":0,"ocean_custom_logo_max_width":0,"ocean_custom_logo_tablet_max_width":0,"ocean_custom_logo_mobile_max_width":0,"ocean_custom_logo_max_height":0,"ocean_custom_logo_tablet_max_height":0,"ocean_custom_logo_mobile_max_height":0,"ocean_header_custom_menu":"0","ocean_menu_typo_font_family":"0","ocean_menu_typo_font_subset":"","ocean_menu_typo_font_size":0,"ocean_menu_typo_font_size_tablet":0,"ocean_menu_typo_font_size_mobile":0,"ocean_menu_typo_font_size_unit":"px","ocean_menu_typo_font_weight":"","ocean_menu_typo_font_weight_tablet":"","ocean_menu_typo_font_weight_mobile":"","ocean_menu_typo_transform":"","ocean_menu_typo_transform_tablet":"","ocean_menu_typo_transform_mobile":"","ocean_menu_typo_line_height":0,"ocean_menu_typo_line_height_tablet":0,"ocean_menu_typo_line_height_mobile":0,"ocean_menu_typo_line_height_unit":"","ocean_menu_typo_spacing":0,"ocean_menu_typo_spacing_tablet":0,"ocean_menu_typo_spacing_mobile":0,"ocean_menu_typo_spacing_unit":"","ocean_menu_link_color":"","ocean_menu_link_color_hover":"","ocean_menu_link_color_active":"","ocean_menu_link_background":"","ocean_menu_link_hover_background":"","ocean_menu_link_active_background":"","ocean_menu_social_links_bg":"","ocean_menu_social_hover_links_bg":"","ocean_menu_social_links_color":"","ocean_menu_social_hover_links_color":"","ocean_disable_title":"on","ocean_disable_heading":"default","ocean_post_title":"","ocean_post_subheading":"","ocean_post_title_style":"","ocean_post_title_background_color":"","ocean_post_title_background":0,"ocean_post_title_bg_image_position":"","ocean_post_title_bg_image_attachment":"","ocean_post_title_bg_image_repeat":"","ocean_post_title_bg_image_size":"","ocean_post_title_height":0,"ocean_post_title_bg_overlay":0.5,"ocean_post_title_bg_overlay_color":"","ocean_disable_breadcrumbs":"default","ocean_breadcrumbs_color":"","ocean_breadcrumbs_separator_color":"","ocean_breadcrumbs_links_color":"","ocean_breadcrumbs_links_hover_color":"","ocean_display_footer_widgets":"default","ocean_display_footer_bottom":"default","ocean_custom_footer_template":"0","ocean_post_oembed":"","ocean_post_self_hosted_media":"","ocean_post_video_embed":"","ocean_link_format":"","ocean_link_format_target":"self","ocean_quote_format":"","ocean_quote_format_link":"post","ocean_gallery_link_images":"off","ocean_gallery_id":[],"footnotes":""},"categories":[351],"tags":[],"post_folder":[352],"class_list":["post-13047","post","type-post","status-publish","format-standard","has-post-thumbnail","hentry","category-noticias-comunidad","entry","has-media"],"yoast_head":"<!-- This site is optimized with the Yoast SEO plugin v25.6 - https:\/\/yoast.com\/wordpress\/plugins\/seo\/ -->\n<title>NOCHE DE RECONCILIACI\u00d3N - Compa\u00f1\u00eda HDLC Ecuador<\/title>\n<meta name=\"robots\" content=\"index, follow, max-snippet:-1, max-image-preview:large, max-video-preview:-1\" \/>\n<link rel=\"canonical\" href=\"https:\/\/hdlcecuador.com\/index.php\/2022\/03\/21\/noche-de-reconciliacion\/\" \/>\n<meta property=\"og:locale\" content=\"es_ES\" \/>\n<meta property=\"og:type\" content=\"article\" \/>\n<meta property=\"og:title\" content=\"NOCHE DE RECONCILIACI\u00d3N - Compa\u00f1\u00eda HDLC Ecuador\" \/>\n<meta property=\"og:description\" content=\"NOCHE DE RECONCILIACION Previa la pronunciaci\u00f3n de sus Primeros Votos, las Hermanas, viven su momento de reconciliaci\u00f3n. Aprende m\u00e1s El viernes 18 de marzo, en el oratorio del seminario, Sor Leonor, Sor Toa y Sor Jessenia, junto a los superiores, Hermanas sirvientes y de la Casa Provincial, vivieron&nbsp; la experiencia de la Reconciliaci\u00f3n. Un momento [&hellip;]\" \/>\n<meta property=\"og:url\" content=\"https:\/\/hdlcecuador.com\/index.php\/2022\/03\/21\/noche-de-reconciliacion\/\" \/>\n<meta property=\"og:site_name\" content=\"Compa\u00f1\u00eda HDLC Ecuador\" \/>\n<meta property=\"article:published_time\" content=\"2022-03-21T19:30:37+00:00\" \/>\n<meta property=\"article:modified_time\" content=\"2022-03-21T20:44:49+00:00\" \/>\n<meta property=\"og:image\" content=\"https:\/\/hdlcecuador.com\/wp-content\/uploads\/2022\/03\/noche-de-reconciliacion-IMG_20220318_175203-4-scaled.jpg\" \/>\n\t<meta property=\"og:image:width\" content=\"1920\" \/>\n\t<meta property=\"og:image:height\" content=\"2560\" \/>\n\t<meta property=\"og:image:type\" content=\"image\/jpeg\" \/>\n<meta name=\"author\" content=\"administrador\" \/>\n<meta name=\"twitter:card\" content=\"summary_large_image\" \/>\n<meta name=\"twitter:label1\" content=\"Escrito por\" \/>\n\t<meta name=\"twitter:data1\" content=\"administrador\" \/>\n\t<meta name=\"twitter:label2\" content=\"Tiempo de lectura\" \/>\n\t<meta name=\"twitter:data2\" content=\"1 minuto\" \/>\n<script type=\"application\/ld+json\" class=\"yoast-schema-graph\">{\"@context\":\"https:\/\/schema.org\",\"@graph\":[{\"@type\":\"Article\",\"@id\":\"https:\/\/hdlcecuador.com\/index.php\/2022\/03\/21\/noche-de-reconciliacion\/#article\",\"isPartOf\":{\"@id\":\"https:\/\/hdlcecuador.com\/index.php\/2022\/03\/21\/noche-de-reconciliacion\/\"},\"author\":{\"name\":\"administrador\",\"@id\":\"https:\/\/hdlcecuador.com\/#\/schema\/person\/88e13c2d15509f9620a744e935829dab\"},\"headline\":\"NOCHE DE RECONCILIACI\u00d3N\",\"datePublished\":\"2022-03-21T19:30:37+00:00\",\"dateModified\":\"2022-03-21T20:44:49+00:00\",\"mainEntityOfPage\":{\"@id\":\"https:\/\/hdlcecuador.com\/index.php\/2022\/03\/21\/noche-de-reconciliacion\/\"},\"wordCount\":186,\"commentCount\":0,\"publisher\":{\"@id\":\"https:\/\/hdlcecuador.com\/#organization\"},\"image\":{\"@id\":\"https:\/\/hdlcecuador.com\/index.php\/2022\/03\/21\/noche-de-reconciliacion\/#primaryimage\"},\"thumbnailUrl\":\"https:\/\/hdlcecuador.com\/wp-content\/uploads\/2022\/03\/noche-de-reconciliacion-IMG_20220318_175203-4-scaled.jpg\",\"articleSection\":[\"Noticias Comunidad\"],\"inLanguage\":\"es\",\"potentialAction\":[{\"@type\":\"CommentAction\",\"name\":\"Comment\",\"target\":[\"https:\/\/hdlcecuador.com\/index.php\/2022\/03\/21\/noche-de-reconciliacion\/#respond\"]}]},{\"@type\":\"WebPage\",\"@id\":\"https:\/\/hdlcecuador.com\/index.php\/2022\/03\/21\/noche-de-reconciliacion\/\",\"url\":\"https:\/\/hdlcecuador.com\/index.php\/2022\/03\/21\/noche-de-reconciliacion\/\",\"name\":\"NOCHE DE RECONCILIACI\u00d3N - Compa\u00f1\u00eda HDLC Ecuador\",\"isPartOf\":{\"@id\":\"https:\/\/hdlcecuador.com\/#website\"},\"primaryImageOfPage\":{\"@id\":\"https:\/\/hdlcecuador.com\/index.php\/2022\/03\/21\/noche-de-reconciliacion\/#primaryimage\"},\"image\":{\"@id\":\"https:\/\/hdlcecuador.com\/index.php\/2022\/03\/21\/noche-de-reconciliacion\/#primaryimage\"},\"thumbnailUrl\":\"https:\/\/hdlcecuador.com\/wp-content\/uploads\/2022\/03\/noche-de-reconciliacion-IMG_20220318_175203-4-scaled.jpg\",\"datePublished\":\"2022-03-21T19:30:37+00:00\",\"dateModified\":\"2022-03-21T20:44:49+00:00\",\"breadcrumb\":{\"@id\":\"https:\/\/hdlcecuador.com\/index.php\/2022\/03\/21\/noche-de-reconciliacion\/#breadcrumb\"},\"inLanguage\":\"es\",\"potentialAction\":[{\"@type\":\"ReadAction\",\"target\":[\"https:\/\/hdlcecuador.com\/index.php\/2022\/03\/21\/noche-de-reconciliacion\/\"]}]},{\"@type\":\"ImageObject\",\"inLanguage\":\"es\",\"@id\":\"https:\/\/hdlcecuador.com\/index.php\/2022\/03\/21\/noche-de-reconciliacion\/#primaryimage\",\"url\":\"https:\/\/hdlcecuador.com\/wp-content\/uploads\/2022\/03\/noche-de-reconciliacion-IMG_20220318_175203-4-scaled.jpg\",\"contentUrl\":\"https:\/\/hdlcecuador.com\/wp-content\/uploads\/2022\/03\/noche-de-reconciliacion-IMG_20220318_175203-4-scaled.jpg\",\"width\":1920,\"height\":2560,\"caption\":\"dav\"},{\"@type\":\"BreadcrumbList\",\"@id\":\"https:\/\/hdlcecuador.com\/index.php\/2022\/03\/21\/noche-de-reconciliacion\/#breadcrumb\",\"itemListElement\":[{\"@type\":\"ListItem\",\"position\":1,\"name\":\"Portada\",\"item\":\"https:\/\/hdlcecuador.com\/\"},{\"@type\":\"ListItem\",\"position\":2,\"name\":\"NOCHE DE RECONCILIACI\u00d3N\"}]},{\"@type\":\"WebSite\",\"@id\":\"https:\/\/hdlcecuador.com\/#website\",\"url\":\"https:\/\/hdlcecuador.com\/\",\"name\":\"Compa\u00f1\u00eda HDLC Ecuador\",\"description\":\"Sitio Web Oficial de las Compa\u00f1ia de las Hijas de la Caridad en Ecuador\",\"publisher\":{\"@id\":\"https:\/\/hdlcecuador.com\/#organization\"},\"potentialAction\":[{\"@type\":\"SearchAction\",\"target\":{\"@type\":\"EntryPoint\",\"urlTemplate\":\"https:\/\/hdlcecuador.com\/?s={search_term_string}\"},\"query-input\":{\"@type\":\"PropertyValueSpecification\",\"valueRequired\":true,\"valueName\":\"search_term_string\"}}],\"inLanguage\":\"es\"},{\"@type\":\"Organization\",\"@id\":\"https:\/\/hdlcecuador.com\/#organization\",\"name\":\"Compa\u00f1\u00eda HDLC Ecuador\",\"url\":\"https:\/\/hdlcecuador.com\/\",\"logo\":{\"@type\":\"ImageObject\",\"inLanguage\":\"es\",\"@id\":\"https:\/\/hdlcecuador.com\/#\/schema\/logo\/image\/\",\"url\":\"https:\/\/hdlcecuador.com\/wp-content\/uploads\/2021\/03\/cropped-logo-2-oficial-hor.-dere.png\",\"contentUrl\":\"https:\/\/hdlcecuador.com\/wp-content\/uploads\/2021\/03\/cropped-logo-2-oficial-hor.-dere.png\",\"width\":1800,\"height\":980,\"caption\":\"Compa\u00f1\u00eda HDLC Ecuador\"},\"image\":{\"@id\":\"https:\/\/hdlcecuador.com\/#\/schema\/logo\/image\/\"}},{\"@type\":\"Person\",\"@id\":\"https:\/\/hdlcecuador.com\/#\/schema\/person\/88e13c2d15509f9620a744e935829dab\",\"name\":\"administrador\",\"image\":{\"@type\":\"ImageObject\",\"inLanguage\":\"es\",\"@id\":\"https:\/\/hdlcecuador.com\/#\/schema\/person\/image\/\",\"url\":\"https:\/\/secure.gravatar.com\/avatar\/64ac484ddbbff6a120df480c03610bb6?s=96&d=mm&r=g\",\"contentUrl\":\"https:\/\/secure.gravatar.com\/avatar\/64ac484ddbbff6a120df480c03610bb6?s=96&d=mm&r=g\",\"caption\":\"administrador\"},\"sameAs\":[\"https:\/\/hdlcecuador.com\"],\"url\":\"https:\/\/hdlcecuador.com\/index.php\/author\/administrador\/\"}]}<\/script>\n<!-- \/ Yoast SEO plugin. -->","yoast_head_json":{"title":"NOCHE DE RECONCILIACI\u00d3N - Compa\u00f1\u00eda HDLC Ecuador","robots":{"index":"index","follow":"follow","max-snippet":"max-snippet:-1","max-image-preview":"max-image-preview:large","max-video-preview":"max-video-preview:-1"},"canonical":"https:\/\/hdlcecuador.com\/index.php\/2022\/03\/21\/noche-de-reconciliacion\/","og_locale":"es_ES","og_type":"article","og_title":"NOCHE DE RECONCILIACI\u00d3N - Compa\u00f1\u00eda HDLC Ecuador","og_description":"NOCHE DE RECONCILIACION Previa la pronunciaci\u00f3n de sus Primeros Votos, las Hermanas, viven su momento de reconciliaci\u00f3n. Aprende m\u00e1s El viernes 18 de marzo, en el oratorio del seminario, Sor Leonor, Sor Toa y Sor Jessenia, junto a los superiores, Hermanas sirvientes y de la Casa Provincial, vivieron&nbsp; la experiencia de la Reconciliaci\u00f3n. Un momento [&hellip;]","og_url":"https:\/\/hdlcecuador.com\/index.php\/2022\/03\/21\/noche-de-reconciliacion\/","og_site_name":"Compa\u00f1\u00eda HDLC Ecuador","article_published_time":"2022-03-21T19:30:37+00:00","article_modified_time":"2022-03-21T20:44:49+00:00","og_image":[{"width":1920,"height":2560,"url":"https:\/\/hdlcecuador.com\/wp-content\/uploads\/2022\/03\/noche-de-reconciliacion-IMG_20220318_175203-4-scaled.jpg","type":"image\/jpeg"}],"author":"administrador","twitter_card":"summary_large_image","twitter_misc":{"Escrito por":"administrador","Tiempo de lectura":"1 minuto"},"schema":{"@context":"https:\/\/schema.org","@graph":[{"@type":"Article","@id":"https:\/\/hdlcecuador.com\/index.php\/2022\/03\/21\/noche-de-reconciliacion\/#article","isPartOf":{"@id":"https:\/\/hdlcecuador.com\/index.php\/2022\/03\/21\/noche-de-reconciliacion\/"},"author":{"name":"administrador","@id":"https:\/\/hdlcecuador.com\/#\/schema\/person\/88e13c2d15509f9620a744e935829dab"},"headline":"NOCHE DE RECONCILIACI\u00d3N","datePublished":"2022-03-21T19:30:37+00:00","dateModified":"2022-03-21T20:44:49+00:00","mainEntityOfPage":{"@id":"https:\/\/hdlcecuador.com\/index.php\/2022\/03\/21\/noche-de-reconciliacion\/"},"wordCount":186,"commentCount":0,"publisher":{"@id":"https:\/\/hdlcecuador.com\/#organization"},"image":{"@id":"https:\/\/hdlcecuador.com\/index.php\/2022\/03\/21\/noche-de-reconciliacion\/#primaryimage"},"thumbnailUrl":"https:\/\/hdlcecuador.com\/wp-content\/uploads\/2022\/03\/noche-de-reconciliacion-IMG_20220318_175203-4-scaled.jpg","articleSection":["Noticias Comunidad"],"inLanguage":"es","potentialAction":[{"@type":"CommentAction","name":"Comment","target":["https:\/\/hdlcecuador.com\/index.php\/2022\/03\/21\/noche-de-reconciliacion\/#respond"]}]},{"@type":"WebPage","@id":"https:\/\/hdlcecuador.com\/index.php\/2022\/03\/21\/noche-de-reconciliacion\/","url":"https:\/\/hdlcecuador.com\/index.php\/2022\/03\/21\/noche-de-reconciliacion\/","name":"NOCHE DE RECONCILIACI\u00d3N - Compa\u00f1\u00eda HDLC Ecuador","isPartOf":{"@id":"https:\/\/hdlcecuador.com\/#website"},"primaryImageOfPage":{"@id":"https:\/\/hdlcecuador.com\/index.php\/2022\/03\/21\/noche-de-reconciliacion\/#primaryimage"},"image":{"@id":"https:\/\/hdlcecuador.com\/index.php\/2022\/03\/21\/noche-de-reconciliacion\/#primaryimage"},"thumbnailUrl":"https:\/\/hdlcecuador.com\/wp-content\/uploads\/2022\/03\/noche-de-reconciliacion-IMG_20220318_175203-4-scaled.jpg","datePublished":"2022-03-21T19:30:37+00:00","dateModified":"2022-03-21T20:44:49+00:00","breadcrumb":{"@id":"https:\/\/hdlcecuador.com\/index.php\/2022\/03\/21\/noche-de-reconciliacion\/#breadcrumb"},"inLanguage":"es","potentialAction":[{"@type":"ReadAction","target":["https:\/\/hdlcecuador.com\/index.php\/2022\/03\/21\/noche-de-reconciliacion\/"]}]},{"@type":"ImageObject","inLanguage":"es","@id":"https:\/\/hdlcecuador.com\/index.php\/2022\/03\/21\/noche-de-reconciliacion\/#primaryimage","url":"https:\/\/hdlcecuador.com\/wp-content\/uploads\/2022\/03\/noche-de-reconciliacion-IMG_20220318_175203-4-scaled.jpg","contentUrl":"https:\/\/hdlcecuador.com\/wp-content\/uploads\/2022\/03\/noche-de-reconciliacion-IMG_20220318_175203-4-scaled.jpg","width":1920,"height":2560,"caption":"dav"},{"@type":"BreadcrumbList","@id":"https:\/\/hdlcecuador.com\/index.php\/2022\/03\/21\/noche-de-reconciliacion\/#breadcrumb","itemListElement":[{"@type":"ListItem","position":1,"name":"Portada","item":"https:\/\/hdlcecuador.com\/"},{"@type":"ListItem","position":2,"name":"NOCHE DE RECONCILIACI\u00d3N"}]},{"@type":"WebSite","@id":"https:\/\/hdlcecuador.com\/#website","url":"https:\/\/hdlcecuador.com\/","name":"Compa\u00f1\u00eda HDLC Ecuador","description":"Sitio Web Oficial de las Compa\u00f1ia de las Hijas de la Caridad en Ecuador","publisher":{"@id":"https:\/\/hdlcecuador.com\/#organization"},"potentialAction":[{"@type":"SearchAction","target":{"@type":"EntryPoint","urlTemplate":"https:\/\/hdlcecuador.com\/?s={search_term_string}"},"query-input":{"@type":"PropertyValueSpecification","valueRequired":true,"valueName":"search_term_string"}}],"inLanguage":"es"},{"@type":"Organization","@id":"https:\/\/hdlcecuador.com\/#organization","name":"Compa\u00f1\u00eda HDLC Ecuador","url":"https:\/\/hdlcecuador.com\/","logo":{"@type":"ImageObject","inLanguage":"es","@id":"https:\/\/hdlcecuador.com\/#\/schema\/logo\/image\/","url":"https:\/\/hdlcecuador.com\/wp-content\/uploads\/2021\/03\/cropped-logo-2-oficial-hor.-dere.png","contentUrl":"https:\/\/hdlcecuador.com\/wp-content\/uploads\/2021\/03\/cropped-logo-2-oficial-hor.-dere.png","width":1800,"height":980,"caption":"Compa\u00f1\u00eda HDLC Ecuador"},"image":{"@id":"https:\/\/hdlcecuador.com\/#\/schema\/logo\/image\/"}},{"@type":"Person","@id":"https:\/\/hdlcecuador.com\/#\/schema\/person\/88e13c2d15509f9620a744e935829dab","name":"administrador","image":{"@type":"ImageObject","inLanguage":"es","@id":"https:\/\/hdlcecuador.com\/#\/schema\/person\/image\/","url":"https:\/\/secure.gravatar.com\/avatar\/64ac484ddbbff6a120df480c03610bb6?s=96&d=mm&r=g","contentUrl":"https:\/\/secure.gravatar.com\/avatar\/64ac484ddbbff6a120df480c03610bb6?s=96&d=mm&r=g","caption":"administrador"},"sameAs":["https:\/\/hdlcecuador.com"],"url":"https:\/\/hdlcecuador.com\/index.php\/author\/administrador\/"}]}},"rttpg_featured_image_url":{"full":["https:\/\/hdlcecuador.com\/wp-content\/uploads\/2022\/03\/noche-de-reconciliacion-IMG_20220318_175203-4-scaled.jpg",1920,2560,false],"landscape":["https:\/\/hdlcecuador.com\/wp-content\/uploads\/2022\/03\/noche-de-reconciliacion-IMG_20220318_175203-4-scaled.jpg",1920,2560,false],"portraits":["https:\/\/hdlcecuador.com\/wp-content\/uploads\/2022\/03\/noche-de-reconciliacion-IMG_20220318_175203-4-scaled.jpg",1920,2560,false],"thumbnail":["https:\/\/hdlcecuador.com\/wp-content\/uploads\/2022\/03\/noche-de-reconciliacion-IMG_20220318_175203-4-150x150.jpg",150,150,true],"medium":["https:\/\/hdlcecuador.com\/wp-content\/uploads\/2022\/03\/noche-de-reconciliacion-IMG_20220318_175203-4-225x300.jpg",225,300,true],"large":["https:\/\/hdlcecuador.com\/wp-content\/uploads\/2022\/03\/noche-de-reconciliacion-IMG_20220318_175203-4-768x1024.jpg",768,1024,true],"thumblist":["https:\/\/hdlcecuador.com\/wp-content\/uploads\/2022\/03\/noche-de-reconciliacion-IMG_20220318_175203-4-300x300.jpg",300,300,true],"meccarouselthumb":["https:\/\/hdlcecuador.com\/wp-content\/uploads\/2022\/03\/noche-de-reconciliacion-IMG_20220318_175203-4-474x324.jpg",474,324,true],"gridsquare":["https:\/\/hdlcecuador.com\/wp-content\/uploads\/2022\/03\/noche-de-reconciliacion-IMG_20220318_175203-4-391x260.jpg",391,260,true],"tileview":["https:\/\/hdlcecuador.com\/wp-content\/uploads\/2022\/03\/noche-de-reconciliacion-IMG_20220318_175203-4-300x400.jpg",300,400,true],"1536x1536":["https:\/\/hdlcecuador.com\/wp-content\/uploads\/2022\/03\/noche-de-reconciliacion-IMG_20220318_175203-4-1152x1536.jpg",1152,1536,true],"2048x2048":["https:\/\/hdlcecuador.com\/wp-content\/uploads\/2022\/03\/noche-de-reconciliacion-IMG_20220318_175203-4-1536x2048.jpg",1536,2048,true],"ocean-thumb-m":["https:\/\/hdlcecuador.com\/wp-content\/uploads\/2022\/03\/noche-de-reconciliacion-IMG_20220318_175203-4-scaled.jpg",450,600,false],"ocean-thumb-ml":["https:\/\/hdlcecuador.com\/wp-content\/uploads\/2022\/03\/noche-de-reconciliacion-IMG_20220318_175203-4-scaled.jpg",338,450,false],"ocean-thumb-l":["https:\/\/hdlcecuador.com\/wp-content\/uploads\/2022\/03\/noche-de-reconciliacion-IMG_20220318_175203-4-scaled.jpg",525,700,false]},"rttpg_author":{"display_name":"administrador","author_link":"https:\/\/hdlcecuador.com\/index.php\/author\/administrador\/"},"rttpg_comment":1,"rttpg_category":"<a href=\"https:\/\/hdlcecuador.com\/index.php\/category\/noticias-hdlc\/noticias-comunidad\/\" rel=\"category tag\">Noticias Comunidad<\/a>","rttpg_excerpt":"NOCHE DE RECONCILIACION Previa la pronunciaci\u00f3n de sus Primeros Votos, las Hermanas, viven su momento de reconciliaci\u00f3n. Aprende m\u00e1s El viernes 18 de marzo, en el oratorio del seminario, Sor Leonor, Sor Toa y Sor Jessenia, junto a los superiores, Hermanas sirvientes y de la Casa Provincial, vivieron&nbsp; la experiencia de la Reconciliaci\u00f3n. Un momento&hellip;","_links":{"self":[{"href":"https:\/\/hdlcecuador.com\/index.php\/wp-json\/wp\/v2\/posts\/13047"}],"collection":[{"href":"https:\/\/hdlcecuador.com\/index.php\/wp-json\/wp\/v2\/posts"}],"about":[{"href":"https:\/\/hdlcecuador.com\/index.php\/wp-json\/wp\/v2\/types\/post"}],"author":[{"embeddable":true,"href":"https:\/\/hdlcecuador.com\/index.php\/wp-json\/wp\/v2\/users\/1"}],"replies":[{"embeddable":true,"href":"https:\/\/hdlcecuador.com\/index.php\/wp-json\/wp\/v2\/comments?post=13047"}],"version-history":[{"count":13,"href":"https:\/\/hdlcecuador.com\/index.php\/wp-json\/wp\/v2\/posts\/13047\/revisions"}],"predecessor-version":[{"id":13083,"href":"https:\/\/hdlcecuador.com\/index.php\/wp-json\/wp\/v2\/posts\/13047\/revisions\/13083"}],"wp:featuredmedia":[{"embeddable":true,"href":"https:\/\/hdlcecuador.com\/index.php\/wp-json\/wp\/v2\/media\/13034"}],"wp:attachment":[{"href":"https:\/\/hdlcecuador.com\/index.php\/wp-json\/wp\/v2\/media?parent=13047"}],"wp:term":[{"taxonomy":"category","embeddable":true,"href":"https:\/\/hdlcecuador.com\/index.php\/wp-json\/wp\/v2\/categories?post=13047"},{"taxonomy":"post_tag","embeddable":true,"href":"https:\/\/hdlcecuador.com\/index.php\/wp-json\/wp\/v2\/tags?post=13047"},{"taxonomy":"post_folder","embeddable":true,"href":"https:\/\/hdlcecuador.com\/index.php\/wp-json\/wp\/v2\/post_folder?post=13047"}],"curies":[{"name":"wp","href":"https:\/\/api.w.org\/{rel}","templated":true}]}}