{"id":13983,"date":"2022-10-13T01:56:29","date_gmt":"2022-10-13T01:56:29","guid":{"rendered":"https:\/\/hdlcecuador.com\/?p=13983"},"modified":"2022-10-13T02:41:08","modified_gmt":"2022-10-13T02:41:08","slug":"encuentro-de-visitadoras-y-economas-de-america-latina-y-el-caribe","status":"publish","type":"post","link":"https:\/\/hdlcecuador.com\/index.php\/2022\/10\/13\/encuentro-de-visitadoras-y-economas-de-america-latina-y-el-caribe\/","title":{"rendered":"ENCUENTRO DE VISITADORAS Y EC\u00d3NOMAS DE AMERICA LATINA Y EL CARIBE"},"content":{"rendered":"\t\t<div data-elementor-type=\"wp-post\" data-elementor-id=\"13983\" class=\"elementor elementor-13983\">\n\t\t\t\t\t\t<section class=\"elementor-section elementor-top-section elementor-element elementor-element-919a9e5 elementor-section-items-top elementor-section-height-min-height elementor-section-boxed elementor-section-height-default\" data-id=\"919a9e5\" data-element_type=\"section\" data-settings=\"{&quot;background_background&quot;:&quot;classic&quot;}\">\n\t\t\t\t\t\t<div class=\"elementor-container elementor-column-gap-default\">\n\t\t\t\t\t<div class=\"elementor-column elementor-col-33 elementor-top-column elementor-element elementor-element-56f774b\" data-id=\"56f774b\" data-element_type=\"column\">\n\t\t\t<div class=\"elementor-widget-wrap elementor-element-populated\">\n\t\t\t\t\t\t<div class=\"elementor-element elementor-element-7a9d7b7 elementor-widget-divider--view-line elementor-widget elementor-widget-divider\" data-id=\"7a9d7b7\" data-element_type=\"widget\" data-widget_type=\"divider.default\">\n\t\t\t\t<div class=\"elementor-widget-container\">\n\t\t\t\t\t\t\t<div class=\"elementor-divider\">\n\t\t\t<span class=\"elementor-divider-separator\">\n\t\t\t\t\t\t<\/span>\n\t\t<\/div>\n\t\t\t\t\t\t<\/div>\n\t\t\t\t<\/div>\n\t\t\t\t<div class=\"elementor-element elementor-element-6761b69 elementor-widget elementor-widget-image\" data-id=\"6761b69\" data-element_type=\"widget\" data-widget_type=\"image.default\">\n\t\t\t\t<div class=\"elementor-widget-container\">\n\t\t\t\t\t\t\t\t\t\t\t\t\t\t\t<img decoding=\"async\" src=\"https:\/\/hdlcecuador.com\/wp-content\/uploads\/2021\/03\/logo-horizontal-derecha-1.png\" title=\"\" alt=\"\" loading=\"lazy\" \/>\t\t\t\t\t\t\t\t\t\t\t\t\t\t\t<\/div>\n\t\t\t\t<\/div>\n\t\t\t\t\t<\/div>\n\t\t<\/div>\n\t\t\t\t<div class=\"elementor-column elementor-col-33 elementor-top-column elementor-element elementor-element-1deb6a0\" data-id=\"1deb6a0\" data-element_type=\"column\">\n\t\t\t<div class=\"elementor-widget-wrap\">\n\t\t\t\t\t\t\t<\/div>\n\t\t<\/div>\n\t\t\t\t<div class=\"elementor-column elementor-col-33 elementor-top-column elementor-element elementor-element-8c50bfe\" data-id=\"8c50bfe\" data-element_type=\"column\">\n\t\t\t<div class=\"elementor-widget-wrap\">\n\t\t\t\t\t\t\t<\/div>\n\t\t<\/div>\n\t\t\t\t\t<\/div>\n\t\t<\/section>\n\t\t\t\t<section class=\"elementor-section elementor-top-section elementor-element elementor-element-b2eda65 elementor-section-boxed elementor-section-height-default elementor-section-height-default\" data-id=\"b2eda65\" data-element_type=\"section\">\n\t\t\t\t\t\t<div class=\"elementor-container elementor-column-gap-no\">\n\t\t\t\t\t<div class=\"elementor-column elementor-col-50 elementor-top-column elementor-element elementor-element-a8e0d21\" data-id=\"a8e0d21\" data-element_type=\"column\" data-settings=\"{&quot;background_background&quot;:&quot;gradient&quot;}\">\n\t\t\t<div class=\"elementor-widget-wrap elementor-element-populated\">\n\t\t\t\t\t\t<div class=\"elementor-element elementor-element-75e3c8d elementor-widget elementor-widget-heading\" data-id=\"75e3c8d\" data-element_type=\"widget\" data-widget_type=\"heading.default\">\n\t\t\t\t<div class=\"elementor-widget-container\">\n\t\t\t\t\t<h2 class=\"elementor-heading-title elementor-size-medium\"><a href=\"https:\/\/hdlcecuador.com\/wp-content\/uploads\/2021\/10\/CamScanner-10-15-2021-11.45.pdf\">\u00bfQu\u00e9 est\u00e1 pasando en la relaci\u00f3n econom\u00eda-vida consagrada-misi\u00f3n? (situaci\u00f3n)\n\uf0d8\tDesde el contexto cultural, pol\u00edtico y social\n\uf0d8\tDesde los retos institucionales de las comunidades religiosas\n\uf0d8\tDesde las pr\u00e1cticas personales\n\uf0d8\tDesde los nuevos desaf\u00edos\n\n<\/a><\/h2>\t\t\t\t<\/div>\n\t\t\t\t<\/div>\n\t\t\t\t<div class=\"elementor-element elementor-element-4ef5b52 elementor-widget elementor-widget-image\" data-id=\"4ef5b52\" data-element_type=\"widget\" data-widget_type=\"image.default\">\n\t\t\t\t<div class=\"elementor-widget-container\">\n\t\t\t\t\t\t\t\t\t\t\t\t\t\t\t<img fetchpriority=\"high\" decoding=\"async\" width=\"1024\" height=\"766\" src=\"https:\/\/hdlcecuador.com\/wp-content\/uploads\/2022\/10\/IMG-20221002-WA0094-1024x766.jpg\" class=\"attachment-large size-large wp-image-13977\" alt=\"\" srcset=\"https:\/\/hdlcecuador.com\/wp-content\/uploads\/2022\/10\/IMG-20221002-WA0094-1024x766.jpg 1024w, https:\/\/hdlcecuador.com\/wp-content\/uploads\/2022\/10\/IMG-20221002-WA0094-300x224.jpg 300w, https:\/\/hdlcecuador.com\/wp-content\/uploads\/2022\/10\/IMG-20221002-WA0094-768x574.jpg 768w, https:\/\/hdlcecuador.com\/wp-content\/uploads\/2022\/10\/IMG-20221002-WA0094.jpg 1280w\" sizes=\"(max-width: 1024px) 100vw, 1024px\" \/>\t\t\t\t\t\t\t\t\t\t\t\t\t\t\t<\/div>\n\t\t\t\t<\/div>\n\t\t\t\t\t<\/div>\n\t\t<\/div>\n\t\t\t\t<div class=\"elementor-column elementor-col-50 elementor-top-column elementor-element elementor-element-2cf37e2\" data-id=\"2cf37e2\" data-element_type=\"column\">\n\t\t\t<div class=\"elementor-widget-wrap elementor-element-populated\">\n\t\t\t\t\t\t<div class=\"elementor-element elementor-element-14d08ae elementor-widget elementor-widget-image\" data-id=\"14d08ae\" data-element_type=\"widget\" data-widget_type=\"image.default\">\n\t\t\t\t<div class=\"elementor-widget-container\">\n\t\t\t\t\t\t\t\t\t\t\t\t\t\t\t<img decoding=\"async\" width=\"1024\" height=\"768\" src=\"https:\/\/hdlcecuador.com\/wp-content\/uploads\/2022\/10\/IMG-20220929-WA0049-1024x768.jpg\" class=\"attachment-large size-large wp-image-13968\" alt=\"\" srcset=\"https:\/\/hdlcecuador.com\/wp-content\/uploads\/2022\/10\/IMG-20220929-WA0049-1024x768.jpg 1024w, https:\/\/hdlcecuador.com\/wp-content\/uploads\/2022\/10\/IMG-20220929-WA0049-300x225.jpg 300w, https:\/\/hdlcecuador.com\/wp-content\/uploads\/2022\/10\/IMG-20220929-WA0049-768x576.jpg 768w, https:\/\/hdlcecuador.com\/wp-content\/uploads\/2022\/10\/IMG-20220929-WA0049-1536x1152.jpg 1536w, https:\/\/hdlcecuador.com\/wp-content\/uploads\/2022\/10\/IMG-20220929-WA0049.jpg 1600w\" sizes=\"(max-width: 1024px) 100vw, 1024px\" \/>\t\t\t\t\t\t\t\t\t\t\t\t\t\t\t<\/div>\n\t\t\t\t<\/div>\n\t\t\t\t<div class=\"elementor-element elementor-element-7826628 elementor-widget elementor-widget-heading\" data-id=\"7826628\" data-element_type=\"widget\" data-widget_type=\"heading.default\">\n\t\t\t\t<div class=\"elementor-widget-container\">\n\t\t\t\t\t<h3 class=\"elementor-heading-title elementor-size-large\">\n\n<\/h3>\t\t\t\t<\/div>\n\t\t\t\t<\/div>\n\t\t\t\t<div class=\"elementor-element elementor-element-05086ad elementor-widget elementor-widget-heading\" data-id=\"05086ad\" data-element_type=\"widget\" data-widget_type=\"heading.default\">\n\t\t\t\t<div class=\"elementor-widget-container\">\n\t\t\t\t\t<h2 class=\"elementor-heading-title elementor-size-medium\">9 mesas con las banderas de los pa\u00edses que componen cada Provincia. Una postulante o Hermana, vestida con uno de los trajes t\u00edpicos de Ecuador, le\u00eda un texto de san Vicente o santa Luisa, relativo a la econom\u00eda y entregaba a la Visitadora las banderas de su Provincia y a la Ec\u00f3noma el texto le\u00eddo. <\/h2>\t\t\t\t<\/div>\n\t\t\t\t<\/div>\n\t\t\t\t<div class=\"elementor-element elementor-element-737b3e6 elementor-align-left elementor-mobile-align-center elementor-widget elementor-widget-button\" data-id=\"737b3e6\" data-element_type=\"widget\" data-widget_type=\"button.default\">\n\t\t\t\t<div class=\"elementor-widget-container\">\n\t\t\t\t\t\t\t\t\t<div class=\"elementor-button-wrapper\">\n\t\t\t\t\t<a class=\"elementor-button elementor-size-sm\" role=\"button\">\n\t\t\t\t\t\t<span class=\"elementor-button-content-wrapper\">\n\t\t\t\t\t\t\t\t\t<span class=\"elementor-button-text\">Aprende m\u00e1s<\/span>\n\t\t\t\t\t<\/span>\n\t\t\t\t\t<\/a>\n\t\t\t\t<\/div>\n\t\t\t\t\t\t\t\t<\/div>\n\t\t\t\t<\/div>\n\t\t\t\t\t<\/div>\n\t\t<\/div>\n\t\t\t\t\t<\/div>\n\t\t<\/section>\n\t\t\t\t<section class=\"elementor-section elementor-top-section elementor-element elementor-element-2d6b8e7 elementor-section-height-min-height elementor-section-boxed elementor-section-height-default elementor-section-items-middle\" data-id=\"2d6b8e7\" data-element_type=\"section\" data-settings=\"{&quot;background_background&quot;:&quot;video&quot;,&quot;background_video_link&quot;:&quot;https:\\\/\\\/www.youtube.com\\\/watch?v=1MHQz_oNJY0&quot;,&quot;background_video_start&quot;:30}\">\n\t\t\t\t\t\t\t\t<div class=\"elementor-background-video-container elementor-hidden-mobile\">\n\t\t\t\t\t\t\t\t\t\t\t\t\t<div class=\"elementor-background-video-embed\"><\/div>\n\t\t\t\t\t\t\t\t\t\t\t\t<\/div>\n\t\t\t\t\t\t\t\t\t<div class=\"elementor-background-overlay\"><\/div>\n\t\t\t\t\t\t\t<div class=\"elementor-container elementor-column-gap-default\">\n\t\t\t\t\t<div class=\"elementor-column elementor-col-100 elementor-top-column elementor-element elementor-element-a08859d\" data-id=\"a08859d\" data-element_type=\"column\">\n\t\t\t<div class=\"elementor-widget-wrap elementor-element-populated\">\n\t\t\t\t\t\t<section class=\"elementor-section elementor-inner-section elementor-element elementor-element-3d91cd6 elementor-section-boxed elementor-section-height-default elementor-section-height-default\" data-id=\"3d91cd6\" data-element_type=\"section\">\n\t\t\t\t\t\t<div class=\"elementor-container elementor-column-gap-default\">\n\t\t\t\t\t<div class=\"elementor-column elementor-col-50 elementor-inner-column elementor-element elementor-element-9351e41\" data-id=\"9351e41\" data-element_type=\"column\" data-settings=\"{&quot;background_background&quot;:&quot;classic&quot;}\">\n\t\t\t<div class=\"elementor-widget-wrap\">\n\t\t\t\t\t\t\t<\/div>\n\t\t<\/div>\n\t\t\t\t<div class=\"elementor-column elementor-col-50 elementor-inner-column elementor-element elementor-element-f960eea\" data-id=\"f960eea\" data-element_type=\"column\">\n\t\t\t<div class=\"elementor-widget-wrap\">\n\t\t\t\t\t\t\t<\/div>\n\t\t<\/div>\n\t\t\t\t\t<\/div>\n\t\t<\/section>\n\t\t\t\t\t<\/div>\n\t\t<\/div>\n\t\t\t\t\t<\/div>\n\t\t<\/section>\n\t\t\t\t<section class=\"elementor-section elementor-top-section elementor-element elementor-element-a3ea2bd elementor-section-content-middle elementor-section-full_width elementor-reverse-mobile elementor-section-height-default elementor-section-height-default\" data-id=\"a3ea2bd\" data-element_type=\"section\" data-settings=\"{&quot;background_background&quot;:&quot;none&quot;}\">\n\t\t\t\t\t\t<div class=\"elementor-container elementor-column-gap-no\">\n\t\t\t\t\t<div class=\"elementor-column elementor-col-50 elementor-top-column elementor-element elementor-element-f055c5c\" data-id=\"f055c5c\" data-element_type=\"column\" data-settings=\"{&quot;background_background&quot;:&quot;gradient&quot;}\">\n\t\t\t<div class=\"elementor-widget-wrap elementor-element-populated\">\n\t\t\t\t\t\t<div class=\"elementor-element elementor-element-d59c450 elementor-widget elementor-widget-text-editor\" data-id=\"d59c450\" data-element_type=\"widget\" data-widget_type=\"text-editor.default\">\n\t\t\t\t<div class=\"elementor-widget-container\">\n\t\t\t\t\t\t\t\t\t<p>El encuentro de Visitadoras, Ec\u00f3nomas y hermanas enlaces econ\u00f3micos de Am\u00e9rica Latina y el Caribe, se desarroll\u00f3 en Ecuador, del 29 de Septiembre al 6 de Octubre.<\/p><p>Este encuentro cont\u00f3 con la presencia de Sor Alicia Margarita Cortez-Consejera General, Sor Isel Negrelli Ec\u00f3noma general, de origen Brasile\u00f1o y Sor Immaculada Laredo de la Comisi\u00f3n internacional de Finanzas.<\/p><p>Oraci\u00f3n, desarrollo de temas econ\u00f3micos con la participaci\u00f3n de\u00a0 las hermanas responsables del \u00e1rea econ\u00f3mica de la Compa\u00f1\u00eda y de expertos contables. Trabajos de grupos. Conclusiones y compromisos.<\/p><p>Tiempos para alimentar la fraternidad,\u00a0<\/p><p>Todo encuentro es una gracia, porque abre nuevos caminos, a favor del bienestar de las hermanas y de procurar un mejor servicio a los pobres.<\/p><p>Encomendamos a San Vicente, a Santa Luisa y a San Mateo, acompa\u00f1en a nuestras hermanas en esta misi\u00f3n tan delicada.<\/p><p>Gracias por haber elegido Ecuador como centro del Encuentro, la presencia de cada Hermana es una\u00a0 bendici\u00f3n y habla de la internacionalidad de la Compa\u00f1\u00eda.<\/p><p>\u00a0<\/p>\t\t\t\t\t\t\t\t<\/div>\n\t\t\t\t<\/div>\n\t\t\t\t\t<\/div>\n\t\t<\/div>\n\t\t\t\t<div class=\"elementor-column elementor-col-50 elementor-top-column elementor-element elementor-element-6980d09\" data-id=\"6980d09\" data-element_type=\"column\" data-settings=\"{&quot;background_background&quot;:&quot;classic&quot;}\">\n\t\t\t<div class=\"elementor-widget-wrap elementor-element-populated\">\n\t\t\t\t\t<div class=\"elementor-background-overlay\"><\/div>\n\t\t\t\t\t\t\t<\/div>\n\t\t<\/div>\n\t\t\t\t\t<\/div>\n\t\t<\/section>\n\t\t\t\t<section class=\"elementor-section elementor-top-section elementor-element elementor-element-e06cd6c elementor-section-boxed elementor-section-height-default elementor-section-height-default\" data-id=\"e06cd6c\" data-element_type=\"section\" data-settings=\"{&quot;background_background&quot;:&quot;classic&quot;}\">\n\t\t\t\t\t\t<div class=\"elementor-container elementor-column-gap-default\">\n\t\t\t\t\t<div class=\"elementor-column elementor-col-100 elementor-top-column elementor-element elementor-element-8a25ab7\" data-id=\"8a25ab7\" data-element_type=\"column\">\n\t\t\t<div class=\"elementor-widget-wrap elementor-element-populated\">\n\t\t\t\t\t\t<div class=\"elementor-element elementor-element-8479d3d elementor-widget elementor-widget-text-editor\" data-id=\"8479d3d\" data-element_type=\"widget\" data-widget_type=\"text-editor.default\">\n\t\t\t\t<div class=\"elementor-widget-container\">\n\t\t\t\t\t\t\t\t\t<p>RECURSOS DE LA CELEBRACI\u00d3N DEL ANIVERSARIO VOCACIONAL 2022<\/p>\t\t\t\t\t\t\t\t<\/div>\n\t\t\t\t<\/div>\n\t\t\t\t<div class=\"elementor-element elementor-element-a29a439 elementor-arrows-position-inside elementor-pagination-position-outside elementor-widget elementor-widget-image-carousel\" data-id=\"a29a439\" data-element_type=\"widget\" data-settings=\"{&quot;slides_to_show&quot;:&quot;3&quot;,&quot;image_spacing_custom&quot;:{&quot;unit&quot;:&quot;px&quot;,&quot;size&quot;:0,&quot;sizes&quot;:[]},&quot;navigation&quot;:&quot;both&quot;,&quot;autoplay&quot;:&quot;yes&quot;,&quot;pause_on_hover&quot;:&quot;yes&quot;,&quot;pause_on_interaction&quot;:&quot;yes&quot;,&quot;autoplay_speed&quot;:5000,&quot;infinite&quot;:&quot;yes&quot;,&quot;speed&quot;:500,&quot;image_spacing_custom_tablet&quot;:{&quot;unit&quot;:&quot;px&quot;,&quot;size&quot;:&quot;&quot;,&quot;sizes&quot;:[]},&quot;image_spacing_custom_mobile&quot;:{&quot;unit&quot;:&quot;px&quot;,&quot;size&quot;:&quot;&quot;,&quot;sizes&quot;:[]}}\" data-widget_type=\"image-carousel.default\">\n\t\t\t\t<div class=\"elementor-widget-container\">\n\t\t\t\t\t\t\t<div class=\"elementor-image-carousel-wrapper swiper\" role=\"region\" aria-roledescription=\"carousel\" aria-label=\"Carrusel de im\u00e1genes\" dir=\"ltr\">\n\t\t\t<div class=\"elementor-image-carousel swiper-wrapper swiper-image-stretch\" aria-live=\"off\">\n\t\t\t\t\t\t\t\t<div class=\"swiper-slide\" role=\"group\" aria-roledescription=\"slide\" aria-label=\"1 de 17\"><figure class=\"swiper-slide-inner\"><img decoding=\"async\" class=\"swiper-slide-image\" src=\"https:\/\/hdlcecuador.com\/wp-content\/uploads\/2022\/10\/IMG-20221004-WA0062-300x300.jpg\" alt=\"IMG-20221004-WA0062\" \/><\/figure><\/div><div class=\"swiper-slide\" role=\"group\" aria-roledescription=\"slide\" aria-label=\"2 de 17\"><figure class=\"swiper-slide-inner\"><img decoding=\"async\" class=\"swiper-slide-image\" src=\"https:\/\/hdlcecuador.com\/wp-content\/uploads\/2022\/10\/IMG-20221004-WA0060-300x300.jpg\" alt=\"IMG-20221004-WA0060\" \/><\/figure><\/div><div class=\"swiper-slide\" role=\"group\" aria-roledescription=\"slide\" aria-label=\"3 de 17\"><figure class=\"swiper-slide-inner\"><img decoding=\"async\" class=\"swiper-slide-image\" src=\"https:\/\/hdlcecuador.com\/wp-content\/uploads\/2022\/10\/IMG-20221004-WA0053-300x300.jpg\" alt=\"IMG-20221004-WA0053\" \/><\/figure><\/div><div class=\"swiper-slide\" role=\"group\" aria-roledescription=\"slide\" aria-label=\"4 de 17\"><figure class=\"swiper-slide-inner\"><img decoding=\"async\" class=\"swiper-slide-image\" src=\"https:\/\/hdlcecuador.com\/wp-content\/uploads\/2022\/10\/IMG-20221004-WA0052-300x300.jpg\" alt=\"IMG-20221004-WA0052\" \/><\/figure><\/div><div class=\"swiper-slide\" role=\"group\" aria-roledescription=\"slide\" aria-label=\"5 de 17\"><figure class=\"swiper-slide-inner\"><img decoding=\"async\" class=\"swiper-slide-image\" src=\"https:\/\/hdlcecuador.com\/wp-content\/uploads\/2022\/10\/IMG-20221002-WA0095-300x300.jpg\" alt=\"IMG-20221002-WA0095\" \/><\/figure><\/div><div class=\"swiper-slide\" role=\"group\" aria-roledescription=\"slide\" aria-label=\"6 de 17\"><figure class=\"swiper-slide-inner\"><img decoding=\"async\" class=\"swiper-slide-image\" src=\"https:\/\/hdlcecuador.com\/wp-content\/uploads\/2022\/10\/IMG-20221002-WA0094-300x300.jpg\" alt=\"IMG-20221002-WA0094\" \/><\/figure><\/div><div class=\"swiper-slide\" role=\"group\" aria-roledescription=\"slide\" aria-label=\"7 de 17\"><figure class=\"swiper-slide-inner\"><img decoding=\"async\" class=\"swiper-slide-image\" src=\"https:\/\/hdlcecuador.com\/wp-content\/uploads\/2022\/10\/IMG-20221002-WA0093-300x300.jpg\" alt=\"IMG-20221002-WA0093\" \/><\/figure><\/div><div class=\"swiper-slide\" role=\"group\" aria-roledescription=\"slide\" aria-label=\"8 de 17\"><figure class=\"swiper-slide-inner\"><img decoding=\"async\" class=\"swiper-slide-image\" src=\"https:\/\/hdlcecuador.com\/wp-content\/uploads\/2022\/10\/IMG-20221002-WA0069-300x300.jpg\" alt=\"IMG-20221002-WA0069\" \/><\/figure><\/div><div class=\"swiper-slide\" role=\"group\" aria-roledescription=\"slide\" aria-label=\"9 de 17\"><figure class=\"swiper-slide-inner\"><img decoding=\"async\" class=\"swiper-slide-image\" src=\"https:\/\/hdlcecuador.com\/wp-content\/uploads\/2022\/10\/IMG-20221002-WA0068-300x300.jpg\" alt=\"IMG-20221002-WA0068\" \/><\/figure><\/div><div class=\"swiper-slide\" role=\"group\" aria-roledescription=\"slide\" aria-label=\"10 de 17\"><figure class=\"swiper-slide-inner\"><img decoding=\"async\" class=\"swiper-slide-image\" src=\"https:\/\/hdlcecuador.com\/wp-content\/uploads\/2022\/10\/IMG-20221002-WA0061-300x300.jpg\" alt=\"IMG-20221002-WA0061\" \/><\/figure><\/div><div class=\"swiper-slide\" role=\"group\" aria-roledescription=\"slide\" aria-label=\"11 de 17\"><figure class=\"swiper-slide-inner\"><img decoding=\"async\" class=\"swiper-slide-image\" src=\"https:\/\/hdlcecuador.com\/wp-content\/uploads\/2022\/10\/IMG-20221002-WA0057-300x300.jpg\" alt=\"IMG-20221002-WA0057\" \/><\/figure><\/div><div class=\"swiper-slide\" role=\"group\" aria-roledescription=\"slide\" aria-label=\"12 de 17\"><figure class=\"swiper-slide-inner\"><img decoding=\"async\" class=\"swiper-slide-image\" src=\"https:\/\/hdlcecuador.com\/wp-content\/uploads\/2022\/10\/IMG-20221002-WA0049-300x300.jpg\" alt=\"IMG-20221002-WA0049\" \/><\/figure><\/div><div class=\"swiper-slide\" role=\"group\" aria-roledescription=\"slide\" aria-label=\"13 de 17\"><figure class=\"swiper-slide-inner\"><img decoding=\"async\" class=\"swiper-slide-image\" src=\"https:\/\/hdlcecuador.com\/wp-content\/uploads\/2022\/10\/IMG-20220929-WA0054-300x300.jpg\" alt=\"IMG-20220929-WA0054\" \/><\/figure><\/div><div class=\"swiper-slide\" role=\"group\" aria-roledescription=\"slide\" aria-label=\"14 de 17\"><figure class=\"swiper-slide-inner\"><img decoding=\"async\" class=\"swiper-slide-image\" src=\"https:\/\/hdlcecuador.com\/wp-content\/uploads\/2022\/10\/IMG-20220929-WA0053-300x300.jpg\" alt=\"IMG-20220929-WA0053\" \/><\/figure><\/div><div class=\"swiper-slide\" role=\"group\" aria-roledescription=\"slide\" aria-label=\"15 de 17\"><figure class=\"swiper-slide-inner\"><img decoding=\"async\" class=\"swiper-slide-image\" src=\"https:\/\/hdlcecuador.com\/wp-content\/uploads\/2022\/10\/IMG-20220929-WA0049-300x300.jpg\" alt=\"IMG-20220929-WA0049\" \/><\/figure><\/div><div class=\"swiper-slide\" role=\"group\" aria-roledescription=\"slide\" aria-label=\"16 de 17\"><figure class=\"swiper-slide-inner\"><img decoding=\"async\" class=\"swiper-slide-image\" src=\"https:\/\/hdlcecuador.com\/wp-content\/uploads\/2022\/10\/IMG-20220929-WA0044-300x300.jpg\" alt=\"IMG-20220929-WA0044\" \/><\/figure><\/div><div class=\"swiper-slide\" role=\"group\" aria-roledescription=\"slide\" aria-label=\"17 de 17\"><figure class=\"swiper-slide-inner\"><img decoding=\"async\" class=\"swiper-slide-image\" src=\"https:\/\/hdlcecuador.com\/wp-content\/uploads\/2022\/10\/IMG-20220928-WA0055-300x300.jpg\" alt=\"IMG-20220928-WA0055\" \/><\/figure><\/div>\t\t\t<\/div>\n\t\t\t\t\t\t\t\t\t\t\t\t<div class=\"elementor-swiper-button elementor-swiper-button-prev\" role=\"button\" tabindex=\"0\">\n\t\t\t\t\t\t<i aria-hidden=\"true\" class=\"eicon-chevron-left\"><\/i>\t\t\t\t\t<\/div>\n\t\t\t\t\t<div class=\"elementor-swiper-button elementor-swiper-button-next\" role=\"button\" tabindex=\"0\">\n\t\t\t\t\t\t<i aria-hidden=\"true\" class=\"eicon-chevron-right\"><\/i>\t\t\t\t\t<\/div>\n\t\t\t\t\n\t\t\t\t\t\t\t\t\t<div class=\"swiper-pagination\"><\/div>\n\t\t\t\t\t\t\t\t\t<\/div>\n\t\t\t\t\t\t<\/div>\n\t\t\t\t<\/div>\n\t\t\t\t\t<\/div>\n\t\t<\/div>\n\t\t\t\t\t<\/div>\n\t\t<\/section>\n\t\t\t\t<\/div>\n\t\t","protected":false},"excerpt":{"rendered":"<p>\u00bfQu\u00e9 est\u00e1 pasando en la relaci\u00f3n econom\u00eda-vida consagrada-misi\u00f3n? (situaci\u00f3n) \uf0d8 Desde el contexto cultural, pol\u00edtico y social \uf0d8 Desde los retos institucionales de las comunidades religiosas \uf0d8 Desde las pr\u00e1cticas personales \uf0d8 Desde los nuevos desaf\u00edos 9 mesas con las banderas de los pa\u00edses que componen cada Provincia. Una postulante o Hermana, vestida con uno [&hellip;]<\/p>\n","protected":false},"author":1,"featured_media":13970,"comment_status":"open","ping_status":"open","sticky":false,"template":"elementor_header_footer","format":"standard","meta":{"ocean_post_layout":"full-screen","ocean_both_sidebars_style":"","ocean_both_sidebars_content_width":0,"ocean_both_sidebars_sidebars_width":0,"ocean_sidebar":"0","ocean_second_sidebar":"0","ocean_disable_margins":"enable","ocean_add_body_class":"","ocean_shortcode_before_top_bar":"","ocean_shortcode_after_top_bar":"","ocean_shortcode_before_header":"","ocean_shortcode_after_header":"","ocean_has_shortcode":"","ocean_shortcode_after_title":"","ocean_shortcode_before_footer_widgets":"","ocean_shortcode_after_footer_widgets":"","ocean_shortcode_before_footer_bottom":"","ocean_shortcode_after_footer_bottom":"","ocean_display_top_bar":"off","ocean_display_header":"default","ocean_header_style":"transparent","ocean_center_header_left_menu":"0","ocean_custom_header_template":"0","ocean_custom_logo":0,"ocean_custom_retina_logo":0,"ocean_custom_logo_max_width":0,"ocean_custom_logo_tablet_max_width":0,"ocean_custom_logo_mobile_max_width":0,"ocean_custom_logo_max_height":0,"ocean_custom_logo_tablet_max_height":0,"ocean_custom_logo_mobile_max_height":0,"ocean_header_custom_menu":"0","ocean_menu_typo_font_family":"0","ocean_menu_typo_font_subset":"","ocean_menu_typo_font_size":0,"ocean_menu_typo_font_size_tablet":0,"ocean_menu_typo_font_size_mobile":0,"ocean_menu_typo_font_size_unit":"px","ocean_menu_typo_font_weight":"","ocean_menu_typo_font_weight_tablet":"","ocean_menu_typo_font_weight_mobile":"","ocean_menu_typo_transform":"","ocean_menu_typo_transform_tablet":"","ocean_menu_typo_transform_mobile":"","ocean_menu_typo_line_height":0,"ocean_menu_typo_line_height_tablet":0,"ocean_menu_typo_line_height_mobile":0,"ocean_menu_typo_line_height_unit":"","ocean_menu_typo_spacing":0,"ocean_menu_typo_spacing_tablet":0,"ocean_menu_typo_spacing_mobile":0,"ocean_menu_typo_spacing_unit":"","ocean_menu_link_color":"","ocean_menu_link_color_hover":"","ocean_menu_link_color_active":"","ocean_menu_link_background":"","ocean_menu_link_hover_background":"","ocean_menu_link_active_background":"","ocean_menu_social_links_bg":"","ocean_menu_social_hover_links_bg":"","ocean_menu_social_links_color":"","ocean_menu_social_hover_links_color":"","ocean_disable_title":"on","ocean_disable_heading":"default","ocean_post_title":"","ocean_post_subheading":"","ocean_post_title_style":"","ocean_post_title_background_color":"","ocean_post_title_background":0,"ocean_post_title_bg_image_position":"","ocean_post_title_bg_image_attachment":"","ocean_post_title_bg_image_repeat":"","ocean_post_title_bg_image_size":"","ocean_post_title_height":0,"ocean_post_title_bg_overlay":0.5,"ocean_post_title_bg_overlay_color":"","ocean_disable_breadcrumbs":"default","ocean_breadcrumbs_color":"","ocean_breadcrumbs_separator_color":"","ocean_breadcrumbs_links_color":"","ocean_breadcrumbs_links_hover_color":"","ocean_display_footer_widgets":"default","ocean_display_footer_bottom":"default","ocean_custom_footer_template":"0","ocean_post_oembed":"","ocean_post_self_hosted_media":"","ocean_post_video_embed":"","ocean_link_format":"","ocean_link_format_target":"self","ocean_quote_format":"","ocean_quote_format_link":"post","ocean_gallery_link_images":"off","ocean_gallery_id":[],"footnotes":""},"categories":[351],"tags":[],"post_folder":[352],"class_list":["post-13983","post","type-post","status-publish","format-standard","has-post-thumbnail","hentry","category-noticias-comunidad","entry","has-media"],"yoast_head":"<!-- This site is optimized with the Yoast SEO plugin v25.6 - https:\/\/yoast.com\/wordpress\/plugins\/seo\/ -->\n<title>ENCUENTRO DE VISITADORAS Y EC\u00d3NOMAS DE AMERICA LATINA Y EL CARIBE - Compa\u00f1\u00eda HDLC Ecuador<\/title>\n<meta name=\"robots\" content=\"index, follow, max-snippet:-1, max-image-preview:large, max-video-preview:-1\" \/>\n<link rel=\"canonical\" href=\"https:\/\/hdlcecuador.com\/index.php\/2022\/10\/13\/encuentro-de-visitadoras-y-economas-de-america-latina-y-el-caribe\/\" \/>\n<meta property=\"og:locale\" content=\"es_ES\" \/>\n<meta property=\"og:type\" content=\"article\" \/>\n<meta property=\"og:title\" content=\"ENCUENTRO DE VISITADORAS Y EC\u00d3NOMAS DE AMERICA LATINA Y EL CARIBE - Compa\u00f1\u00eda HDLC Ecuador\" \/>\n<meta property=\"og:description\" content=\"\u00bfQu\u00e9 est\u00e1 pasando en la relaci\u00f3n econom\u00eda-vida consagrada-misi\u00f3n? (situaci\u00f3n) \uf0d8 Desde el contexto cultural, pol\u00edtico y social \uf0d8 Desde los retos institucionales de las comunidades religiosas \uf0d8 Desde las pr\u00e1cticas personales \uf0d8 Desde los nuevos desaf\u00edos 9 mesas con las banderas de los pa\u00edses que componen cada Provincia. Una postulante o Hermana, vestida con uno [&hellip;]\" \/>\n<meta property=\"og:url\" content=\"https:\/\/hdlcecuador.com\/index.php\/2022\/10\/13\/encuentro-de-visitadoras-y-economas-de-america-latina-y-el-caribe\/\" \/>\n<meta property=\"og:site_name\" content=\"Compa\u00f1\u00eda HDLC Ecuador\" \/>\n<meta property=\"article:published_time\" content=\"2022-10-13T01:56:29+00:00\" \/>\n<meta property=\"article:modified_time\" content=\"2022-10-13T02:41:08+00:00\" \/>\n<meta property=\"og:image\" content=\"https:\/\/hdlcecuador.com\/wp-content\/uploads\/2022\/10\/IMG-20220929-WA0054.jpg\" \/>\n\t<meta property=\"og:image:width\" content=\"1600\" \/>\n\t<meta property=\"og:image:height\" content=\"1200\" \/>\n\t<meta property=\"og:image:type\" content=\"image\/jpeg\" \/>\n<meta name=\"author\" content=\"administrador\" \/>\n<meta name=\"twitter:card\" content=\"summary_large_image\" \/>\n<meta name=\"twitter:label1\" content=\"Escrito por\" \/>\n\t<meta name=\"twitter:data1\" content=\"administrador\" \/>\n\t<meta name=\"twitter:label2\" content=\"Tiempo de lectura\" \/>\n\t<meta name=\"twitter:data2\" content=\"1 minuto\" \/>\n<script type=\"application\/ld+json\" class=\"yoast-schema-graph\">{\"@context\":\"https:\/\/schema.org\",\"@graph\":[{\"@type\":\"Article\",\"@id\":\"https:\/\/hdlcecuador.com\/index.php\/2022\/10\/13\/encuentro-de-visitadoras-y-economas-de-america-latina-y-el-caribe\/#article\",\"isPartOf\":{\"@id\":\"https:\/\/hdlcecuador.com\/index.php\/2022\/10\/13\/encuentro-de-visitadoras-y-economas-de-america-latina-y-el-caribe\/\"},\"author\":{\"name\":\"administrador\",\"@id\":\"https:\/\/hdlcecuador.com\/#\/schema\/person\/88e13c2d15509f9620a744e935829dab\"},\"headline\":\"ENCUENTRO DE VISITADORAS Y EC\u00d3NOMAS DE AMERICA LATINA Y EL CARIBE\",\"datePublished\":\"2022-10-13T01:56:29+00:00\",\"dateModified\":\"2022-10-13T02:41:08+00:00\",\"mainEntityOfPage\":{\"@id\":\"https:\/\/hdlcecuador.com\/index.php\/2022\/10\/13\/encuentro-de-visitadoras-y-economas-de-america-latina-y-el-caribe\/\"},\"wordCount\":297,\"commentCount\":0,\"publisher\":{\"@id\":\"https:\/\/hdlcecuador.com\/#organization\"},\"image\":{\"@id\":\"https:\/\/hdlcecuador.com\/index.php\/2022\/10\/13\/encuentro-de-visitadoras-y-economas-de-america-latina-y-el-caribe\/#primaryimage\"},\"thumbnailUrl\":\"https:\/\/hdlcecuador.com\/wp-content\/uploads\/2022\/10\/IMG-20220929-WA0054.jpg\",\"articleSection\":[\"Noticias Comunidad\"],\"inLanguage\":\"es\",\"potentialAction\":[{\"@type\":\"CommentAction\",\"name\":\"Comment\",\"target\":[\"https:\/\/hdlcecuador.com\/index.php\/2022\/10\/13\/encuentro-de-visitadoras-y-economas-de-america-latina-y-el-caribe\/#respond\"]}]},{\"@type\":\"WebPage\",\"@id\":\"https:\/\/hdlcecuador.com\/index.php\/2022\/10\/13\/encuentro-de-visitadoras-y-economas-de-america-latina-y-el-caribe\/\",\"url\":\"https:\/\/hdlcecuador.com\/index.php\/2022\/10\/13\/encuentro-de-visitadoras-y-economas-de-america-latina-y-el-caribe\/\",\"name\":\"ENCUENTRO DE VISITADORAS Y EC\u00d3NOMAS DE AMERICA LATINA Y EL CARIBE - Compa\u00f1\u00eda HDLC Ecuador\",\"isPartOf\":{\"@id\":\"https:\/\/hdlcecuador.com\/#website\"},\"primaryImageOfPage\":{\"@id\":\"https:\/\/hdlcecuador.com\/index.php\/2022\/10\/13\/encuentro-de-visitadoras-y-economas-de-america-latina-y-el-caribe\/#primaryimage\"},\"image\":{\"@id\":\"https:\/\/hdlcecuador.com\/index.php\/2022\/10\/13\/encuentro-de-visitadoras-y-economas-de-america-latina-y-el-caribe\/#primaryimage\"},\"thumbnailUrl\":\"https:\/\/hdlcecuador.com\/wp-content\/uploads\/2022\/10\/IMG-20220929-WA0054.jpg\",\"datePublished\":\"2022-10-13T01:56:29+00:00\",\"dateModified\":\"2022-10-13T02:41:08+00:00\",\"breadcrumb\":{\"@id\":\"https:\/\/hdlcecuador.com\/index.php\/2022\/10\/13\/encuentro-de-visitadoras-y-economas-de-america-latina-y-el-caribe\/#breadcrumb\"},\"inLanguage\":\"es\",\"potentialAction\":[{\"@type\":\"ReadAction\",\"target\":[\"https:\/\/hdlcecuador.com\/index.php\/2022\/10\/13\/encuentro-de-visitadoras-y-economas-de-america-latina-y-el-caribe\/\"]}]},{\"@type\":\"ImageObject\",\"inLanguage\":\"es\",\"@id\":\"https:\/\/hdlcecuador.com\/index.php\/2022\/10\/13\/encuentro-de-visitadoras-y-economas-de-america-latina-y-el-caribe\/#primaryimage\",\"url\":\"https:\/\/hdlcecuador.com\/wp-content\/uploads\/2022\/10\/IMG-20220929-WA0054.jpg\",\"contentUrl\":\"https:\/\/hdlcecuador.com\/wp-content\/uploads\/2022\/10\/IMG-20220929-WA0054.jpg\",\"width\":1600,\"height\":1200},{\"@type\":\"BreadcrumbList\",\"@id\":\"https:\/\/hdlcecuador.com\/index.php\/2022\/10\/13\/encuentro-de-visitadoras-y-economas-de-america-latina-y-el-caribe\/#breadcrumb\",\"itemListElement\":[{\"@type\":\"ListItem\",\"position\":1,\"name\":\"Portada\",\"item\":\"https:\/\/hdlcecuador.com\/\"},{\"@type\":\"ListItem\",\"position\":2,\"name\":\"ENCUENTRO DE VISITADORAS Y EC\u00d3NOMAS DE AMERICA LATINA Y EL CARIBE\"}]},{\"@type\":\"WebSite\",\"@id\":\"https:\/\/hdlcecuador.com\/#website\",\"url\":\"https:\/\/hdlcecuador.com\/\",\"name\":\"Compa\u00f1\u00eda HDLC Ecuador\",\"description\":\"Sitio Web Oficial de las Compa\u00f1ia de las Hijas de la Caridad en Ecuador\",\"publisher\":{\"@id\":\"https:\/\/hdlcecuador.com\/#organization\"},\"potentialAction\":[{\"@type\":\"SearchAction\",\"target\":{\"@type\":\"EntryPoint\",\"urlTemplate\":\"https:\/\/hdlcecuador.com\/?s={search_term_string}\"},\"query-input\":{\"@type\":\"PropertyValueSpecification\",\"valueRequired\":true,\"valueName\":\"search_term_string\"}}],\"inLanguage\":\"es\"},{\"@type\":\"Organization\",\"@id\":\"https:\/\/hdlcecuador.com\/#organization\",\"name\":\"Compa\u00f1\u00eda HDLC Ecuador\",\"url\":\"https:\/\/hdlcecuador.com\/\",\"logo\":{\"@type\":\"ImageObject\",\"inLanguage\":\"es\",\"@id\":\"https:\/\/hdlcecuador.com\/#\/schema\/logo\/image\/\",\"url\":\"https:\/\/hdlcecuador.com\/wp-content\/uploads\/2021\/03\/cropped-logo-2-oficial-hor.-dere.png\",\"contentUrl\":\"https:\/\/hdlcecuador.com\/wp-content\/uploads\/2021\/03\/cropped-logo-2-oficial-hor.-dere.png\",\"width\":1800,\"height\":980,\"caption\":\"Compa\u00f1\u00eda HDLC Ecuador\"},\"image\":{\"@id\":\"https:\/\/hdlcecuador.com\/#\/schema\/logo\/image\/\"}},{\"@type\":\"Person\",\"@id\":\"https:\/\/hdlcecuador.com\/#\/schema\/person\/88e13c2d15509f9620a744e935829dab\",\"name\":\"administrador\",\"image\":{\"@type\":\"ImageObject\",\"inLanguage\":\"es\",\"@id\":\"https:\/\/hdlcecuador.com\/#\/schema\/person\/image\/\",\"url\":\"https:\/\/secure.gravatar.com\/avatar\/64ac484ddbbff6a120df480c03610bb6?s=96&d=mm&r=g\",\"contentUrl\":\"https:\/\/secure.gravatar.com\/avatar\/64ac484ddbbff6a120df480c03610bb6?s=96&d=mm&r=g\",\"caption\":\"administrador\"},\"sameAs\":[\"https:\/\/hdlcecuador.com\"],\"url\":\"https:\/\/hdlcecuador.com\/index.php\/author\/administrador\/\"}]}<\/script>\n<!-- \/ Yoast SEO plugin. -->","yoast_head_json":{"title":"ENCUENTRO DE VISITADORAS Y EC\u00d3NOMAS DE AMERICA LATINA Y EL CARIBE - Compa\u00f1\u00eda HDLC Ecuador","robots":{"index":"index","follow":"follow","max-snippet":"max-snippet:-1","max-image-preview":"max-image-preview:large","max-video-preview":"max-video-preview:-1"},"canonical":"https:\/\/hdlcecuador.com\/index.php\/2022\/10\/13\/encuentro-de-visitadoras-y-economas-de-america-latina-y-el-caribe\/","og_locale":"es_ES","og_type":"article","og_title":"ENCUENTRO DE VISITADORAS Y EC\u00d3NOMAS DE AMERICA LATINA Y EL CARIBE - Compa\u00f1\u00eda HDLC Ecuador","og_description":"\u00bfQu\u00e9 est\u00e1 pasando en la relaci\u00f3n econom\u00eda-vida consagrada-misi\u00f3n? (situaci\u00f3n) \uf0d8 Desde el contexto cultural, pol\u00edtico y social \uf0d8 Desde los retos institucionales de las comunidades religiosas \uf0d8 Desde las pr\u00e1cticas personales \uf0d8 Desde los nuevos desaf\u00edos 9 mesas con las banderas de los pa\u00edses que componen cada Provincia. Una postulante o Hermana, vestida con uno [&hellip;]","og_url":"https:\/\/hdlcecuador.com\/index.php\/2022\/10\/13\/encuentro-de-visitadoras-y-economas-de-america-latina-y-el-caribe\/","og_site_name":"Compa\u00f1\u00eda HDLC Ecuador","article_published_time":"2022-10-13T01:56:29+00:00","article_modified_time":"2022-10-13T02:41:08+00:00","og_image":[{"width":1600,"height":1200,"url":"https:\/\/hdlcecuador.com\/wp-content\/uploads\/2022\/10\/IMG-20220929-WA0054.jpg","type":"image\/jpeg"}],"author":"administrador","twitter_card":"summary_large_image","twitter_misc":{"Escrito por":"administrador","Tiempo de lectura":"1 minuto"},"schema":{"@context":"https:\/\/schema.org","@graph":[{"@type":"Article","@id":"https:\/\/hdlcecuador.com\/index.php\/2022\/10\/13\/encuentro-de-visitadoras-y-economas-de-america-latina-y-el-caribe\/#article","isPartOf":{"@id":"https:\/\/hdlcecuador.com\/index.php\/2022\/10\/13\/encuentro-de-visitadoras-y-economas-de-america-latina-y-el-caribe\/"},"author":{"name":"administrador","@id":"https:\/\/hdlcecuador.com\/#\/schema\/person\/88e13c2d15509f9620a744e935829dab"},"headline":"ENCUENTRO DE VISITADORAS Y EC\u00d3NOMAS DE AMERICA LATINA Y EL CARIBE","datePublished":"2022-10-13T01:56:29+00:00","dateModified":"2022-10-13T02:41:08+00:00","mainEntityOfPage":{"@id":"https:\/\/hdlcecuador.com\/index.php\/2022\/10\/13\/encuentro-de-visitadoras-y-economas-de-america-latina-y-el-caribe\/"},"wordCount":297,"commentCount":0,"publisher":{"@id":"https:\/\/hdlcecuador.com\/#organization"},"image":{"@id":"https:\/\/hdlcecuador.com\/index.php\/2022\/10\/13\/encuentro-de-visitadoras-y-economas-de-america-latina-y-el-caribe\/#primaryimage"},"thumbnailUrl":"https:\/\/hdlcecuador.com\/wp-content\/uploads\/2022\/10\/IMG-20220929-WA0054.jpg","articleSection":["Noticias Comunidad"],"inLanguage":"es","potentialAction":[{"@type":"CommentAction","name":"Comment","target":["https:\/\/hdlcecuador.com\/index.php\/2022\/10\/13\/encuentro-de-visitadoras-y-economas-de-america-latina-y-el-caribe\/#respond"]}]},{"@type":"WebPage","@id":"https:\/\/hdlcecuador.com\/index.php\/2022\/10\/13\/encuentro-de-visitadoras-y-economas-de-america-latina-y-el-caribe\/","url":"https:\/\/hdlcecuador.com\/index.php\/2022\/10\/13\/encuentro-de-visitadoras-y-economas-de-america-latina-y-el-caribe\/","name":"ENCUENTRO DE VISITADORAS Y EC\u00d3NOMAS DE AMERICA LATINA Y EL CARIBE - Compa\u00f1\u00eda HDLC Ecuador","isPartOf":{"@id":"https:\/\/hdlcecuador.com\/#website"},"primaryImageOfPage":{"@id":"https:\/\/hdlcecuador.com\/index.php\/2022\/10\/13\/encuentro-de-visitadoras-y-economas-de-america-latina-y-el-caribe\/#primaryimage"},"image":{"@id":"https:\/\/hdlcecuador.com\/index.php\/2022\/10\/13\/encuentro-de-visitadoras-y-economas-de-america-latina-y-el-caribe\/#primaryimage"},"thumbnailUrl":"https:\/\/hdlcecuador.com\/wp-content\/uploads\/2022\/10\/IMG-20220929-WA0054.jpg","datePublished":"2022-10-13T01:56:29+00:00","dateModified":"2022-10-13T02:41:08+00:00","breadcrumb":{"@id":"https:\/\/hdlcecuador.com\/index.php\/2022\/10\/13\/encuentro-de-visitadoras-y-economas-de-america-latina-y-el-caribe\/#breadcrumb"},"inLanguage":"es","potentialAction":[{"@type":"ReadAction","target":["https:\/\/hdlcecuador.com\/index.php\/2022\/10\/13\/encuentro-de-visitadoras-y-economas-de-america-latina-y-el-caribe\/"]}]},{"@type":"ImageObject","inLanguage":"es","@id":"https:\/\/hdlcecuador.com\/index.php\/2022\/10\/13\/encuentro-de-visitadoras-y-economas-de-america-latina-y-el-caribe\/#primaryimage","url":"https:\/\/hdlcecuador.com\/wp-content\/uploads\/2022\/10\/IMG-20220929-WA0054.jpg","contentUrl":"https:\/\/hdlcecuador.com\/wp-content\/uploads\/2022\/10\/IMG-20220929-WA0054.jpg","width":1600,"height":1200},{"@type":"BreadcrumbList","@id":"https:\/\/hdlcecuador.com\/index.php\/2022\/10\/13\/encuentro-de-visitadoras-y-economas-de-america-latina-y-el-caribe\/#breadcrumb","itemListElement":[{"@type":"ListItem","position":1,"name":"Portada","item":"https:\/\/hdlcecuador.com\/"},{"@type":"ListItem","position":2,"name":"ENCUENTRO DE VISITADORAS Y EC\u00d3NOMAS DE AMERICA LATINA Y EL CARIBE"}]},{"@type":"WebSite","@id":"https:\/\/hdlcecuador.com\/#website","url":"https:\/\/hdlcecuador.com\/","name":"Compa\u00f1\u00eda HDLC Ecuador","description":"Sitio Web Oficial de las Compa\u00f1ia de las Hijas de la Caridad en Ecuador","publisher":{"@id":"https:\/\/hdlcecuador.com\/#organization"},"potentialAction":[{"@type":"SearchAction","target":{"@type":"EntryPoint","urlTemplate":"https:\/\/hdlcecuador.com\/?s={search_term_string}"},"query-input":{"@type":"PropertyValueSpecification","valueRequired":true,"valueName":"search_term_string"}}],"inLanguage":"es"},{"@type":"Organization","@id":"https:\/\/hdlcecuador.com\/#organization","name":"Compa\u00f1\u00eda HDLC Ecuador","url":"https:\/\/hdlcecuador.com\/","logo":{"@type":"ImageObject","inLanguage":"es","@id":"https:\/\/hdlcecuador.com\/#\/schema\/logo\/image\/","url":"https:\/\/hdlcecuador.com\/wp-content\/uploads\/2021\/03\/cropped-logo-2-oficial-hor.-dere.png","contentUrl":"https:\/\/hdlcecuador.com\/wp-content\/uploads\/2021\/03\/cropped-logo-2-oficial-hor.-dere.png","width":1800,"height":980,"caption":"Compa\u00f1\u00eda HDLC Ecuador"},"image":{"@id":"https:\/\/hdlcecuador.com\/#\/schema\/logo\/image\/"}},{"@type":"Person","@id":"https:\/\/hdlcecuador.com\/#\/schema\/person\/88e13c2d15509f9620a744e935829dab","name":"administrador","image":{"@type":"ImageObject","inLanguage":"es","@id":"https:\/\/hdlcecuador.com\/#\/schema\/person\/image\/","url":"https:\/\/secure.gravatar.com\/avatar\/64ac484ddbbff6a120df480c03610bb6?s=96&d=mm&r=g","contentUrl":"https:\/\/secure.gravatar.com\/avatar\/64ac484ddbbff6a120df480c03610bb6?s=96&d=mm&r=g","caption":"administrador"},"sameAs":["https:\/\/hdlcecuador.com"],"url":"https:\/\/hdlcecuador.com\/index.php\/author\/administrador\/"}]}},"rttpg_featured_image_url":{"full":["https:\/\/hdlcecuador.com\/wp-content\/uploads\/2022\/10\/IMG-20220929-WA0054.jpg",1600,1200,false],"landscape":["https:\/\/hdlcecuador.com\/wp-content\/uploads\/2022\/10\/IMG-20220929-WA0054.jpg",1600,1200,false],"portraits":["https:\/\/hdlcecuador.com\/wp-content\/uploads\/2022\/10\/IMG-20220929-WA0054.jpg",1600,1200,false],"thumbnail":["https:\/\/hdlcecuador.com\/wp-content\/uploads\/2022\/10\/IMG-20220929-WA0054-150x150.jpg",150,150,true],"medium":["https:\/\/hdlcecuador.com\/wp-content\/uploads\/2022\/10\/IMG-20220929-WA0054-300x225.jpg",300,225,true],"large":["https:\/\/hdlcecuador.com\/wp-content\/uploads\/2022\/10\/IMG-20220929-WA0054-1024x768.jpg",1024,768,true],"thumblist":["https:\/\/hdlcecuador.com\/wp-content\/uploads\/2022\/10\/IMG-20220929-WA0054-300x300.jpg",300,300,true],"meccarouselthumb":["https:\/\/hdlcecuador.com\/wp-content\/uploads\/2022\/10\/IMG-20220929-WA0054-474x324.jpg",474,324,true],"gridsquare":["https:\/\/hdlcecuador.com\/wp-content\/uploads\/2022\/10\/IMG-20220929-WA0054-391x260.jpg",391,260,true],"tileview":["https:\/\/hdlcecuador.com\/wp-content\/uploads\/2022\/10\/IMG-20220929-WA0054-300x400.jpg",300,400,true],"1536x1536":["https:\/\/hdlcecuador.com\/wp-content\/uploads\/2022\/10\/IMG-20220929-WA0054-1536x1152.jpg",1536,1152,true],"2048x2048":["https:\/\/hdlcecuador.com\/wp-content\/uploads\/2022\/10\/IMG-20220929-WA0054.jpg",1600,1200,false],"ocean-thumb-m":["https:\/\/hdlcecuador.com\/wp-content\/uploads\/2022\/10\/IMG-20220929-WA0054.jpg",600,450,false],"ocean-thumb-ml":["https:\/\/hdlcecuador.com\/wp-content\/uploads\/2022\/10\/IMG-20220929-WA0054.jpg",600,450,false],"ocean-thumb-l":["https:\/\/hdlcecuador.com\/wp-content\/uploads\/2022\/10\/IMG-20220929-WA0054.jpg",933,700,false]},"rttpg_author":{"display_name":"administrador","author_link":"https:\/\/hdlcecuador.com\/index.php\/author\/administrador\/"},"rttpg_comment":3,"rttpg_category":"<a href=\"https:\/\/hdlcecuador.com\/index.php\/category\/noticias-hdlc\/noticias-comunidad\/\" rel=\"category tag\">Noticias Comunidad<\/a>","rttpg_excerpt":"\u00bfQu\u00e9 est\u00e1 pasando en la relaci\u00f3n econom\u00eda-vida consagrada-misi\u00f3n? (situaci\u00f3n) \uf0d8 Desde el contexto cultural, pol\u00edtico y social \uf0d8 Desde los retos institucionales de las comunidades religiosas \uf0d8 Desde las pr\u00e1cticas personales \uf0d8 Desde los nuevos desaf\u00edos 9 mesas con las banderas de los pa\u00edses que componen cada Provincia. Una postulante o Hermana, vestida con uno&hellip;","_links":{"self":[{"href":"https:\/\/hdlcecuador.com\/index.php\/wp-json\/wp\/v2\/posts\/13983"}],"collection":[{"href":"https:\/\/hdlcecuador.com\/index.php\/wp-json\/wp\/v2\/posts"}],"about":[{"href":"https:\/\/hdlcecuador.com\/index.php\/wp-json\/wp\/v2\/types\/post"}],"author":[{"embeddable":true,"href":"https:\/\/hdlcecuador.com\/index.php\/wp-json\/wp\/v2\/users\/1"}],"replies":[{"embeddable":true,"href":"https:\/\/hdlcecuador.com\/index.php\/wp-json\/wp\/v2\/comments?post=13983"}],"version-history":[{"count":7,"href":"https:\/\/hdlcecuador.com\/index.php\/wp-json\/wp\/v2\/posts\/13983\/revisions"}],"predecessor-version":[{"id":13995,"href":"https:\/\/hdlcecuador.com\/index.php\/wp-json\/wp\/v2\/posts\/13983\/revisions\/13995"}],"wp:featuredmedia":[{"embeddable":true,"href":"https:\/\/hdlcecuador.com\/index.php\/wp-json\/wp\/v2\/media\/13970"}],"wp:attachment":[{"href":"https:\/\/hdlcecuador.com\/index.php\/wp-json\/wp\/v2\/media?parent=13983"}],"wp:term":[{"taxonomy":"category","embeddable":true,"href":"https:\/\/hdlcecuador.com\/index.php\/wp-json\/wp\/v2\/categories?post=13983"},{"taxonomy":"post_tag","embeddable":true,"href":"https:\/\/hdlcecuador.com\/index.php\/wp-json\/wp\/v2\/tags?post=13983"},{"taxonomy":"post_folder","embeddable":true,"href":"https:\/\/hdlcecuador.com\/index.php\/wp-json\/wp\/v2\/post_folder?post=13983"}],"curies":[{"name":"wp","href":"https:\/\/api.w.org\/{rel}","templated":true}]}}