{"id":14319,"date":"2023-06-07T21:17:11","date_gmt":"2023-06-07T21:17:11","guid":{"rendered":"https:\/\/hdlcecuador.com\/?p=14319"},"modified":"2023-06-07T22:00:21","modified_gmt":"2023-06-07T22:00:21","slug":"primera-parte-rue-de-sevres-jubileo-de-la-luz-de-pentecostes","status":"publish","type":"post","link":"https:\/\/hdlcecuador.com\/index.php\/2023\/06\/07\/primera-parte-rue-de-sevres-jubileo-de-la-luz-de-pentecostes\/","title":{"rendered":"PRIMERA PARTE- RUE DE SEVRES- JUBILEO DE LA LUZ DE PENTECOSTES"},"content":{"rendered":"\t\t<div data-elementor-type=\"wp-post\" data-elementor-id=\"14319\" class=\"elementor elementor-14319\">\n\t\t\t\t\t\t<section class=\"elementor-section elementor-top-section elementor-element elementor-element-ccf5aae elementor-section-items-top elementor-section-height-min-height elementor-section-boxed elementor-section-height-default\" data-id=\"ccf5aae\" data-element_type=\"section\" data-settings=\"{&quot;background_background&quot;:&quot;classic&quot;}\">\n\t\t\t\t\t\t<div class=\"elementor-container elementor-column-gap-default\">\n\t\t\t\t\t<div class=\"elementor-column elementor-col-33 elementor-top-column elementor-element elementor-element-dbb2af7\" data-id=\"dbb2af7\" data-element_type=\"column\">\n\t\t\t<div class=\"elementor-widget-wrap elementor-element-populated\">\n\t\t\t\t\t\t<div class=\"elementor-element elementor-element-a5b09f6 elementor-widget-divider--view-line elementor-widget elementor-widget-divider\" data-id=\"a5b09f6\" data-element_type=\"widget\" data-widget_type=\"divider.default\">\n\t\t\t\t<div class=\"elementor-widget-container\">\n\t\t\t\t\t\t\t<div class=\"elementor-divider\">\n\t\t\t<span class=\"elementor-divider-separator\">\n\t\t\t\t\t\t<\/span>\n\t\t<\/div>\n\t\t\t\t\t\t<\/div>\n\t\t\t\t<\/div>\n\t\t\t\t<div class=\"elementor-element elementor-element-f8c3e70 elementor-widget elementor-widget-image\" data-id=\"f8c3e70\" data-element_type=\"widget\" data-widget_type=\"image.default\">\n\t\t\t\t<div class=\"elementor-widget-container\">\n\t\t\t\t\t\t\t\t\t\t\t\t\t\t\t<img decoding=\"async\" src=\"https:\/\/hdlcecuador.com\/wp-content\/uploads\/2021\/03\/logo-horizontal-derecha-1.png\" title=\"\" alt=\"\" loading=\"lazy\" \/>\t\t\t\t\t\t\t\t\t\t\t\t\t\t\t<\/div>\n\t\t\t\t<\/div>\n\t\t\t\t\t<\/div>\n\t\t<\/div>\n\t\t\t\t<div class=\"elementor-column elementor-col-33 elementor-top-column elementor-element elementor-element-0e4a28a\" data-id=\"0e4a28a\" data-element_type=\"column\">\n\t\t\t<div class=\"elementor-widget-wrap\">\n\t\t\t\t\t\t\t<\/div>\n\t\t<\/div>\n\t\t\t\t<div class=\"elementor-column elementor-col-33 elementor-top-column elementor-element elementor-element-a2749ca\" data-id=\"a2749ca\" data-element_type=\"column\">\n\t\t\t<div class=\"elementor-widget-wrap\">\n\t\t\t\t\t\t\t<\/div>\n\t\t<\/div>\n\t\t\t\t\t<\/div>\n\t\t<\/section>\n\t\t\t\t<section class=\"elementor-section elementor-top-section elementor-element elementor-element-62e7a36 elementor-section-boxed elementor-section-height-default elementor-section-height-default\" data-id=\"62e7a36\" data-element_type=\"section\">\n\t\t\t\t\t\t<div class=\"elementor-container elementor-column-gap-no\">\n\t\t\t\t\t<div class=\"elementor-column elementor-col-50 elementor-top-column elementor-element elementor-element-fee763d\" data-id=\"fee763d\" data-element_type=\"column\" data-settings=\"{&quot;background_background&quot;:&quot;gradient&quot;}\">\n\t\t\t<div class=\"elementor-widget-wrap elementor-element-populated\">\n\t\t\t\t\t\t<div class=\"elementor-element elementor-element-a7ccdc7 elementor-widget elementor-widget-heading\" data-id=\"a7ccdc7\" data-element_type=\"widget\" data-widget_type=\"heading.default\">\n\t\t\t\t<div class=\"elementor-widget-container\">\n\t\t\t\t\t<h2 class=\"elementor-heading-title elementor-size-medium\"><a href=\"https:\/\/hdlcecuador.com\/wp-content\/uploads\/2021\/10\/CamScanner-10-15-2021-11.45.pdf\">\u00ab\u00bfQui\u00e9n hubiera pensado que iba a haber Hijas de\nla Caridad?... Yo no pensaba en ello... Dios lo pensaba\npor vosotras\u00bb San Vicente.\nY dir\u00edamos qui\u00e9n habr\u00eda pensado que el documento original de Pentecost\u00e9s de Luisa de Marillac, ser\u00eda entregado a la Compa\u00f1\u00eda. DIOS LO PENS\u00d3 ASI.\n<\/a><\/h2>\t\t\t\t<\/div>\n\t\t\t\t<\/div>\n\t\t\t\t<div class=\"elementor-element elementor-element-2e497ee elementor-widget elementor-widget-image\" data-id=\"2e497ee\" data-element_type=\"widget\" data-widget_type=\"image.default\">\n\t\t\t\t<div class=\"elementor-widget-container\">\n\t\t\t\t\t\t\t\t\t\t\t\t\t\t\t<img fetchpriority=\"high\" decoding=\"async\" width=\"1024\" height=\"576\" src=\"https:\/\/hdlcecuador.com\/wp-content\/uploads\/2023\/06\/PRIMERA-PARTE-JUBILEO-RUE-DE-SEVRES-5-1024x576.jpg\" class=\"attachment-large size-large wp-image-14312\" alt=\"\" srcset=\"https:\/\/hdlcecuador.com\/wp-content\/uploads\/2023\/06\/PRIMERA-PARTE-JUBILEO-RUE-DE-SEVRES-5-1024x576.jpg 1024w, https:\/\/hdlcecuador.com\/wp-content\/uploads\/2023\/06\/PRIMERA-PARTE-JUBILEO-RUE-DE-SEVRES-5-300x169.jpg 300w, https:\/\/hdlcecuador.com\/wp-content\/uploads\/2023\/06\/PRIMERA-PARTE-JUBILEO-RUE-DE-SEVRES-5-768x432.jpg 768w, https:\/\/hdlcecuador.com\/wp-content\/uploads\/2023\/06\/PRIMERA-PARTE-JUBILEO-RUE-DE-SEVRES-5.jpg 1280w\" sizes=\"(max-width: 1024px) 100vw, 1024px\" \/>\t\t\t\t\t\t\t\t\t\t\t\t\t\t\t<\/div>\n\t\t\t\t<\/div>\n\t\t\t\t\t<\/div>\n\t\t<\/div>\n\t\t\t\t<div class=\"elementor-column elementor-col-50 elementor-top-column elementor-element elementor-element-ce87e28\" data-id=\"ce87e28\" data-element_type=\"column\">\n\t\t\t<div class=\"elementor-widget-wrap elementor-element-populated\">\n\t\t\t\t\t\t<div class=\"elementor-element elementor-element-c12e744 elementor-widget elementor-widget-image\" data-id=\"c12e744\" data-element_type=\"widget\" data-widget_type=\"image.default\">\n\t\t\t\t<div class=\"elementor-widget-container\">\n\t\t\t\t\t\t\t\t\t\t\t\t\t\t\t<img decoding=\"async\" src=\"https:\/\/hdlcecuador.com\/wp-content\/uploads\/elementor\/thumbs\/PRIMERA-PARTE-JUBILEO-RUE-DE-SEVRES-2-q7moc13tbnfbvh5aemp9scc36cufd9ze8vho172zvs.jpg\" title=\"PRIMERA PARTE JUBILEO- RUE DE SEVRES (2)\" alt=\"PRIMERA PARTE JUBILEO- RUE DE SEVRES (2)\" loading=\"lazy\" \/>\t\t\t\t\t\t\t\t\t\t\t\t\t\t\t<\/div>\n\t\t\t\t<\/div>\n\t\t\t\t<div class=\"elementor-element elementor-element-a307095 elementor-widget elementor-widget-heading\" data-id=\"a307095\" data-element_type=\"widget\" data-widget_type=\"heading.default\">\n\t\t\t\t<div class=\"elementor-widget-container\">\n\t\t\t\t\t<h3 class=\"elementor-heading-title elementor-size-large\">\n\n<\/h3>\t\t\t\t<\/div>\n\t\t\t\t<\/div>\n\t\t\t\t<div class=\"elementor-element elementor-element-385d64b elementor-widget elementor-widget-heading\" data-id=\"385d64b\" data-element_type=\"widget\" data-widget_type=\"heading.default\">\n\t\t\t\t<div class=\"elementor-widget-container\">\n\t\t\t\t\t<h2 class=\"elementor-heading-title elementor-size-medium\">S\u00f3lo la grandeza de esp\u00edritu, permite el desapego de las cosas, el desapego de todo: Bendito sea Dios por este gesto de la Congregaci\u00f3n de la Misi\u00f3n.<\/h2>\t\t\t\t<\/div>\n\t\t\t\t<\/div>\n\t\t\t\t<div class=\"elementor-element elementor-element-046e5ad elementor-align-left elementor-mobile-align-center elementor-widget elementor-widget-button\" data-id=\"046e5ad\" data-element_type=\"widget\" data-widget_type=\"button.default\">\n\t\t\t\t<div class=\"elementor-widget-container\">\n\t\t\t\t\t\t\t\t\t<div class=\"elementor-button-wrapper\">\n\t\t\t\t\t<a class=\"elementor-button elementor-size-sm\" role=\"button\">\n\t\t\t\t\t\t<span class=\"elementor-button-content-wrapper\">\n\t\t\t\t\t\t\t\t\t<span class=\"elementor-button-text\">Aprende m\u00e1s<\/span>\n\t\t\t\t\t<\/span>\n\t\t\t\t\t<\/a>\n\t\t\t\t<\/div>\n\t\t\t\t\t\t\t\t<\/div>\n\t\t\t\t<\/div>\n\t\t\t\t\t<\/div>\n\t\t<\/div>\n\t\t\t\t\t<\/div>\n\t\t<\/section>\n\t\t\t\t<section class=\"elementor-section elementor-top-section elementor-element elementor-element-dbb2f25 elementor-section-height-min-height elementor-section-boxed elementor-section-height-default elementor-section-items-middle\" data-id=\"dbb2f25\" data-element_type=\"section\" data-settings=\"{&quot;background_background&quot;:&quot;video&quot;,&quot;background_video_link&quot;:&quot;https:\\\/\\\/www.youtube.com\\\/watch?v=1MHQz_oNJY0&quot;,&quot;background_video_start&quot;:30}\">\n\t\t\t\t\t\t\t\t<div class=\"elementor-background-video-container elementor-hidden-mobile\">\n\t\t\t\t\t\t\t\t\t\t\t\t\t<div class=\"elementor-background-video-embed\"><\/div>\n\t\t\t\t\t\t\t\t\t\t\t\t<\/div>\n\t\t\t\t\t\t\t\t\t<div class=\"elementor-background-overlay\"><\/div>\n\t\t\t\t\t\t\t<div class=\"elementor-container elementor-column-gap-default\">\n\t\t\t\t\t<div class=\"elementor-column elementor-col-100 elementor-top-column elementor-element elementor-element-c153c9d\" data-id=\"c153c9d\" data-element_type=\"column\">\n\t\t\t<div class=\"elementor-widget-wrap elementor-element-populated\">\n\t\t\t\t\t\t<section class=\"elementor-section elementor-inner-section elementor-element elementor-element-c5e001b elementor-section-boxed elementor-section-height-default elementor-section-height-default\" data-id=\"c5e001b\" data-element_type=\"section\">\n\t\t\t\t\t\t<div class=\"elementor-container elementor-column-gap-default\">\n\t\t\t\t\t<div class=\"elementor-column elementor-col-50 elementor-inner-column elementor-element elementor-element-5996b2b\" data-id=\"5996b2b\" data-element_type=\"column\" data-settings=\"{&quot;background_background&quot;:&quot;classic&quot;}\">\n\t\t\t<div class=\"elementor-widget-wrap\">\n\t\t\t\t\t\t\t<\/div>\n\t\t<\/div>\n\t\t\t\t<div class=\"elementor-column elementor-col-50 elementor-inner-column elementor-element elementor-element-eacaeee\" data-id=\"eacaeee\" data-element_type=\"column\">\n\t\t\t<div class=\"elementor-widget-wrap\">\n\t\t\t\t\t\t\t<\/div>\n\t\t<\/div>\n\t\t\t\t\t<\/div>\n\t\t<\/section>\n\t\t\t\t\t<\/div>\n\t\t<\/div>\n\t\t\t\t\t<\/div>\n\t\t<\/section>\n\t\t\t\t<section class=\"elementor-section elementor-top-section elementor-element elementor-element-0249433 elementor-section-content-middle elementor-section-full_width elementor-reverse-mobile elementor-section-height-default elementor-section-height-default\" data-id=\"0249433\" data-element_type=\"section\" data-settings=\"{&quot;background_background&quot;:&quot;none&quot;}\">\n\t\t\t\t\t\t<div class=\"elementor-container elementor-column-gap-no\">\n\t\t\t\t\t<div class=\"elementor-column elementor-col-50 elementor-top-column elementor-element elementor-element-49d1227\" data-id=\"49d1227\" data-element_type=\"column\" data-settings=\"{&quot;background_background&quot;:&quot;gradient&quot;}\">\n\t\t\t<div class=\"elementor-widget-wrap elementor-element-populated\">\n\t\t\t\t\t\t<div class=\"elementor-element elementor-element-48fe7e0 elementor-widget elementor-widget-text-editor\" data-id=\"48fe7e0\" data-element_type=\"widget\" data-widget_type=\"text-editor.default\">\n\t\t\t\t<div class=\"elementor-widget-container\">\n\t\t\t\t\t\t\t\t\t<p style=\"text-align: justify;\"><b>JUNIO DE 1623 A JUNIO DE 2023<\/b><\/p><p style=\"text-align: justify;\"><b>Las\u00a0 Hijas de la Caridad y la Familia Vicentina, estamos celebrando los 400 A\u00d1OS DE LA LUZ DE PENTECOST\u00c9S, en Luisa de Marillac, para la Compa\u00f1\u00eda, es el inicio de nuestra existencia, es la peque\u00f1a luz que vislumbra el \u00e1rbol de la caridad.<\/b><\/p><p style=\"text-align: justify;\"><b>La PRIMERA PARTE,\u00a0 da inicio en la Capilla de la Casa Madre de la Congregaci\u00f3n de la Misi\u00f3n, 95 Rue de sevres, un tiempo de oraci\u00f3n, es la centralidad, y pese a que todo esto se desarrolla en Par\u00eds, el mundo vicentino participa de este gran acontecimiento.<\/b><\/p><p style=\"text-align: justify;\"><b>Luisa quiso siempre, que la Compa\u00f1\u00eda a m\u00e1s de que es dirigida por Dios, sea dirigida espiritualmente por los sacerdotes de la Congregaci\u00f3n de la Misi\u00f3n. El acto del s\u00e1bado 3 de junio, a las 14:30 (07:30 Ecuador), ratific\u00f3 el apoyo de los Sacerdotes de la Congregaci\u00f3n a la Compa\u00f1\u00eda, son nuestros hermanas y nuestros directores espirituales.<\/b><\/p><p style=\"text-align: justify;\"><b>Imagino que Luisa no cesa de agradecer el detalle de la Congregaci\u00f3n a la Compa\u00f1\u00eda.<\/b><\/p><p style=\"text-align: justify;\"><b>\u00a0<\/b><\/p><p style=\"text-align: justify;\"><b>\u00a0<\/b><\/p><p>\u00a0<\/p>\t\t\t\t\t\t\t\t<\/div>\n\t\t\t\t<\/div>\n\t\t\t\t\t<\/div>\n\t\t<\/div>\n\t\t\t\t<div class=\"elementor-column elementor-col-50 elementor-top-column elementor-element elementor-element-abd74f5\" data-id=\"abd74f5\" data-element_type=\"column\" data-settings=\"{&quot;background_background&quot;:&quot;classic&quot;}\">\n\t\t\t<div class=\"elementor-widget-wrap elementor-element-populated\">\n\t\t\t\t\t<div class=\"elementor-background-overlay\"><\/div>\n\t\t\t\t\t\t\t<\/div>\n\t\t<\/div>\n\t\t\t\t\t<\/div>\n\t\t<\/section>\n\t\t\t\t<section class=\"elementor-section elementor-top-section elementor-element elementor-element-84c7190 elementor-section-boxed elementor-section-height-default elementor-section-height-default\" data-id=\"84c7190\" data-element_type=\"section\" data-settings=\"{&quot;background_background&quot;:&quot;classic&quot;}\">\n\t\t\t\t\t\t<div class=\"elementor-container elementor-column-gap-default\">\n\t\t\t\t\t<div class=\"elementor-column elementor-col-100 elementor-top-column elementor-element elementor-element-cf21243\" data-id=\"cf21243\" data-element_type=\"column\">\n\t\t\t<div class=\"elementor-widget-wrap elementor-element-populated\">\n\t\t\t\t\t\t<div class=\"elementor-element elementor-element-3f29ea3 elementor-widget elementor-widget-text-editor\" data-id=\"3f29ea3\" data-element_type=\"widget\" data-widget_type=\"text-editor.default\">\n\t\t\t\t<div class=\"elementor-widget-container\">\n\t\t\t\t\t\t\t\t\t<p>RECURSOS DE LA PRIMERA PARTE DEL JUBILEO EN LA CAPILLA DE SAN VICENTE DE PA\u00daL, CASA MADRE DE LA CONGREACI\u00d3N DE LA MISI\u00d3N. 95 RUE DE SEVRES. 3 DE JUNIO 2023<\/p>\t\t\t\t\t\t\t\t<\/div>\n\t\t\t\t<\/div>\n\t\t\t\t<div class=\"elementor-element elementor-element-3a29baf elementor-arrows-position-inside elementor-pagination-position-outside elementor-widget elementor-widget-image-carousel\" data-id=\"3a29baf\" data-element_type=\"widget\" data-settings=\"{&quot;slides_to_show&quot;:&quot;3&quot;,&quot;image_spacing_custom&quot;:{&quot;unit&quot;:&quot;px&quot;,&quot;size&quot;:0,&quot;sizes&quot;:[]},&quot;navigation&quot;:&quot;both&quot;,&quot;autoplay&quot;:&quot;yes&quot;,&quot;pause_on_hover&quot;:&quot;yes&quot;,&quot;pause_on_interaction&quot;:&quot;yes&quot;,&quot;autoplay_speed&quot;:5000,&quot;infinite&quot;:&quot;yes&quot;,&quot;speed&quot;:500,&quot;image_spacing_custom_tablet&quot;:{&quot;unit&quot;:&quot;px&quot;,&quot;size&quot;:&quot;&quot;,&quot;sizes&quot;:[]},&quot;image_spacing_custom_mobile&quot;:{&quot;unit&quot;:&quot;px&quot;,&quot;size&quot;:&quot;&quot;,&quot;sizes&quot;:[]}}\" data-widget_type=\"image-carousel.default\">\n\t\t\t\t<div class=\"elementor-widget-container\">\n\t\t\t\t\t\t\t<div class=\"elementor-image-carousel-wrapper swiper\" role=\"region\" aria-roledescription=\"carousel\" aria-label=\"Carrusel de im\u00e1genes\" dir=\"ltr\">\n\t\t\t<div class=\"elementor-image-carousel swiper-wrapper swiper-image-stretch\" aria-live=\"off\">\n\t\t\t\t\t\t\t\t<div class=\"swiper-slide\" role=\"group\" aria-roledescription=\"slide\" aria-label=\"1 de 10\"><figure class=\"swiper-slide-inner\"><img decoding=\"async\" class=\"swiper-slide-image\" src=\"https:\/\/hdlcecuador.com\/wp-content\/uploads\/2023\/06\/PRIMERA-PARTE-JUBILEO-RUE-DE-SEVRES-11-300x300.jpg\" alt=\"PRIMERA PARTE JUBILEO- RUE DE SEVRES (11)\" \/><\/figure><\/div><div class=\"swiper-slide\" role=\"group\" aria-roledescription=\"slide\" aria-label=\"2 de 10\"><figure class=\"swiper-slide-inner\"><img decoding=\"async\" class=\"swiper-slide-image\" src=\"https:\/\/hdlcecuador.com\/wp-content\/uploads\/2023\/06\/PRIMERA-PARTE-JUBILEO-RUE-DE-SEVRES-10-300x300.jpg\" alt=\"PRIMERA PARTE JUBILEO- RUE DE SEVRES (10)\" \/><\/figure><\/div><div class=\"swiper-slide\" role=\"group\" aria-roledescription=\"slide\" aria-label=\"3 de 10\"><figure class=\"swiper-slide-inner\"><img decoding=\"async\" class=\"swiper-slide-image\" src=\"https:\/\/hdlcecuador.com\/wp-content\/uploads\/2023\/06\/PRIMERA-PARTE-JUBILEO-RUE-DE-SEVRES-9-300x300.jpg\" alt=\"PRIMERA PARTE JUBILEO- RUE DE SEVRES (9)\" \/><\/figure><\/div><div class=\"swiper-slide\" role=\"group\" aria-roledescription=\"slide\" aria-label=\"4 de 10\"><figure class=\"swiper-slide-inner\"><img decoding=\"async\" class=\"swiper-slide-image\" src=\"https:\/\/hdlcecuador.com\/wp-content\/uploads\/2023\/06\/PRIMERA-PARTE-JUBILEO-RUE-DE-SEVRES-8-300x300.jpg\" alt=\"PRIMERA PARTE JUBILEO- RUE DE SEVRES (8)\" \/><\/figure><\/div><div class=\"swiper-slide\" role=\"group\" aria-roledescription=\"slide\" aria-label=\"5 de 10\"><figure class=\"swiper-slide-inner\"><img decoding=\"async\" class=\"swiper-slide-image\" src=\"https:\/\/hdlcecuador.com\/wp-content\/uploads\/2023\/06\/PRIMERA-PARTE-JUBILEO-RUE-DE-SEVRES-6-300x300.jpg\" alt=\"PRIMERA PARTE JUBILEO- RUE DE SEVRES (6)\" \/><\/figure><\/div><div class=\"swiper-slide\" role=\"group\" aria-roledescription=\"slide\" aria-label=\"6 de 10\"><figure class=\"swiper-slide-inner\"><img decoding=\"async\" class=\"swiper-slide-image\" src=\"https:\/\/hdlcecuador.com\/wp-content\/uploads\/2023\/06\/PRIMERA-PARTE-JUBILEO-RUE-DE-SEVRES-5-300x300.jpg\" alt=\"PRIMERA PARTE JUBILEO- RUE DE SEVRES (5)\" \/><\/figure><\/div><div class=\"swiper-slide\" role=\"group\" aria-roledescription=\"slide\" aria-label=\"7 de 10\"><figure class=\"swiper-slide-inner\"><img decoding=\"async\" class=\"swiper-slide-image\" src=\"https:\/\/hdlcecuador.com\/wp-content\/uploads\/2023\/06\/PRIMERA-PARTE-JUBILEO-RUE-DE-SEVRES-4-300x300.jpg\" alt=\"PRIMERA PARTE JUBILEO- RUE DE SEVRES (4)\" \/><\/figure><\/div><div class=\"swiper-slide\" role=\"group\" aria-roledescription=\"slide\" aria-label=\"8 de 10\"><figure class=\"swiper-slide-inner\"><img decoding=\"async\" class=\"swiper-slide-image\" src=\"https:\/\/hdlcecuador.com\/wp-content\/uploads\/2023\/06\/PRIMERA-PARTE-JUBILEO-RUE-DE-SEVRES-3-300x300.jpg\" alt=\"PRIMERA PARTE JUBILEO- RUE DE SEVRES (3)\" \/><\/figure><\/div><div class=\"swiper-slide\" role=\"group\" aria-roledescription=\"slide\" aria-label=\"9 de 10\"><figure class=\"swiper-slide-inner\"><img decoding=\"async\" class=\"swiper-slide-image\" src=\"https:\/\/hdlcecuador.com\/wp-content\/uploads\/2023\/06\/PRIMERA-PARTE-JUBILEO-RUE-DE-SEVRES-2-300x300.jpg\" alt=\"PRIMERA PARTE JUBILEO- RUE DE SEVRES (2)\" \/><\/figure><\/div><div class=\"swiper-slide\" role=\"group\" aria-roledescription=\"slide\" aria-label=\"10 de 10\"><figure class=\"swiper-slide-inner\"><img decoding=\"async\" class=\"swiper-slide-image\" src=\"https:\/\/hdlcecuador.com\/wp-content\/uploads\/2023\/06\/PRIMERA-PARTE-JUBILEO-RUE-DE-SEVRES-1-300x300.jpg\" alt=\"PRIMERA PARTE JUBILEO- RUE DE SEVRES (1)\" \/><\/figure><\/div>\t\t\t<\/div>\n\t\t\t\t\t\t\t\t\t\t\t\t<div class=\"elementor-swiper-button elementor-swiper-button-prev\" role=\"button\" tabindex=\"0\">\n\t\t\t\t\t\t<i aria-hidden=\"true\" class=\"eicon-chevron-left\"><\/i>\t\t\t\t\t<\/div>\n\t\t\t\t\t<div class=\"elementor-swiper-button elementor-swiper-button-next\" role=\"button\" tabindex=\"0\">\n\t\t\t\t\t\t<i aria-hidden=\"true\" class=\"eicon-chevron-right\"><\/i>\t\t\t\t\t<\/div>\n\t\t\t\t\n\t\t\t\t\t\t\t\t\t<div class=\"swiper-pagination\"><\/div>\n\t\t\t\t\t\t\t\t\t<\/div>\n\t\t\t\t\t\t<\/div>\n\t\t\t\t<\/div>\n\t\t\t\t\t<\/div>\n\t\t<\/div>\n\t\t\t\t\t<\/div>\n\t\t<\/section>\n\t\t\t\t<\/div>\n\t\t","protected":false},"excerpt":{"rendered":"<p>\u00ab\u00bfQui\u00e9n hubiera pensado que iba a haber Hijas de la Caridad?&#8230; Yo no pensaba en ello&#8230; Dios lo pensaba por vosotras\u00bb San Vicente. Y dir\u00edamos qui\u00e9n habr\u00eda pensado que el documento original de Pentecost\u00e9s de Luisa de Marillac, ser\u00eda entregado a la Compa\u00f1\u00eda. DIOS LO PENS\u00d3 ASI. S\u00f3lo la grandeza de esp\u00edritu, permite el desapego [&hellip;]<\/p>\n","protected":false},"author":1,"featured_media":14316,"comment_status":"open","ping_status":"open","sticky":false,"template":"elementor_header_footer","format":"standard","meta":{"ocean_post_layout":"full-screen","ocean_both_sidebars_style":"","ocean_both_sidebars_content_width":0,"ocean_both_sidebars_sidebars_width":0,"ocean_sidebar":"0","ocean_second_sidebar":"0","ocean_disable_margins":"enable","ocean_add_body_class":"","ocean_shortcode_before_top_bar":"","ocean_shortcode_after_top_bar":"","ocean_shortcode_before_header":"","ocean_shortcode_after_header":"","ocean_has_shortcode":"","ocean_shortcode_after_title":"","ocean_shortcode_before_footer_widgets":"","ocean_shortcode_after_footer_widgets":"","ocean_shortcode_before_footer_bottom":"","ocean_shortcode_after_footer_bottom":"","ocean_display_top_bar":"off","ocean_display_header":"default","ocean_header_style":"transparent","ocean_center_header_left_menu":"0","ocean_custom_header_template":"0","ocean_custom_logo":0,"ocean_custom_retina_logo":0,"ocean_custom_logo_max_width":0,"ocean_custom_logo_tablet_max_width":0,"ocean_custom_logo_mobile_max_width":0,"ocean_custom_logo_max_height":0,"ocean_custom_logo_tablet_max_height":0,"ocean_custom_logo_mobile_max_height":0,"ocean_header_custom_menu":"0","ocean_menu_typo_font_family":"0","ocean_menu_typo_font_subset":"","ocean_menu_typo_font_size":0,"ocean_menu_typo_font_size_tablet":0,"ocean_menu_typo_font_size_mobile":0,"ocean_menu_typo_font_size_unit":"px","ocean_menu_typo_font_weight":"","ocean_menu_typo_font_weight_tablet":"","ocean_menu_typo_font_weight_mobile":"","ocean_menu_typo_transform":"","ocean_menu_typo_transform_tablet":"","ocean_menu_typo_transform_mobile":"","ocean_menu_typo_line_height":0,"ocean_menu_typo_line_height_tablet":0,"ocean_menu_typo_line_height_mobile":0,"ocean_menu_typo_line_height_unit":"","ocean_menu_typo_spacing":0,"ocean_menu_typo_spacing_tablet":0,"ocean_menu_typo_spacing_mobile":0,"ocean_menu_typo_spacing_unit":"","ocean_menu_link_color":"","ocean_menu_link_color_hover":"","ocean_menu_link_color_active":"","ocean_menu_link_background":"","ocean_menu_link_hover_background":"","ocean_menu_link_active_background":"","ocean_menu_social_links_bg":"","ocean_menu_social_hover_links_bg":"","ocean_menu_social_links_color":"","ocean_menu_social_hover_links_color":"","ocean_disable_title":"on","ocean_disable_heading":"default","ocean_post_title":"","ocean_post_subheading":"","ocean_post_title_style":"","ocean_post_title_background_color":"","ocean_post_title_background":0,"ocean_post_title_bg_image_position":"","ocean_post_title_bg_image_attachment":"","ocean_post_title_bg_image_repeat":"","ocean_post_title_bg_image_size":"","ocean_post_title_height":0,"ocean_post_title_bg_overlay":0.5,"ocean_post_title_bg_overlay_color":"","ocean_disable_breadcrumbs":"default","ocean_breadcrumbs_color":"","ocean_breadcrumbs_separator_color":"","ocean_breadcrumbs_links_color":"","ocean_breadcrumbs_links_hover_color":"","ocean_display_footer_widgets":"default","ocean_display_footer_bottom":"default","ocean_custom_footer_template":"0","ocean_post_oembed":"","ocean_post_self_hosted_media":"","ocean_post_video_embed":"","ocean_link_format":"","ocean_link_format_target":"self","ocean_quote_format":"","ocean_quote_format_link":"post","ocean_gallery_link_images":"off","ocean_gallery_id":[],"footnotes":""},"categories":[351],"tags":[],"post_folder":[352],"class_list":["post-14319","post","type-post","status-publish","format-standard","has-post-thumbnail","hentry","category-noticias-comunidad","entry","has-media"],"yoast_head":"<!-- This site is optimized with the Yoast SEO plugin v25.6 - https:\/\/yoast.com\/wordpress\/plugins\/seo\/ -->\n<title>PRIMERA PARTE- RUE DE SEVRES- JUBILEO DE LA LUZ DE PENTECOSTES - Compa\u00f1\u00eda HDLC Ecuador<\/title>\n<meta name=\"robots\" content=\"index, follow, max-snippet:-1, max-image-preview:large, max-video-preview:-1\" \/>\n<link rel=\"canonical\" href=\"https:\/\/hdlcecuador.com\/index.php\/2023\/06\/07\/primera-parte-rue-de-sevres-jubileo-de-la-luz-de-pentecostes\/\" \/>\n<meta property=\"og:locale\" content=\"es_ES\" \/>\n<meta property=\"og:type\" content=\"article\" \/>\n<meta property=\"og:title\" content=\"PRIMERA PARTE- RUE DE SEVRES- JUBILEO DE LA LUZ DE PENTECOSTES - Compa\u00f1\u00eda HDLC Ecuador\" \/>\n<meta property=\"og:description\" content=\"\u00ab\u00bfQui\u00e9n hubiera pensado que iba a haber Hijas de la Caridad?&#8230; Yo no pensaba en ello&#8230; Dios lo pensaba por vosotras\u00bb San Vicente. Y dir\u00edamos qui\u00e9n habr\u00eda pensado que el documento original de Pentecost\u00e9s de Luisa de Marillac, ser\u00eda entregado a la Compa\u00f1\u00eda. DIOS LO PENS\u00d3 ASI. S\u00f3lo la grandeza de esp\u00edritu, permite el desapego [&hellip;]\" \/>\n<meta property=\"og:url\" content=\"https:\/\/hdlcecuador.com\/index.php\/2023\/06\/07\/primera-parte-rue-de-sevres-jubileo-de-la-luz-de-pentecostes\/\" \/>\n<meta property=\"og:site_name\" content=\"Compa\u00f1\u00eda HDLC Ecuador\" \/>\n<meta property=\"article:published_time\" content=\"2023-06-07T21:17:11+00:00\" \/>\n<meta property=\"article:modified_time\" content=\"2023-06-07T22:00:21+00:00\" \/>\n<meta property=\"og:image\" content=\"https:\/\/hdlcecuador.com\/wp-content\/uploads\/2023\/06\/PRIMERA-PARTE-JUBILEO-RUE-DE-SEVRES-9.jpg\" \/>\n\t<meta property=\"og:image:width\" content=\"1280\" \/>\n\t<meta property=\"og:image:height\" content=\"720\" \/>\n\t<meta property=\"og:image:type\" content=\"image\/jpeg\" \/>\n<meta name=\"author\" content=\"administrador\" \/>\n<meta name=\"twitter:card\" content=\"summary_large_image\" \/>\n<meta name=\"twitter:label1\" content=\"Escrito por\" \/>\n\t<meta name=\"twitter:data1\" content=\"administrador\" \/>\n\t<meta name=\"twitter:label2\" content=\"Tiempo de lectura\" \/>\n\t<meta name=\"twitter:data2\" content=\"2 minutos\" \/>\n<script type=\"application\/ld+json\" class=\"yoast-schema-graph\">{\"@context\":\"https:\/\/schema.org\",\"@graph\":[{\"@type\":\"Article\",\"@id\":\"https:\/\/hdlcecuador.com\/index.php\/2023\/06\/07\/primera-parte-rue-de-sevres-jubileo-de-la-luz-de-pentecostes\/#article\",\"isPartOf\":{\"@id\":\"https:\/\/hdlcecuador.com\/index.php\/2023\/06\/07\/primera-parte-rue-de-sevres-jubileo-de-la-luz-de-pentecostes\/\"},\"author\":{\"name\":\"administrador\",\"@id\":\"https:\/\/hdlcecuador.com\/#\/schema\/person\/88e13c2d15509f9620a744e935829dab\"},\"headline\":\"PRIMERA PARTE- RUE DE SEVRES- JUBILEO DE LA LUZ DE PENTECOSTES\",\"datePublished\":\"2023-06-07T21:17:11+00:00\",\"dateModified\":\"2023-06-07T22:00:21+00:00\",\"mainEntityOfPage\":{\"@id\":\"https:\/\/hdlcecuador.com\/index.php\/2023\/06\/07\/primera-parte-rue-de-sevres-jubileo-de-la-luz-de-pentecostes\/\"},\"wordCount\":311,\"commentCount\":0,\"publisher\":{\"@id\":\"https:\/\/hdlcecuador.com\/#organization\"},\"image\":{\"@id\":\"https:\/\/hdlcecuador.com\/index.php\/2023\/06\/07\/primera-parte-rue-de-sevres-jubileo-de-la-luz-de-pentecostes\/#primaryimage\"},\"thumbnailUrl\":\"https:\/\/hdlcecuador.com\/wp-content\/uploads\/2023\/06\/PRIMERA-PARTE-JUBILEO-RUE-DE-SEVRES-9.jpg\",\"articleSection\":[\"Noticias Comunidad\"],\"inLanguage\":\"es\",\"potentialAction\":[{\"@type\":\"CommentAction\",\"name\":\"Comment\",\"target\":[\"https:\/\/hdlcecuador.com\/index.php\/2023\/06\/07\/primera-parte-rue-de-sevres-jubileo-de-la-luz-de-pentecostes\/#respond\"]}]},{\"@type\":\"WebPage\",\"@id\":\"https:\/\/hdlcecuador.com\/index.php\/2023\/06\/07\/primera-parte-rue-de-sevres-jubileo-de-la-luz-de-pentecostes\/\",\"url\":\"https:\/\/hdlcecuador.com\/index.php\/2023\/06\/07\/primera-parte-rue-de-sevres-jubileo-de-la-luz-de-pentecostes\/\",\"name\":\"PRIMERA PARTE- RUE DE SEVRES- JUBILEO DE LA LUZ DE PENTECOSTES - Compa\u00f1\u00eda HDLC Ecuador\",\"isPartOf\":{\"@id\":\"https:\/\/hdlcecuador.com\/#website\"},\"primaryImageOfPage\":{\"@id\":\"https:\/\/hdlcecuador.com\/index.php\/2023\/06\/07\/primera-parte-rue-de-sevres-jubileo-de-la-luz-de-pentecostes\/#primaryimage\"},\"image\":{\"@id\":\"https:\/\/hdlcecuador.com\/index.php\/2023\/06\/07\/primera-parte-rue-de-sevres-jubileo-de-la-luz-de-pentecostes\/#primaryimage\"},\"thumbnailUrl\":\"https:\/\/hdlcecuador.com\/wp-content\/uploads\/2023\/06\/PRIMERA-PARTE-JUBILEO-RUE-DE-SEVRES-9.jpg\",\"datePublished\":\"2023-06-07T21:17:11+00:00\",\"dateModified\":\"2023-06-07T22:00:21+00:00\",\"breadcrumb\":{\"@id\":\"https:\/\/hdlcecuador.com\/index.php\/2023\/06\/07\/primera-parte-rue-de-sevres-jubileo-de-la-luz-de-pentecostes\/#breadcrumb\"},\"inLanguage\":\"es\",\"potentialAction\":[{\"@type\":\"ReadAction\",\"target\":[\"https:\/\/hdlcecuador.com\/index.php\/2023\/06\/07\/primera-parte-rue-de-sevres-jubileo-de-la-luz-de-pentecostes\/\"]}]},{\"@type\":\"ImageObject\",\"inLanguage\":\"es\",\"@id\":\"https:\/\/hdlcecuador.com\/index.php\/2023\/06\/07\/primera-parte-rue-de-sevres-jubileo-de-la-luz-de-pentecostes\/#primaryimage\",\"url\":\"https:\/\/hdlcecuador.com\/wp-content\/uploads\/2023\/06\/PRIMERA-PARTE-JUBILEO-RUE-DE-SEVRES-9.jpg\",\"contentUrl\":\"https:\/\/hdlcecuador.com\/wp-content\/uploads\/2023\/06\/PRIMERA-PARTE-JUBILEO-RUE-DE-SEVRES-9.jpg\",\"width\":1280,\"height\":720},{\"@type\":\"BreadcrumbList\",\"@id\":\"https:\/\/hdlcecuador.com\/index.php\/2023\/06\/07\/primera-parte-rue-de-sevres-jubileo-de-la-luz-de-pentecostes\/#breadcrumb\",\"itemListElement\":[{\"@type\":\"ListItem\",\"position\":1,\"name\":\"Portada\",\"item\":\"https:\/\/hdlcecuador.com\/\"},{\"@type\":\"ListItem\",\"position\":2,\"name\":\"PRIMERA PARTE- RUE DE SEVRES- JUBILEO DE LA LUZ DE PENTECOSTES\"}]},{\"@type\":\"WebSite\",\"@id\":\"https:\/\/hdlcecuador.com\/#website\",\"url\":\"https:\/\/hdlcecuador.com\/\",\"name\":\"Compa\u00f1\u00eda HDLC Ecuador\",\"description\":\"Sitio Web Oficial de las Compa\u00f1ia de las Hijas de la Caridad en Ecuador\",\"publisher\":{\"@id\":\"https:\/\/hdlcecuador.com\/#organization\"},\"potentialAction\":[{\"@type\":\"SearchAction\",\"target\":{\"@type\":\"EntryPoint\",\"urlTemplate\":\"https:\/\/hdlcecuador.com\/?s={search_term_string}\"},\"query-input\":{\"@type\":\"PropertyValueSpecification\",\"valueRequired\":true,\"valueName\":\"search_term_string\"}}],\"inLanguage\":\"es\"},{\"@type\":\"Organization\",\"@id\":\"https:\/\/hdlcecuador.com\/#organization\",\"name\":\"Compa\u00f1\u00eda HDLC Ecuador\",\"url\":\"https:\/\/hdlcecuador.com\/\",\"logo\":{\"@type\":\"ImageObject\",\"inLanguage\":\"es\",\"@id\":\"https:\/\/hdlcecuador.com\/#\/schema\/logo\/image\/\",\"url\":\"https:\/\/hdlcecuador.com\/wp-content\/uploads\/2021\/03\/cropped-logo-2-oficial-hor.-dere.png\",\"contentUrl\":\"https:\/\/hdlcecuador.com\/wp-content\/uploads\/2021\/03\/cropped-logo-2-oficial-hor.-dere.png\",\"width\":1800,\"height\":980,\"caption\":\"Compa\u00f1\u00eda HDLC Ecuador\"},\"image\":{\"@id\":\"https:\/\/hdlcecuador.com\/#\/schema\/logo\/image\/\"}},{\"@type\":\"Person\",\"@id\":\"https:\/\/hdlcecuador.com\/#\/schema\/person\/88e13c2d15509f9620a744e935829dab\",\"name\":\"administrador\",\"image\":{\"@type\":\"ImageObject\",\"inLanguage\":\"es\",\"@id\":\"https:\/\/hdlcecuador.com\/#\/schema\/person\/image\/\",\"url\":\"https:\/\/secure.gravatar.com\/avatar\/64ac484ddbbff6a120df480c03610bb6?s=96&d=mm&r=g\",\"contentUrl\":\"https:\/\/secure.gravatar.com\/avatar\/64ac484ddbbff6a120df480c03610bb6?s=96&d=mm&r=g\",\"caption\":\"administrador\"},\"sameAs\":[\"https:\/\/hdlcecuador.com\"],\"url\":\"https:\/\/hdlcecuador.com\/index.php\/author\/administrador\/\"}]}<\/script>\n<!-- \/ Yoast SEO plugin. -->","yoast_head_json":{"title":"PRIMERA PARTE- RUE DE SEVRES- JUBILEO DE LA LUZ DE PENTECOSTES - Compa\u00f1\u00eda HDLC Ecuador","robots":{"index":"index","follow":"follow","max-snippet":"max-snippet:-1","max-image-preview":"max-image-preview:large","max-video-preview":"max-video-preview:-1"},"canonical":"https:\/\/hdlcecuador.com\/index.php\/2023\/06\/07\/primera-parte-rue-de-sevres-jubileo-de-la-luz-de-pentecostes\/","og_locale":"es_ES","og_type":"article","og_title":"PRIMERA PARTE- RUE DE SEVRES- JUBILEO DE LA LUZ DE PENTECOSTES - Compa\u00f1\u00eda HDLC Ecuador","og_description":"\u00ab\u00bfQui\u00e9n hubiera pensado que iba a haber Hijas de la Caridad?&#8230; Yo no pensaba en ello&#8230; Dios lo pensaba por vosotras\u00bb San Vicente. Y dir\u00edamos qui\u00e9n habr\u00eda pensado que el documento original de Pentecost\u00e9s de Luisa de Marillac, ser\u00eda entregado a la Compa\u00f1\u00eda. DIOS LO PENS\u00d3 ASI. S\u00f3lo la grandeza de esp\u00edritu, permite el desapego [&hellip;]","og_url":"https:\/\/hdlcecuador.com\/index.php\/2023\/06\/07\/primera-parte-rue-de-sevres-jubileo-de-la-luz-de-pentecostes\/","og_site_name":"Compa\u00f1\u00eda HDLC Ecuador","article_published_time":"2023-06-07T21:17:11+00:00","article_modified_time":"2023-06-07T22:00:21+00:00","og_image":[{"width":1280,"height":720,"url":"https:\/\/hdlcecuador.com\/wp-content\/uploads\/2023\/06\/PRIMERA-PARTE-JUBILEO-RUE-DE-SEVRES-9.jpg","type":"image\/jpeg"}],"author":"administrador","twitter_card":"summary_large_image","twitter_misc":{"Escrito por":"administrador","Tiempo de lectura":"2 minutos"},"schema":{"@context":"https:\/\/schema.org","@graph":[{"@type":"Article","@id":"https:\/\/hdlcecuador.com\/index.php\/2023\/06\/07\/primera-parte-rue-de-sevres-jubileo-de-la-luz-de-pentecostes\/#article","isPartOf":{"@id":"https:\/\/hdlcecuador.com\/index.php\/2023\/06\/07\/primera-parte-rue-de-sevres-jubileo-de-la-luz-de-pentecostes\/"},"author":{"name":"administrador","@id":"https:\/\/hdlcecuador.com\/#\/schema\/person\/88e13c2d15509f9620a744e935829dab"},"headline":"PRIMERA PARTE- RUE DE SEVRES- JUBILEO DE LA LUZ DE PENTECOSTES","datePublished":"2023-06-07T21:17:11+00:00","dateModified":"2023-06-07T22:00:21+00:00","mainEntityOfPage":{"@id":"https:\/\/hdlcecuador.com\/index.php\/2023\/06\/07\/primera-parte-rue-de-sevres-jubileo-de-la-luz-de-pentecostes\/"},"wordCount":311,"commentCount":0,"publisher":{"@id":"https:\/\/hdlcecuador.com\/#organization"},"image":{"@id":"https:\/\/hdlcecuador.com\/index.php\/2023\/06\/07\/primera-parte-rue-de-sevres-jubileo-de-la-luz-de-pentecostes\/#primaryimage"},"thumbnailUrl":"https:\/\/hdlcecuador.com\/wp-content\/uploads\/2023\/06\/PRIMERA-PARTE-JUBILEO-RUE-DE-SEVRES-9.jpg","articleSection":["Noticias Comunidad"],"inLanguage":"es","potentialAction":[{"@type":"CommentAction","name":"Comment","target":["https:\/\/hdlcecuador.com\/index.php\/2023\/06\/07\/primera-parte-rue-de-sevres-jubileo-de-la-luz-de-pentecostes\/#respond"]}]},{"@type":"WebPage","@id":"https:\/\/hdlcecuador.com\/index.php\/2023\/06\/07\/primera-parte-rue-de-sevres-jubileo-de-la-luz-de-pentecostes\/","url":"https:\/\/hdlcecuador.com\/index.php\/2023\/06\/07\/primera-parte-rue-de-sevres-jubileo-de-la-luz-de-pentecostes\/","name":"PRIMERA PARTE- RUE DE SEVRES- JUBILEO DE LA LUZ DE PENTECOSTES - Compa\u00f1\u00eda HDLC Ecuador","isPartOf":{"@id":"https:\/\/hdlcecuador.com\/#website"},"primaryImageOfPage":{"@id":"https:\/\/hdlcecuador.com\/index.php\/2023\/06\/07\/primera-parte-rue-de-sevres-jubileo-de-la-luz-de-pentecostes\/#primaryimage"},"image":{"@id":"https:\/\/hdlcecuador.com\/index.php\/2023\/06\/07\/primera-parte-rue-de-sevres-jubileo-de-la-luz-de-pentecostes\/#primaryimage"},"thumbnailUrl":"https:\/\/hdlcecuador.com\/wp-content\/uploads\/2023\/06\/PRIMERA-PARTE-JUBILEO-RUE-DE-SEVRES-9.jpg","datePublished":"2023-06-07T21:17:11+00:00","dateModified":"2023-06-07T22:00:21+00:00","breadcrumb":{"@id":"https:\/\/hdlcecuador.com\/index.php\/2023\/06\/07\/primera-parte-rue-de-sevres-jubileo-de-la-luz-de-pentecostes\/#breadcrumb"},"inLanguage":"es","potentialAction":[{"@type":"ReadAction","target":["https:\/\/hdlcecuador.com\/index.php\/2023\/06\/07\/primera-parte-rue-de-sevres-jubileo-de-la-luz-de-pentecostes\/"]}]},{"@type":"ImageObject","inLanguage":"es","@id":"https:\/\/hdlcecuador.com\/index.php\/2023\/06\/07\/primera-parte-rue-de-sevres-jubileo-de-la-luz-de-pentecostes\/#primaryimage","url":"https:\/\/hdlcecuador.com\/wp-content\/uploads\/2023\/06\/PRIMERA-PARTE-JUBILEO-RUE-DE-SEVRES-9.jpg","contentUrl":"https:\/\/hdlcecuador.com\/wp-content\/uploads\/2023\/06\/PRIMERA-PARTE-JUBILEO-RUE-DE-SEVRES-9.jpg","width":1280,"height":720},{"@type":"BreadcrumbList","@id":"https:\/\/hdlcecuador.com\/index.php\/2023\/06\/07\/primera-parte-rue-de-sevres-jubileo-de-la-luz-de-pentecostes\/#breadcrumb","itemListElement":[{"@type":"ListItem","position":1,"name":"Portada","item":"https:\/\/hdlcecuador.com\/"},{"@type":"ListItem","position":2,"name":"PRIMERA PARTE- RUE DE SEVRES- JUBILEO DE LA LUZ DE PENTECOSTES"}]},{"@type":"WebSite","@id":"https:\/\/hdlcecuador.com\/#website","url":"https:\/\/hdlcecuador.com\/","name":"Compa\u00f1\u00eda HDLC Ecuador","description":"Sitio Web Oficial de las Compa\u00f1ia de las Hijas de la Caridad en Ecuador","publisher":{"@id":"https:\/\/hdlcecuador.com\/#organization"},"potentialAction":[{"@type":"SearchAction","target":{"@type":"EntryPoint","urlTemplate":"https:\/\/hdlcecuador.com\/?s={search_term_string}"},"query-input":{"@type":"PropertyValueSpecification","valueRequired":true,"valueName":"search_term_string"}}],"inLanguage":"es"},{"@type":"Organization","@id":"https:\/\/hdlcecuador.com\/#organization","name":"Compa\u00f1\u00eda HDLC Ecuador","url":"https:\/\/hdlcecuador.com\/","logo":{"@type":"ImageObject","inLanguage":"es","@id":"https:\/\/hdlcecuador.com\/#\/schema\/logo\/image\/","url":"https:\/\/hdlcecuador.com\/wp-content\/uploads\/2021\/03\/cropped-logo-2-oficial-hor.-dere.png","contentUrl":"https:\/\/hdlcecuador.com\/wp-content\/uploads\/2021\/03\/cropped-logo-2-oficial-hor.-dere.png","width":1800,"height":980,"caption":"Compa\u00f1\u00eda HDLC Ecuador"},"image":{"@id":"https:\/\/hdlcecuador.com\/#\/schema\/logo\/image\/"}},{"@type":"Person","@id":"https:\/\/hdlcecuador.com\/#\/schema\/person\/88e13c2d15509f9620a744e935829dab","name":"administrador","image":{"@type":"ImageObject","inLanguage":"es","@id":"https:\/\/hdlcecuador.com\/#\/schema\/person\/image\/","url":"https:\/\/secure.gravatar.com\/avatar\/64ac484ddbbff6a120df480c03610bb6?s=96&d=mm&r=g","contentUrl":"https:\/\/secure.gravatar.com\/avatar\/64ac484ddbbff6a120df480c03610bb6?s=96&d=mm&r=g","caption":"administrador"},"sameAs":["https:\/\/hdlcecuador.com"],"url":"https:\/\/hdlcecuador.com\/index.php\/author\/administrador\/"}]}},"rttpg_featured_image_url":{"full":["https:\/\/hdlcecuador.com\/wp-content\/uploads\/2023\/06\/PRIMERA-PARTE-JUBILEO-RUE-DE-SEVRES-9.jpg",1280,720,false],"landscape":["https:\/\/hdlcecuador.com\/wp-content\/uploads\/2023\/06\/PRIMERA-PARTE-JUBILEO-RUE-DE-SEVRES-9.jpg",1280,720,false],"portraits":["https:\/\/hdlcecuador.com\/wp-content\/uploads\/2023\/06\/PRIMERA-PARTE-JUBILEO-RUE-DE-SEVRES-9.jpg",1280,720,false],"thumbnail":["https:\/\/hdlcecuador.com\/wp-content\/uploads\/2023\/06\/PRIMERA-PARTE-JUBILEO-RUE-DE-SEVRES-9-150x150.jpg",150,150,true],"medium":["https:\/\/hdlcecuador.com\/wp-content\/uploads\/2023\/06\/PRIMERA-PARTE-JUBILEO-RUE-DE-SEVRES-9-300x169.jpg",300,169,true],"large":["https:\/\/hdlcecuador.com\/wp-content\/uploads\/2023\/06\/PRIMERA-PARTE-JUBILEO-RUE-DE-SEVRES-9-1024x576.jpg",1024,576,true],"thumblist":["https:\/\/hdlcecuador.com\/wp-content\/uploads\/2023\/06\/PRIMERA-PARTE-JUBILEO-RUE-DE-SEVRES-9-300x300.jpg",300,300,true],"meccarouselthumb":["https:\/\/hdlcecuador.com\/wp-content\/uploads\/2023\/06\/PRIMERA-PARTE-JUBILEO-RUE-DE-SEVRES-9-474x324.jpg",474,324,true],"gridsquare":["https:\/\/hdlcecuador.com\/wp-content\/uploads\/2023\/06\/PRIMERA-PARTE-JUBILEO-RUE-DE-SEVRES-9-391x260.jpg",391,260,true],"tileview":["https:\/\/hdlcecuador.com\/wp-content\/uploads\/2023\/06\/PRIMERA-PARTE-JUBILEO-RUE-DE-SEVRES-9-300x400.jpg",300,400,true],"1536x1536":["https:\/\/hdlcecuador.com\/wp-content\/uploads\/2023\/06\/PRIMERA-PARTE-JUBILEO-RUE-DE-SEVRES-9.jpg",1280,720,false],"2048x2048":["https:\/\/hdlcecuador.com\/wp-content\/uploads\/2023\/06\/PRIMERA-PARTE-JUBILEO-RUE-DE-SEVRES-9.jpg",1280,720,false],"ocean-thumb-m":["https:\/\/hdlcecuador.com\/wp-content\/uploads\/2023\/06\/PRIMERA-PARTE-JUBILEO-RUE-DE-SEVRES-9.jpg",600,338,false],"ocean-thumb-ml":["https:\/\/hdlcecuador.com\/wp-content\/uploads\/2023\/06\/PRIMERA-PARTE-JUBILEO-RUE-DE-SEVRES-9.jpg",800,450,false],"ocean-thumb-l":["https:\/\/hdlcecuador.com\/wp-content\/uploads\/2023\/06\/PRIMERA-PARTE-JUBILEO-RUE-DE-SEVRES-9.jpg",1200,675,false]},"rttpg_author":{"display_name":"administrador","author_link":"https:\/\/hdlcecuador.com\/index.php\/author\/administrador\/"},"rttpg_comment":0,"rttpg_category":"<a href=\"https:\/\/hdlcecuador.com\/index.php\/category\/noticias-hdlc\/noticias-comunidad\/\" rel=\"category tag\">Noticias Comunidad<\/a>","rttpg_excerpt":"\u00ab\u00bfQui\u00e9n hubiera pensado que iba a haber Hijas de la Caridad?&#8230; Yo no pensaba en ello&#8230; Dios lo pensaba por vosotras\u00bb San Vicente. Y dir\u00edamos qui\u00e9n habr\u00eda pensado que el documento original de Pentecost\u00e9s de Luisa de Marillac, ser\u00eda entregado a la Compa\u00f1\u00eda. DIOS LO PENS\u00d3 ASI. S\u00f3lo la grandeza de esp\u00edritu, permite el desapego&hellip;","_links":{"self":[{"href":"https:\/\/hdlcecuador.com\/index.php\/wp-json\/wp\/v2\/posts\/14319"}],"collection":[{"href":"https:\/\/hdlcecuador.com\/index.php\/wp-json\/wp\/v2\/posts"}],"about":[{"href":"https:\/\/hdlcecuador.com\/index.php\/wp-json\/wp\/v2\/types\/post"}],"author":[{"embeddable":true,"href":"https:\/\/hdlcecuador.com\/index.php\/wp-json\/wp\/v2\/users\/1"}],"replies":[{"embeddable":true,"href":"https:\/\/hdlcecuador.com\/index.php\/wp-json\/wp\/v2\/comments?post=14319"}],"version-history":[{"count":13,"href":"https:\/\/hdlcecuador.com\/index.php\/wp-json\/wp\/v2\/posts\/14319\/revisions"}],"predecessor-version":[{"id":14334,"href":"https:\/\/hdlcecuador.com\/index.php\/wp-json\/wp\/v2\/posts\/14319\/revisions\/14334"}],"wp:featuredmedia":[{"embeddable":true,"href":"https:\/\/hdlcecuador.com\/index.php\/wp-json\/wp\/v2\/media\/14316"}],"wp:attachment":[{"href":"https:\/\/hdlcecuador.com\/index.php\/wp-json\/wp\/v2\/media?parent=14319"}],"wp:term":[{"taxonomy":"category","embeddable":true,"href":"https:\/\/hdlcecuador.com\/index.php\/wp-json\/wp\/v2\/categories?post=14319"},{"taxonomy":"post_tag","embeddable":true,"href":"https:\/\/hdlcecuador.com\/index.php\/wp-json\/wp\/v2\/tags?post=14319"},{"taxonomy":"post_folder","embeddable":true,"href":"https:\/\/hdlcecuador.com\/index.php\/wp-json\/wp\/v2\/post_folder?post=14319"}],"curies":[{"name":"wp","href":"https:\/\/api.w.org\/{rel}","templated":true}]}}