{"id":5498,"date":"2020-12-10T14:28:47","date_gmt":"2020-12-10T14:28:47","guid":{"rendered":"https:\/\/hdlcecuador.com\/?p=5498"},"modified":"2020-12-10T15:06:15","modified_gmt":"2020-12-10T15:06:15","slug":"beato-cayetano-garcia-martinez-sacerdote-formador-de-los-hijos-de-maria-6-de-noviembre","status":"publish","type":"post","link":"https:\/\/hdlcecuador.com\/index.php\/2020\/12\/10\/beato-cayetano-garcia-martinez-sacerdote-formador-de-los-hijos-de-maria-6-de-noviembre\/","title":{"rendered":"Beato Cayetano Garc\u00eda Mart\u00ednez &#8211; Sacerdote, formador de los Hijos de Mar\u00eda 6 de Noviembre"},"content":{"rendered":"\t\t<div data-elementor-type=\"wp-post\" data-elementor-id=\"5498\" class=\"elementor elementor-5498\">\n\t\t\t\t\t\t<section class=\"elementor-section elementor-top-section elementor-element elementor-element-067d40e elementor-section-height-min-height elementor-section-boxed elementor-section-height-default elementor-section-items-middle\" data-id=\"067d40e\" data-element_type=\"section\" data-settings=\"{&quot;background_background&quot;:&quot;classic&quot;}\">\n\t\t\t\t\t\t<div class=\"elementor-container elementor-column-gap-no\">\n\t\t\t\t\t<div class=\"elementor-column elementor-col-100 elementor-top-column elementor-element elementor-element-4b2f427\" data-id=\"4b2f427\" data-element_type=\"column\">\n\t\t\t<div class=\"elementor-widget-wrap elementor-element-populated\">\n\t\t\t\t\t\t<section class=\"elementor-section elementor-inner-section elementor-element elementor-element-d896572 elementor-section-boxed elementor-section-height-default elementor-section-height-default\" data-id=\"d896572\" data-element_type=\"section\">\n\t\t\t\t\t\t<div class=\"elementor-container elementor-column-gap-default\">\n\t\t\t\t\t<div class=\"elementor-column elementor-col-50 elementor-inner-column elementor-element elementor-element-6fb193f\" data-id=\"6fb193f\" data-element_type=\"column\">\n\t\t\t<div class=\"elementor-widget-wrap elementor-element-populated\">\n\t\t\t\t\t\t<div class=\"elementor-element elementor-element-7526c78 elementor-widget elementor-widget-elementskit-heading\" data-id=\"7526c78\" data-element_type=\"widget\" data-widget_type=\"elementskit-heading.default\">\n\t\t\t\t<div class=\"elementor-widget-container\">\n\t\t\t\t\t<div class=\"ekit-wid-con\" ><div class=\"ekit-heading elementskit-section-title-wraper text_left   ekit_heading_tablet-   ekit_heading_mobile-\"><span class=\"elementskit-section-subtitle  elementskit-style-border\">\n\t\t\t\t\t\tSant@s y Beat@s Vicentinos\n\t\t\t\t\t<\/span><h2 class=\"ekit-heading--title elementskit-section-title \">Beato Cayetano Garc\u00eda Mart\u00ednez - Sacerdote, formador de los Hijos de Mar\u00eda  6 de Noviembre<\/h2><\/div><\/div>\t\t\t\t<\/div>\n\t\t\t\t<\/div>\n\t\t\t\t\t<\/div>\n\t\t<\/div>\n\t\t\t\t<div class=\"elementor-column elementor-col-50 elementor-inner-column elementor-element elementor-element-604a9cf\" data-id=\"604a9cf\" data-element_type=\"column\">\n\t\t\t<div class=\"elementor-widget-wrap elementor-element-populated\">\n\t\t\t\t\t\t<div class=\"elementor-element elementor-element-45e2e8a elementor-widget elementor-widget-image\" data-id=\"45e2e8a\" data-element_type=\"widget\" data-widget_type=\"image.default\">\n\t\t\t\t<div class=\"elementor-widget-container\">\n\t\t\t\t\t\t\t\t\t\t\t\t\t\t\t<img decoding=\"async\" src=\"https:\/\/hdlcecuador.com\/wp-content\/uploads\/2020\/12\/logotipo-1.png\" title=\"\" alt=\"\" loading=\"lazy\" \/>\t\t\t\t\t\t\t\t\t\t\t\t\t\t\t<\/div>\n\t\t\t\t<\/div>\n\t\t\t\t\t<\/div>\n\t\t<\/div>\n\t\t\t\t\t<\/div>\n\t\t<\/section>\n\t\t\t\t\t<\/div>\n\t\t<\/div>\n\t\t\t\t\t<\/div>\n\t\t<\/section>\n\t\t\t\t<section class=\"elementor-section elementor-top-section elementor-element elementor-element-7f8cef6 elementor-section-boxed elementor-section-height-default elementor-section-height-default\" data-id=\"7f8cef6\" data-element_type=\"section\" data-settings=\"{&quot;background_background&quot;:&quot;classic&quot;}\">\n\t\t\t\t\t\t<div class=\"elementor-container elementor-column-gap-default\">\n\t\t\t\t\t<div class=\"elementor-column elementor-col-100 elementor-top-column elementor-element elementor-element-8fee94f\" data-id=\"8fee94f\" data-element_type=\"column\">\n\t\t\t<div class=\"elementor-widget-wrap elementor-element-populated\">\n\t\t\t\t\t\t<div class=\"elementor-element elementor-element-0fd791f elementor-widget elementor-widget-heading\" data-id=\"0fd791f\" data-element_type=\"widget\" data-widget_type=\"heading.default\">\n\t\t\t\t<div class=\"elementor-widget-container\">\n\t\t\t\t\t<h2 class=\"elementor-heading-title elementor-size-large\">Beato Vicentino<\/h2>\t\t\t\t<\/div>\n\t\t\t\t<\/div>\n\t\t\t\t<section class=\"elementor-section elementor-inner-section elementor-element elementor-element-bf0ec27 elementor-section-boxed elementor-section-height-default elementor-section-height-default\" data-id=\"bf0ec27\" data-element_type=\"section\">\n\t\t\t\t\t\t<div class=\"elementor-container elementor-column-gap-default\">\n\t\t\t\t\t<div class=\"elementor-column elementor-col-50 elementor-inner-column elementor-element elementor-element-b7d9760\" data-id=\"b7d9760\" data-element_type=\"column\">\n\t\t\t<div class=\"elementor-widget-wrap elementor-element-populated\">\n\t\t\t\t\t\t<div class=\"elementor-element elementor-element-e84c69c elementor-widget elementor-widget-text-editor\" data-id=\"e84c69c\" data-element_type=\"widget\" data-widget_type=\"text-editor.default\">\n\t\t\t\t<div class=\"elementor-widget-container\">\n\t\t\t\t\t\t\t\t\t<p><strong>Nacimiento:\u00a0<\/strong>Jumilla (Mu) 06\/01\/1895<\/p><p><strong>Padres:\u00a0\u00a0\u00a0\u00a0\u00a0\u00a0\u00a0\u00a0\u00a0<\/strong>Jos\u00e9 y Baldomera<\/p><p><strong>Bautismo:\u00a0\u00a0\u00a0\u00a0<\/strong>Jumilla, Parr. Santiago 11\/01\/1895<\/p><p><strong>Sacerdote:\u00a0\u00a0\u00a0<\/strong>Murcia 10\/06\/1922<\/p><p><strong>Martirio:\u00a0\u00a0\u00a0\u00a0\u00a0\u00a0\u00a0\u00a0<\/strong>Jumilla (Mu) 15\/08\/1936<\/p>\t\t\t\t\t\t\t\t<\/div>\n\t\t\t\t<\/div>\n\t\t\t\t\t<\/div>\n\t\t<\/div>\n\t\t\t\t<div class=\"elementor-column elementor-col-50 elementor-inner-column elementor-element elementor-element-364b96d\" data-id=\"364b96d\" data-element_type=\"column\">\n\t\t\t<div class=\"elementor-widget-wrap elementor-element-populated\">\n\t\t\t\t\t\t<div class=\"elementor-element elementor-element-aaed5ae elementor-widget elementor-widget-image\" data-id=\"aaed5ae\" data-element_type=\"widget\" data-widget_type=\"image.default\">\n\t\t\t\t<div class=\"elementor-widget-container\">\n\t\t\t\t\t\t\t\t\t\t\t\t\t\t\t<img decoding=\"async\" src=\"https:\/\/hdlcecuador.com\/wp-content\/uploads\/elementor\/thumbs\/Cayetano_Garcia_Martinez-ozl2dtqak4sgk9cx571rg020nc0oozsz4f7047w42o.jpg\" title=\"Cayetano_Garcia_Martinez\" alt=\"Cayetano_Garcia_Martinez\" loading=\"lazy\" \/>\t\t\t\t\t\t\t\t\t\t\t\t\t\t\t<\/div>\n\t\t\t\t<\/div>\n\t\t\t\t\t<\/div>\n\t\t<\/div>\n\t\t\t\t\t<\/div>\n\t\t<\/section>\n\t\t\t\t<div class=\"elementor-element elementor-element-6d2515e elementor-widget elementor-widget-text-editor\" data-id=\"6d2515e\" data-element_type=\"widget\" data-widget_type=\"text-editor.default\">\n\t\t\t\t<div class=\"elementor-widget-container\">\n\t\t\t\t\t\t\t\t\t<p><strong>MINISTERIOS Y APOSTOLADO:\u00a0<\/strong><\/p><p><strong>\u00a0<\/strong>Sus primeros destinos fueron Blanca y Albuj\u00f3n. Con las Hijas de la Caridad tom\u00f3 contacto en Cartagena en 1932. Era un sacerdote piadoso y abnegado con los enfermos. Al ser nombrado coadjutor de la parroquia del Sgdo. Coraz\u00f3n, se integr\u00f3 plenamente en la asociaci\u00f3n de Hijos de Mar\u00eda de la Casa de Misericordia.<\/p><p>D. Cayetano capt\u00f3 perfectamente el mensaje de la Medalla Milagrosa, porque incide en sus dos grandes amores: el Divino Redentor y la Stma. Virgen. En la revista de la Asociaci\u00f3n se conservan veinti\u00fan escritos suyos de car\u00e1cter mariano, evang\u00e9lico y de apostolado entre los j\u00f3venes, donde Cristo, Mar\u00eda y la Iglesia son presentados como faros para la vida de los que han elegido el camino del evangelio.<\/p><p>\u00a0<strong>MARTIRIO:<\/strong>\u00a0<\/p><p>En junio de 1935, cuando D. Cayetano se hizo cargo de la parroquia de Lorqu\u00ed, el pueblo estaba furiosamente imbuido de las ideas marxistas contra todo lo religioso. En el carnaval del a\u00f1o siguiente cantaban las comparsas canciones ofensivas a la religi\u00f3n en la puerta de la iglesia para hacerle sufrir. En febrero algunos entraron en la iglesia dando gritos, insult\u00e1ndolo e incluso amenaz\u00e1ndole de muerte y el p\u00e1rroco se enfrent\u00f3 a todos con una valent\u00eda enorme, dici\u00e9ndoles\u00a0<em>que la vida no se da m\u00e1s que una vez y que darla por Cristo era lo m\u00e1s grande.\u00a0<\/em><\/p><p>En julio de 1936 los milicianos se incautaron de la casa parroquial y les hicieron salir inmediatamente, sin tiempo para coger lo m\u00e1s necesario. Lo que s\u00ed pudo sacar D. Cayetano es el Stmo. Sacramento de su peque\u00f1o oratorio. Una se\u00f1ora piadosa les dej\u00f3 una casa. Las autoridades comunistas no pararon de molestarle. El d\u00eda 15 de agosto de 1936 milicianos del Frente Popular de Jumilla, su pueblo natal, invadieron la casa y se llevaron al sacerdote y a su cu\u00f1ado, Roberto Bernal. Los tuvieron un rato en el ayuntamiento de Jumilla y, sobre las 11 de la ma\u00f1ana, los condujeron por la carretera de Cieza hasta el lugar de la ejecuci\u00f3n, junto a la ermita de San Agust\u00edn. \u00a0D. Cayetano imparti\u00f3 la absoluci\u00f3n a su cu\u00f1ado y trat\u00f3 de darle \u00e1nimo con un abrazo. Murieron gritando \u00a1Viva Cristo Rey!<\/p><p>\u00a0<br \/>Reci\u00e9n terminada la guerra, un vecino de Jumilla, acusado de haber disparado contra D. Cayetano y su cu\u00f1ado, se present\u00f3 ante su madre y hermana a pedir clemencia. Les cont\u00f3 con detalle todo lo que pas\u00f3 en los \u00faltimos momentos. De tal modo qued\u00f3 grabada en la familia el perd\u00f3n generoso de D. Cayetano que, como testifica su sobrina Isabel que estuvo presente: \u201cMi madre y mi abuela perdonaron de coraz\u00f3n a los asesinos de mi t\u00edo y de mi padre, porque sab\u00edamos que \u00e9l les hab\u00eda perdonado y bendecido antes de morir\u201d.<\/p>\t\t\t\t\t\t\t\t<\/div>\n\t\t\t\t<\/div>\n\t\t\t\t\t<\/div>\n\t\t<\/div>\n\t\t\t\t\t<\/div>\n\t\t<\/section>\n\t\t\t\t<\/div>\n\t\t","protected":false},"excerpt":{"rendered":"<p>Sant@s y Beat@s Vicentinos Beato Cayetano Garc\u00eda Mart\u00ednez &#8211; Sacerdote, formador de los Hijos de Mar\u00eda 6 de Noviembre Beato Vicentino Nacimiento:\u00a0Jumilla (Mu) 06\/01\/1895 Padres:\u00a0\u00a0\u00a0\u00a0\u00a0\u00a0\u00a0\u00a0\u00a0Jos\u00e9 y Baldomera Bautismo:\u00a0\u00a0\u00a0\u00a0Jumilla, Parr. Santiago 11\/01\/1895 Sacerdote:\u00a0\u00a0\u00a0Murcia 10\/06\/1922 Martirio:\u00a0\u00a0\u00a0\u00a0\u00a0\u00a0\u00a0\u00a0Jumilla (Mu) 15\/08\/1936 MINISTERIOS Y APOSTOLADO:\u00a0 \u00a0Sus primeros destinos fueron Blanca y Albuj\u00f3n. Con las Hijas de la Caridad tom\u00f3 contacto en [&hellip;]<\/p>\n","protected":false},"author":1,"featured_media":2929,"comment_status":"open","ping_status":"open","sticky":false,"template":"elementor_header_footer","format":"standard","meta":{"ocean_post_layout":"full-screen","ocean_both_sidebars_style":"","ocean_both_sidebars_content_width":0,"ocean_both_sidebars_sidebars_width":0,"ocean_sidebar":"0","ocean_second_sidebar":"0","ocean_disable_margins":"enable","ocean_add_body_class":"","ocean_shortcode_before_top_bar":"","ocean_shortcode_after_top_bar":"","ocean_shortcode_before_header":"","ocean_shortcode_after_header":"","ocean_has_shortcode":"","ocean_shortcode_after_title":"","ocean_shortcode_before_footer_widgets":"","ocean_shortcode_after_footer_widgets":"","ocean_shortcode_before_footer_bottom":"","ocean_shortcode_after_footer_bottom":"","ocean_display_top_bar":"off","ocean_display_header":"default","ocean_header_style":"transparent","ocean_center_header_left_menu":"0","ocean_custom_header_template":"0","ocean_custom_logo":0,"ocean_custom_retina_logo":0,"ocean_custom_logo_max_width":0,"ocean_custom_logo_tablet_max_width":0,"ocean_custom_logo_mobile_max_width":0,"ocean_custom_logo_max_height":0,"ocean_custom_logo_tablet_max_height":0,"ocean_custom_logo_mobile_max_height":0,"ocean_header_custom_menu":"0","ocean_menu_typo_font_family":"0","ocean_menu_typo_font_subset":"","ocean_menu_typo_font_size":0,"ocean_menu_typo_font_size_tablet":0,"ocean_menu_typo_font_size_mobile":0,"ocean_menu_typo_font_size_unit":"px","ocean_menu_typo_font_weight":"","ocean_menu_typo_font_weight_tablet":"","ocean_menu_typo_font_weight_mobile":"","ocean_menu_typo_transform":"","ocean_menu_typo_transform_tablet":"","ocean_menu_typo_transform_mobile":"","ocean_menu_typo_line_height":0,"ocean_menu_typo_line_height_tablet":0,"ocean_menu_typo_line_height_mobile":0,"ocean_menu_typo_line_height_unit":"","ocean_menu_typo_spacing":0,"ocean_menu_typo_spacing_tablet":0,"ocean_menu_typo_spacing_mobile":0,"ocean_menu_typo_spacing_unit":"","ocean_menu_link_color":"","ocean_menu_link_color_hover":"","ocean_menu_link_color_active":"","ocean_menu_link_background":"","ocean_menu_link_hover_background":"","ocean_menu_link_active_background":"","ocean_menu_social_links_bg":"","ocean_menu_social_hover_links_bg":"","ocean_menu_social_links_color":"","ocean_menu_social_hover_links_color":"","ocean_disable_title":"on","ocean_disable_heading":"default","ocean_post_title":"","ocean_post_subheading":"","ocean_post_title_style":"","ocean_post_title_background_color":"","ocean_post_title_background":0,"ocean_post_title_bg_image_position":"","ocean_post_title_bg_image_attachment":"","ocean_post_title_bg_image_repeat":"","ocean_post_title_bg_image_size":"","ocean_post_title_height":0,"ocean_post_title_bg_overlay":0.5,"ocean_post_title_bg_overlay_color":"","ocean_disable_breadcrumbs":"default","ocean_breadcrumbs_color":"","ocean_breadcrumbs_separator_color":"","ocean_breadcrumbs_links_color":"","ocean_breadcrumbs_links_hover_color":"","ocean_display_footer_widgets":"default","ocean_display_footer_bottom":"default","ocean_custom_footer_template":"0","ocean_post_oembed":"","ocean_post_self_hosted_media":"","ocean_post_video_embed":"","ocean_link_format":"","ocean_link_format_target":"self","ocean_quote_format":"","ocean_quote_format_link":"post","ocean_gallery_link_images":"off","ocean_gallery_id":[],"footnotes":""},"categories":[296],"tags":[],"post_folder":[295],"class_list":["post-5498","post","type-post","status-publish","format-standard","has-post-thumbnail","hentry","category-santosybeatosvic","entry","has-media"],"yoast_head":"<!-- This site is optimized with the Yoast SEO plugin v25.6 - https:\/\/yoast.com\/wordpress\/plugins\/seo\/ -->\n<title>Beato Cayetano Garc\u00eda Mart\u00ednez - Sacerdote, formador de los Hijos de Mar\u00eda 6 de Noviembre - Compa\u00f1\u00eda HDLC Ecuador<\/title>\n<meta name=\"robots\" content=\"index, follow, max-snippet:-1, max-image-preview:large, max-video-preview:-1\" \/>\n<link rel=\"canonical\" href=\"https:\/\/hdlcecuador.com\/index.php\/2020\/12\/10\/beato-cayetano-garcia-martinez-sacerdote-formador-de-los-hijos-de-maria-6-de-noviembre\/\" \/>\n<meta property=\"og:locale\" content=\"es_ES\" \/>\n<meta property=\"og:type\" content=\"article\" \/>\n<meta property=\"og:title\" content=\"Beato Cayetano Garc\u00eda Mart\u00ednez - Sacerdote, formador de los Hijos de Mar\u00eda 6 de Noviembre - Compa\u00f1\u00eda HDLC Ecuador\" \/>\n<meta property=\"og:description\" content=\"Sant@s y Beat@s Vicentinos Beato Cayetano Garc\u00eda Mart\u00ednez &#8211; Sacerdote, formador de los Hijos de Mar\u00eda 6 de Noviembre Beato Vicentino Nacimiento:\u00a0Jumilla (Mu) 06\/01\/1895 Padres:\u00a0\u00a0\u00a0\u00a0\u00a0\u00a0\u00a0\u00a0\u00a0Jos\u00e9 y Baldomera Bautismo:\u00a0\u00a0\u00a0\u00a0Jumilla, Parr. Santiago 11\/01\/1895 Sacerdote:\u00a0\u00a0\u00a0Murcia 10\/06\/1922 Martirio:\u00a0\u00a0\u00a0\u00a0\u00a0\u00a0\u00a0\u00a0Jumilla (Mu) 15\/08\/1936 MINISTERIOS Y APOSTOLADO:\u00a0 \u00a0Sus primeros destinos fueron Blanca y Albuj\u00f3n. Con las Hijas de la Caridad tom\u00f3 contacto en [&hellip;]\" \/>\n<meta property=\"og:url\" content=\"https:\/\/hdlcecuador.com\/index.php\/2020\/12\/10\/beato-cayetano-garcia-martinez-sacerdote-formador-de-los-hijos-de-maria-6-de-noviembre\/\" \/>\n<meta property=\"og:site_name\" content=\"Compa\u00f1\u00eda HDLC Ecuador\" \/>\n<meta property=\"article:published_time\" content=\"2020-12-10T14:28:47+00:00\" \/>\n<meta property=\"article:modified_time\" content=\"2020-12-10T15:06:15+00:00\" \/>\n<meta property=\"og:image\" content=\"https:\/\/hdlcecuador.com\/wp-content\/uploads\/2020\/12\/Cayetano_Garcia_Martinez.jpg\" \/>\n\t<meta property=\"og:image:width\" content=\"550\" \/>\n\t<meta property=\"og:image:height\" content=\"550\" \/>\n\t<meta property=\"og:image:type\" content=\"image\/jpeg\" \/>\n<meta name=\"author\" content=\"administrador\" \/>\n<meta name=\"twitter:card\" content=\"summary_large_image\" \/>\n<meta name=\"twitter:label1\" content=\"Escrito por\" \/>\n\t<meta name=\"twitter:data1\" content=\"administrador\" \/>\n\t<meta name=\"twitter:label2\" content=\"Tiempo de lectura\" \/>\n\t<meta name=\"twitter:data2\" content=\"3 minutos\" \/>\n<script type=\"application\/ld+json\" class=\"yoast-schema-graph\">{\"@context\":\"https:\/\/schema.org\",\"@graph\":[{\"@type\":\"Article\",\"@id\":\"https:\/\/hdlcecuador.com\/index.php\/2020\/12\/10\/beato-cayetano-garcia-martinez-sacerdote-formador-de-los-hijos-de-maria-6-de-noviembre\/#article\",\"isPartOf\":{\"@id\":\"https:\/\/hdlcecuador.com\/index.php\/2020\/12\/10\/beato-cayetano-garcia-martinez-sacerdote-formador-de-los-hijos-de-maria-6-de-noviembre\/\"},\"author\":{\"name\":\"administrador\",\"@id\":\"https:\/\/hdlcecuador.com\/#\/schema\/person\/88e13c2d15509f9620a744e935829dab\"},\"headline\":\"Beato Cayetano Garc\u00eda Mart\u00ednez &#8211; Sacerdote, formador de los Hijos de Mar\u00eda 6 de Noviembre\",\"datePublished\":\"2020-12-10T14:28:47+00:00\",\"dateModified\":\"2020-12-10T15:06:15+00:00\",\"mainEntityOfPage\":{\"@id\":\"https:\/\/hdlcecuador.com\/index.php\/2020\/12\/10\/beato-cayetano-garcia-martinez-sacerdote-formador-de-los-hijos-de-maria-6-de-noviembre\/\"},\"wordCount\":542,\"commentCount\":0,\"publisher\":{\"@id\":\"https:\/\/hdlcecuador.com\/#organization\"},\"image\":{\"@id\":\"https:\/\/hdlcecuador.com\/index.php\/2020\/12\/10\/beato-cayetano-garcia-martinez-sacerdote-formador-de-los-hijos-de-maria-6-de-noviembre\/#primaryimage\"},\"thumbnailUrl\":\"https:\/\/hdlcecuador.com\/wp-content\/uploads\/2020\/12\/Cayetano_Garcia_Martinez.jpg\",\"articleSection\":[\"Sant@s y Beat@s Vicentinos\"],\"inLanguage\":\"es\",\"potentialAction\":[{\"@type\":\"CommentAction\",\"name\":\"Comment\",\"target\":[\"https:\/\/hdlcecuador.com\/index.php\/2020\/12\/10\/beato-cayetano-garcia-martinez-sacerdote-formador-de-los-hijos-de-maria-6-de-noviembre\/#respond\"]}]},{\"@type\":\"WebPage\",\"@id\":\"https:\/\/hdlcecuador.com\/index.php\/2020\/12\/10\/beato-cayetano-garcia-martinez-sacerdote-formador-de-los-hijos-de-maria-6-de-noviembre\/\",\"url\":\"https:\/\/hdlcecuador.com\/index.php\/2020\/12\/10\/beato-cayetano-garcia-martinez-sacerdote-formador-de-los-hijos-de-maria-6-de-noviembre\/\",\"name\":\"Beato Cayetano Garc\u00eda Mart\u00ednez - Sacerdote, formador de los Hijos de Mar\u00eda 6 de Noviembre - Compa\u00f1\u00eda HDLC Ecuador\",\"isPartOf\":{\"@id\":\"https:\/\/hdlcecuador.com\/#website\"},\"primaryImageOfPage\":{\"@id\":\"https:\/\/hdlcecuador.com\/index.php\/2020\/12\/10\/beato-cayetano-garcia-martinez-sacerdote-formador-de-los-hijos-de-maria-6-de-noviembre\/#primaryimage\"},\"image\":{\"@id\":\"https:\/\/hdlcecuador.com\/index.php\/2020\/12\/10\/beato-cayetano-garcia-martinez-sacerdote-formador-de-los-hijos-de-maria-6-de-noviembre\/#primaryimage\"},\"thumbnailUrl\":\"https:\/\/hdlcecuador.com\/wp-content\/uploads\/2020\/12\/Cayetano_Garcia_Martinez.jpg\",\"datePublished\":\"2020-12-10T14:28:47+00:00\",\"dateModified\":\"2020-12-10T15:06:15+00:00\",\"breadcrumb\":{\"@id\":\"https:\/\/hdlcecuador.com\/index.php\/2020\/12\/10\/beato-cayetano-garcia-martinez-sacerdote-formador-de-los-hijos-de-maria-6-de-noviembre\/#breadcrumb\"},\"inLanguage\":\"es\",\"potentialAction\":[{\"@type\":\"ReadAction\",\"target\":[\"https:\/\/hdlcecuador.com\/index.php\/2020\/12\/10\/beato-cayetano-garcia-martinez-sacerdote-formador-de-los-hijos-de-maria-6-de-noviembre\/\"]}]},{\"@type\":\"ImageObject\",\"inLanguage\":\"es\",\"@id\":\"https:\/\/hdlcecuador.com\/index.php\/2020\/12\/10\/beato-cayetano-garcia-martinez-sacerdote-formador-de-los-hijos-de-maria-6-de-noviembre\/#primaryimage\",\"url\":\"https:\/\/hdlcecuador.com\/wp-content\/uploads\/2020\/12\/Cayetano_Garcia_Martinez.jpg\",\"contentUrl\":\"https:\/\/hdlcecuador.com\/wp-content\/uploads\/2020\/12\/Cayetano_Garcia_Martinez.jpg\",\"width\":550,\"height\":550},{\"@type\":\"BreadcrumbList\",\"@id\":\"https:\/\/hdlcecuador.com\/index.php\/2020\/12\/10\/beato-cayetano-garcia-martinez-sacerdote-formador-de-los-hijos-de-maria-6-de-noviembre\/#breadcrumb\",\"itemListElement\":[{\"@type\":\"ListItem\",\"position\":1,\"name\":\"Portada\",\"item\":\"https:\/\/hdlcecuador.com\/\"},{\"@type\":\"ListItem\",\"position\":2,\"name\":\"Beato Cayetano Garc\u00eda Mart\u00ednez &#8211; Sacerdote, formador de los Hijos de Mar\u00eda 6 de Noviembre\"}]},{\"@type\":\"WebSite\",\"@id\":\"https:\/\/hdlcecuador.com\/#website\",\"url\":\"https:\/\/hdlcecuador.com\/\",\"name\":\"Compa\u00f1\u00eda HDLC Ecuador\",\"description\":\"Sitio Web Oficial de las Compa\u00f1ia de las Hijas de la Caridad en Ecuador\",\"publisher\":{\"@id\":\"https:\/\/hdlcecuador.com\/#organization\"},\"potentialAction\":[{\"@type\":\"SearchAction\",\"target\":{\"@type\":\"EntryPoint\",\"urlTemplate\":\"https:\/\/hdlcecuador.com\/?s={search_term_string}\"},\"query-input\":{\"@type\":\"PropertyValueSpecification\",\"valueRequired\":true,\"valueName\":\"search_term_string\"}}],\"inLanguage\":\"es\"},{\"@type\":\"Organization\",\"@id\":\"https:\/\/hdlcecuador.com\/#organization\",\"name\":\"Compa\u00f1\u00eda HDLC Ecuador\",\"url\":\"https:\/\/hdlcecuador.com\/\",\"logo\":{\"@type\":\"ImageObject\",\"inLanguage\":\"es\",\"@id\":\"https:\/\/hdlcecuador.com\/#\/schema\/logo\/image\/\",\"url\":\"https:\/\/hdlcecuador.com\/wp-content\/uploads\/2021\/03\/cropped-logo-2-oficial-hor.-dere.png\",\"contentUrl\":\"https:\/\/hdlcecuador.com\/wp-content\/uploads\/2021\/03\/cropped-logo-2-oficial-hor.-dere.png\",\"width\":1800,\"height\":980,\"caption\":\"Compa\u00f1\u00eda HDLC Ecuador\"},\"image\":{\"@id\":\"https:\/\/hdlcecuador.com\/#\/schema\/logo\/image\/\"}},{\"@type\":\"Person\",\"@id\":\"https:\/\/hdlcecuador.com\/#\/schema\/person\/88e13c2d15509f9620a744e935829dab\",\"name\":\"administrador\",\"image\":{\"@type\":\"ImageObject\",\"inLanguage\":\"es\",\"@id\":\"https:\/\/hdlcecuador.com\/#\/schema\/person\/image\/\",\"url\":\"https:\/\/secure.gravatar.com\/avatar\/64ac484ddbbff6a120df480c03610bb6?s=96&d=mm&r=g\",\"contentUrl\":\"https:\/\/secure.gravatar.com\/avatar\/64ac484ddbbff6a120df480c03610bb6?s=96&d=mm&r=g\",\"caption\":\"administrador\"},\"sameAs\":[\"https:\/\/hdlcecuador.com\"],\"url\":\"https:\/\/hdlcecuador.com\/index.php\/author\/administrador\/\"}]}<\/script>\n<!-- \/ Yoast SEO plugin. -->","yoast_head_json":{"title":"Beato Cayetano Garc\u00eda Mart\u00ednez - Sacerdote, formador de los Hijos de Mar\u00eda 6 de Noviembre - Compa\u00f1\u00eda HDLC Ecuador","robots":{"index":"index","follow":"follow","max-snippet":"max-snippet:-1","max-image-preview":"max-image-preview:large","max-video-preview":"max-video-preview:-1"},"canonical":"https:\/\/hdlcecuador.com\/index.php\/2020\/12\/10\/beato-cayetano-garcia-martinez-sacerdote-formador-de-los-hijos-de-maria-6-de-noviembre\/","og_locale":"es_ES","og_type":"article","og_title":"Beato Cayetano Garc\u00eda Mart\u00ednez - Sacerdote, formador de los Hijos de Mar\u00eda 6 de Noviembre - Compa\u00f1\u00eda HDLC Ecuador","og_description":"Sant@s y Beat@s Vicentinos Beato Cayetano Garc\u00eda Mart\u00ednez &#8211; Sacerdote, formador de los Hijos de Mar\u00eda 6 de Noviembre Beato Vicentino Nacimiento:\u00a0Jumilla (Mu) 06\/01\/1895 Padres:\u00a0\u00a0\u00a0\u00a0\u00a0\u00a0\u00a0\u00a0\u00a0Jos\u00e9 y Baldomera Bautismo:\u00a0\u00a0\u00a0\u00a0Jumilla, Parr. Santiago 11\/01\/1895 Sacerdote:\u00a0\u00a0\u00a0Murcia 10\/06\/1922 Martirio:\u00a0\u00a0\u00a0\u00a0\u00a0\u00a0\u00a0\u00a0Jumilla (Mu) 15\/08\/1936 MINISTERIOS Y APOSTOLADO:\u00a0 \u00a0Sus primeros destinos fueron Blanca y Albuj\u00f3n. Con las Hijas de la Caridad tom\u00f3 contacto en [&hellip;]","og_url":"https:\/\/hdlcecuador.com\/index.php\/2020\/12\/10\/beato-cayetano-garcia-martinez-sacerdote-formador-de-los-hijos-de-maria-6-de-noviembre\/","og_site_name":"Compa\u00f1\u00eda HDLC Ecuador","article_published_time":"2020-12-10T14:28:47+00:00","article_modified_time":"2020-12-10T15:06:15+00:00","og_image":[{"width":550,"height":550,"url":"https:\/\/hdlcecuador.com\/wp-content\/uploads\/2020\/12\/Cayetano_Garcia_Martinez.jpg","type":"image\/jpeg"}],"author":"administrador","twitter_card":"summary_large_image","twitter_misc":{"Escrito por":"administrador","Tiempo de lectura":"3 minutos"},"schema":{"@context":"https:\/\/schema.org","@graph":[{"@type":"Article","@id":"https:\/\/hdlcecuador.com\/index.php\/2020\/12\/10\/beato-cayetano-garcia-martinez-sacerdote-formador-de-los-hijos-de-maria-6-de-noviembre\/#article","isPartOf":{"@id":"https:\/\/hdlcecuador.com\/index.php\/2020\/12\/10\/beato-cayetano-garcia-martinez-sacerdote-formador-de-los-hijos-de-maria-6-de-noviembre\/"},"author":{"name":"administrador","@id":"https:\/\/hdlcecuador.com\/#\/schema\/person\/88e13c2d15509f9620a744e935829dab"},"headline":"Beato Cayetano Garc\u00eda Mart\u00ednez &#8211; Sacerdote, formador de los Hijos de Mar\u00eda 6 de Noviembre","datePublished":"2020-12-10T14:28:47+00:00","dateModified":"2020-12-10T15:06:15+00:00","mainEntityOfPage":{"@id":"https:\/\/hdlcecuador.com\/index.php\/2020\/12\/10\/beato-cayetano-garcia-martinez-sacerdote-formador-de-los-hijos-de-maria-6-de-noviembre\/"},"wordCount":542,"commentCount":0,"publisher":{"@id":"https:\/\/hdlcecuador.com\/#organization"},"image":{"@id":"https:\/\/hdlcecuador.com\/index.php\/2020\/12\/10\/beato-cayetano-garcia-martinez-sacerdote-formador-de-los-hijos-de-maria-6-de-noviembre\/#primaryimage"},"thumbnailUrl":"https:\/\/hdlcecuador.com\/wp-content\/uploads\/2020\/12\/Cayetano_Garcia_Martinez.jpg","articleSection":["Sant@s y Beat@s Vicentinos"],"inLanguage":"es","potentialAction":[{"@type":"CommentAction","name":"Comment","target":["https:\/\/hdlcecuador.com\/index.php\/2020\/12\/10\/beato-cayetano-garcia-martinez-sacerdote-formador-de-los-hijos-de-maria-6-de-noviembre\/#respond"]}]},{"@type":"WebPage","@id":"https:\/\/hdlcecuador.com\/index.php\/2020\/12\/10\/beato-cayetano-garcia-martinez-sacerdote-formador-de-los-hijos-de-maria-6-de-noviembre\/","url":"https:\/\/hdlcecuador.com\/index.php\/2020\/12\/10\/beato-cayetano-garcia-martinez-sacerdote-formador-de-los-hijos-de-maria-6-de-noviembre\/","name":"Beato Cayetano Garc\u00eda Mart\u00ednez - Sacerdote, formador de los Hijos de Mar\u00eda 6 de Noviembre - Compa\u00f1\u00eda HDLC Ecuador","isPartOf":{"@id":"https:\/\/hdlcecuador.com\/#website"},"primaryImageOfPage":{"@id":"https:\/\/hdlcecuador.com\/index.php\/2020\/12\/10\/beato-cayetano-garcia-martinez-sacerdote-formador-de-los-hijos-de-maria-6-de-noviembre\/#primaryimage"},"image":{"@id":"https:\/\/hdlcecuador.com\/index.php\/2020\/12\/10\/beato-cayetano-garcia-martinez-sacerdote-formador-de-los-hijos-de-maria-6-de-noviembre\/#primaryimage"},"thumbnailUrl":"https:\/\/hdlcecuador.com\/wp-content\/uploads\/2020\/12\/Cayetano_Garcia_Martinez.jpg","datePublished":"2020-12-10T14:28:47+00:00","dateModified":"2020-12-10T15:06:15+00:00","breadcrumb":{"@id":"https:\/\/hdlcecuador.com\/index.php\/2020\/12\/10\/beato-cayetano-garcia-martinez-sacerdote-formador-de-los-hijos-de-maria-6-de-noviembre\/#breadcrumb"},"inLanguage":"es","potentialAction":[{"@type":"ReadAction","target":["https:\/\/hdlcecuador.com\/index.php\/2020\/12\/10\/beato-cayetano-garcia-martinez-sacerdote-formador-de-los-hijos-de-maria-6-de-noviembre\/"]}]},{"@type":"ImageObject","inLanguage":"es","@id":"https:\/\/hdlcecuador.com\/index.php\/2020\/12\/10\/beato-cayetano-garcia-martinez-sacerdote-formador-de-los-hijos-de-maria-6-de-noviembre\/#primaryimage","url":"https:\/\/hdlcecuador.com\/wp-content\/uploads\/2020\/12\/Cayetano_Garcia_Martinez.jpg","contentUrl":"https:\/\/hdlcecuador.com\/wp-content\/uploads\/2020\/12\/Cayetano_Garcia_Martinez.jpg","width":550,"height":550},{"@type":"BreadcrumbList","@id":"https:\/\/hdlcecuador.com\/index.php\/2020\/12\/10\/beato-cayetano-garcia-martinez-sacerdote-formador-de-los-hijos-de-maria-6-de-noviembre\/#breadcrumb","itemListElement":[{"@type":"ListItem","position":1,"name":"Portada","item":"https:\/\/hdlcecuador.com\/"},{"@type":"ListItem","position":2,"name":"Beato Cayetano Garc\u00eda Mart\u00ednez &#8211; Sacerdote, formador de los Hijos de Mar\u00eda 6 de Noviembre"}]},{"@type":"WebSite","@id":"https:\/\/hdlcecuador.com\/#website","url":"https:\/\/hdlcecuador.com\/","name":"Compa\u00f1\u00eda HDLC Ecuador","description":"Sitio Web Oficial de las Compa\u00f1ia de las Hijas de la Caridad en Ecuador","publisher":{"@id":"https:\/\/hdlcecuador.com\/#organization"},"potentialAction":[{"@type":"SearchAction","target":{"@type":"EntryPoint","urlTemplate":"https:\/\/hdlcecuador.com\/?s={search_term_string}"},"query-input":{"@type":"PropertyValueSpecification","valueRequired":true,"valueName":"search_term_string"}}],"inLanguage":"es"},{"@type":"Organization","@id":"https:\/\/hdlcecuador.com\/#organization","name":"Compa\u00f1\u00eda HDLC Ecuador","url":"https:\/\/hdlcecuador.com\/","logo":{"@type":"ImageObject","inLanguage":"es","@id":"https:\/\/hdlcecuador.com\/#\/schema\/logo\/image\/","url":"https:\/\/hdlcecuador.com\/wp-content\/uploads\/2021\/03\/cropped-logo-2-oficial-hor.-dere.png","contentUrl":"https:\/\/hdlcecuador.com\/wp-content\/uploads\/2021\/03\/cropped-logo-2-oficial-hor.-dere.png","width":1800,"height":980,"caption":"Compa\u00f1\u00eda HDLC Ecuador"},"image":{"@id":"https:\/\/hdlcecuador.com\/#\/schema\/logo\/image\/"}},{"@type":"Person","@id":"https:\/\/hdlcecuador.com\/#\/schema\/person\/88e13c2d15509f9620a744e935829dab","name":"administrador","image":{"@type":"ImageObject","inLanguage":"es","@id":"https:\/\/hdlcecuador.com\/#\/schema\/person\/image\/","url":"https:\/\/secure.gravatar.com\/avatar\/64ac484ddbbff6a120df480c03610bb6?s=96&d=mm&r=g","contentUrl":"https:\/\/secure.gravatar.com\/avatar\/64ac484ddbbff6a120df480c03610bb6?s=96&d=mm&r=g","caption":"administrador"},"sameAs":["https:\/\/hdlcecuador.com"],"url":"https:\/\/hdlcecuador.com\/index.php\/author\/administrador\/"}]}},"rttpg_featured_image_url":{"full":["https:\/\/hdlcecuador.com\/wp-content\/uploads\/2020\/12\/Cayetano_Garcia_Martinez.jpg",550,550,false],"landscape":["https:\/\/hdlcecuador.com\/wp-content\/uploads\/2020\/12\/Cayetano_Garcia_Martinez.jpg",550,550,false],"portraits":["https:\/\/hdlcecuador.com\/wp-content\/uploads\/2020\/12\/Cayetano_Garcia_Martinez.jpg",550,550,false],"thumbnail":["https:\/\/hdlcecuador.com\/wp-content\/uploads\/2020\/12\/Cayetano_Garcia_Martinez-150x150.jpg",150,150,true],"medium":["https:\/\/hdlcecuador.com\/wp-content\/uploads\/2020\/12\/Cayetano_Garcia_Martinez-300x300.jpg",300,300,true],"large":["https:\/\/hdlcecuador.com\/wp-content\/uploads\/2020\/12\/Cayetano_Garcia_Martinez.jpg",550,550,false],"thumblist":["https:\/\/hdlcecuador.com\/wp-content\/uploads\/2020\/12\/Cayetano_Garcia_Martinez.jpg",300,300,false],"meccarouselthumb":["https:\/\/hdlcecuador.com\/wp-content\/uploads\/2020\/12\/Cayetano_Garcia_Martinez.jpg",324,324,false],"gridsquare":["https:\/\/hdlcecuador.com\/wp-content\/uploads\/2020\/12\/Cayetano_Garcia_Martinez.jpg",260,260,false],"tileview":["https:\/\/hdlcecuador.com\/wp-content\/uploads\/2020\/12\/Cayetano_Garcia_Martinez.jpg",300,300,false],"1536x1536":["https:\/\/hdlcecuador.com\/wp-content\/uploads\/2020\/12\/Cayetano_Garcia_Martinez.jpg",550,550,false],"2048x2048":["https:\/\/hdlcecuador.com\/wp-content\/uploads\/2020\/12\/Cayetano_Garcia_Martinez.jpg",550,550,false],"ocean-thumb-m":["https:\/\/hdlcecuador.com\/wp-content\/uploads\/2020\/12\/Cayetano_Garcia_Martinez.jpg",550,550,false],"ocean-thumb-ml":["https:\/\/hdlcecuador.com\/wp-content\/uploads\/2020\/12\/Cayetano_Garcia_Martinez.jpg",450,450,false],"ocean-thumb-l":["https:\/\/hdlcecuador.com\/wp-content\/uploads\/2020\/12\/Cayetano_Garcia_Martinez.jpg",550,550,false]},"rttpg_author":{"display_name":"administrador","author_link":"https:\/\/hdlcecuador.com\/index.php\/author\/administrador\/"},"rttpg_comment":0,"rttpg_category":"<a href=\"https:\/\/hdlcecuador.com\/index.php\/category\/santosybeatosvic\/\" rel=\"category tag\">Sant@s y Beat@s Vicentinos<\/a>","rttpg_excerpt":"Sant@s y Beat@s Vicentinos Beato Cayetano Garc\u00eda Mart\u00ednez &#8211; Sacerdote, formador de los Hijos de Mar\u00eda 6 de Noviembre Beato Vicentino Nacimiento:\u00a0Jumilla (Mu) 06\/01\/1895 Padres:\u00a0\u00a0\u00a0\u00a0\u00a0\u00a0\u00a0\u00a0\u00a0Jos\u00e9 y Baldomera Bautismo:\u00a0\u00a0\u00a0\u00a0Jumilla, Parr. Santiago 11\/01\/1895 Sacerdote:\u00a0\u00a0\u00a0Murcia 10\/06\/1922 Martirio:\u00a0\u00a0\u00a0\u00a0\u00a0\u00a0\u00a0\u00a0Jumilla (Mu) 15\/08\/1936 MINISTERIOS Y APOSTOLADO:\u00a0 \u00a0Sus primeros destinos fueron Blanca y Albuj\u00f3n. Con las Hijas de la Caridad tom\u00f3 contacto en&hellip;","_links":{"self":[{"href":"https:\/\/hdlcecuador.com\/index.php\/wp-json\/wp\/v2\/posts\/5498"}],"collection":[{"href":"https:\/\/hdlcecuador.com\/index.php\/wp-json\/wp\/v2\/posts"}],"about":[{"href":"https:\/\/hdlcecuador.com\/index.php\/wp-json\/wp\/v2\/types\/post"}],"author":[{"embeddable":true,"href":"https:\/\/hdlcecuador.com\/index.php\/wp-json\/wp\/v2\/users\/1"}],"replies":[{"embeddable":true,"href":"https:\/\/hdlcecuador.com\/index.php\/wp-json\/wp\/v2\/comments?post=5498"}],"version-history":[{"count":0,"href":"https:\/\/hdlcecuador.com\/index.php\/wp-json\/wp\/v2\/posts\/5498\/revisions"}],"wp:featuredmedia":[{"embeddable":true,"href":"https:\/\/hdlcecuador.com\/index.php\/wp-json\/wp\/v2\/media\/2929"}],"wp:attachment":[{"href":"https:\/\/hdlcecuador.com\/index.php\/wp-json\/wp\/v2\/media?parent=5498"}],"wp:term":[{"taxonomy":"category","embeddable":true,"href":"https:\/\/hdlcecuador.com\/index.php\/wp-json\/wp\/v2\/categories?post=5498"},{"taxonomy":"post_tag","embeddable":true,"href":"https:\/\/hdlcecuador.com\/index.php\/wp-json\/wp\/v2\/tags?post=5498"},{"taxonomy":"post_folder","embeddable":true,"href":"https:\/\/hdlcecuador.com\/index.php\/wp-json\/wp\/v2\/post_folder?post=5498"}],"curies":[{"name":"wp","href":"https:\/\/api.w.org\/{rel}","templated":true}]}}