{"id":5846,"date":"2020-12-11T04:13:23","date_gmt":"2020-12-11T04:13:23","guid":{"rendered":"https:\/\/hdlcecuador.com\/?p=5846"},"modified":"2021-10-07T05:01:24","modified_gmt":"2021-10-07T05:01:24","slug":"beato-padre-francisco-morquillas-fermandez","status":"publish","type":"post","link":"https:\/\/hdlcecuador.com\/index.php\/2020\/12\/11\/beato-padre-francisco-morquillas-fermandez\/","title":{"rendered":"Beato P. Francisco Morquillas Ferm\u00e1ndez &#8211; 6 de Noviembre"},"content":{"rendered":"\t\t<div data-elementor-type=\"wp-post\" data-elementor-id=\"5846\" class=\"elementor elementor-5846\">\n\t\t\t\t\t\t<section class=\"elementor-section elementor-top-section elementor-element elementor-element-df762d4 elementor-section-height-min-height elementor-section-boxed elementor-section-height-default elementor-section-items-middle\" data-id=\"df762d4\" data-element_type=\"section\" data-settings=\"{&quot;background_background&quot;:&quot;classic&quot;}\">\n\t\t\t\t\t\t<div class=\"elementor-container elementor-column-gap-no\">\n\t\t\t\t\t<div class=\"elementor-column elementor-col-100 elementor-top-column elementor-element elementor-element-dce34bb\" data-id=\"dce34bb\" data-element_type=\"column\">\n\t\t\t<div class=\"elementor-widget-wrap elementor-element-populated\">\n\t\t\t\t\t\t<section class=\"elementor-section elementor-inner-section elementor-element elementor-element-7d8b8af elementor-section-boxed elementor-section-height-default elementor-section-height-default\" data-id=\"7d8b8af\" data-element_type=\"section\">\n\t\t\t\t\t\t<div class=\"elementor-container elementor-column-gap-default\">\n\t\t\t\t\t<div class=\"elementor-column elementor-col-50 elementor-inner-column elementor-element elementor-element-b25b762\" data-id=\"b25b762\" data-element_type=\"column\">\n\t\t\t<div class=\"elementor-widget-wrap elementor-element-populated\">\n\t\t\t\t\t\t<div class=\"elementor-element elementor-element-e8d9384 elementor-widget elementor-widget-elementskit-heading\" data-id=\"e8d9384\" data-element_type=\"widget\" data-widget_type=\"elementskit-heading.default\">\n\t\t\t\t<div class=\"elementor-widget-container\">\n\t\t\t\t\t<div class=\"ekit-wid-con\" ><div class=\"ekit-heading elementskit-section-title-wraper text_left   ekit_heading_tablet-   ekit_heading_mobile-\"><span class=\"elementskit-section-subtitle  elementskit-style-border\">\n\t\t\t\t\t\tSant@s y Beat@s Vicentinos\n\t\t\t\t\t<\/span><h2 class=\"ekit-heading--title elementskit-section-title \">Beato Padre Francisco Morquillas Ferm\u00e1ndez - 6 de Noviembre<\/h2><\/div><\/div>\t\t\t\t<\/div>\n\t\t\t\t<\/div>\n\t\t\t\t\t<\/div>\n\t\t<\/div>\n\t\t\t\t<div class=\"elementor-column elementor-col-50 elementor-inner-column elementor-element elementor-element-721a445\" data-id=\"721a445\" data-element_type=\"column\">\n\t\t\t<div class=\"elementor-widget-wrap elementor-element-populated\">\n\t\t\t\t\t\t<div class=\"elementor-element elementor-element-2003257 elementor-widget elementor-widget-image\" data-id=\"2003257\" data-element_type=\"widget\" data-widget_type=\"image.default\">\n\t\t\t\t<div class=\"elementor-widget-container\">\n\t\t\t\t\t\t\t\t\t\t\t\t\t\t\t<img decoding=\"async\" src=\"https:\/\/hdlcecuador.com\/wp-content\/uploads\/2020\/12\/logotipo-1.png\" title=\"\" alt=\"\" loading=\"lazy\" \/>\t\t\t\t\t\t\t\t\t\t\t\t\t\t\t<\/div>\n\t\t\t\t<\/div>\n\t\t\t\t\t<\/div>\n\t\t<\/div>\n\t\t\t\t\t<\/div>\n\t\t<\/section>\n\t\t\t\t\t<\/div>\n\t\t<\/div>\n\t\t\t\t\t<\/div>\n\t\t<\/section>\n\t\t\t\t<section class=\"elementor-section elementor-top-section elementor-element elementor-element-8225483 elementor-section-boxed elementor-section-height-default elementor-section-height-default\" data-id=\"8225483\" data-element_type=\"section\" data-settings=\"{&quot;background_background&quot;:&quot;classic&quot;}\">\n\t\t\t\t\t\t<div class=\"elementor-container elementor-column-gap-default\">\n\t\t\t\t\t<div class=\"elementor-column elementor-col-100 elementor-top-column elementor-element elementor-element-018d927\" data-id=\"018d927\" data-element_type=\"column\">\n\t\t\t<div class=\"elementor-widget-wrap elementor-element-populated\">\n\t\t\t\t\t\t<div class=\"elementor-element elementor-element-83a8ea0 elementor-widget elementor-widget-heading\" data-id=\"83a8ea0\" data-element_type=\"widget\" data-widget_type=\"heading.default\">\n\t\t\t\t<div class=\"elementor-widget-container\">\n\t\t\t\t\t<h2 class=\"elementor-heading-title elementor-size-large\">Beato Vicentino<\/h2>\t\t\t\t<\/div>\n\t\t\t\t<\/div>\n\t\t\t\t<section class=\"elementor-section elementor-inner-section elementor-element elementor-element-bd57547 elementor-section-boxed elementor-section-height-default elementor-section-height-default\" data-id=\"bd57547\" data-element_type=\"section\">\n\t\t\t\t\t\t<div class=\"elementor-container elementor-column-gap-default\">\n\t\t\t\t\t<div class=\"elementor-column elementor-col-50 elementor-inner-column elementor-element elementor-element-71559c9\" data-id=\"71559c9\" data-element_type=\"column\">\n\t\t\t<div class=\"elementor-widget-wrap elementor-element-populated\">\n\t\t\t\t\t\t<div class=\"elementor-element elementor-element-ada172c elementor-widget elementor-widget-text-editor\" data-id=\"ada172c\" data-element_type=\"widget\" data-widget_type=\"text-editor.default\">\n\t\t\t\t<div class=\"elementor-widget-container\">\n\t\t\t\t\t\t\t\t\t<p><strong>Nacimiento:\u00a0\u00a0\u00a0<\/strong>Sarrac\u00edn (Bu) 17\/06\/1899<\/p><p><strong>Padres:\u00a0\u00a0\u00a0\u00a0\u00a0\u00a0\u00a0\u00a0\u00a0\u00a0\u00a0<\/strong>Juan y Margarita<\/p><p><strong>Bautismo:\u00a0\u00a0\u00a0\u00a0\u00a0\u00a0\u00a0<\/strong>Sarrac\u00edn, Parr. San Pedro 20\/06\/1889<\/p><p><strong>Votos:\u00a0<\/strong>Madrid 05\/09\/1908<\/p><p><strong>Sacerdote:\u00a0\u00a0\u00a0\u00a0\u00a0<\/strong>Madrid 29\/08\/1915<\/p><p><strong>Martirio:\u00a0\u00a0\u00a0\u00a0\u00a0\u00a0\u00a0\u00a0<\/strong>Paracuellos (M) 30\/11\/1936\u00b4<\/p><p><strong>MINISTERIOS Y APOSTOLADO:\u00a0<\/strong><\/p><p><strong>\u00a0<\/strong>En los 21 a\u00f1os de su vida sacerdotal tuvo tres destinos: And\u00fajar (Ja\u00e9n), Oviedo, y la casa provincial de Madrid el a\u00f1o 1929.<\/p>\t\t\t\t\t\t\t\t<\/div>\n\t\t\t\t<\/div>\n\t\t\t\t\t<\/div>\n\t\t<\/div>\n\t\t\t\t<div class=\"elementor-column elementor-col-50 elementor-inner-column elementor-element elementor-element-964e0c9\" data-id=\"964e0c9\" data-element_type=\"column\">\n\t\t\t<div class=\"elementor-widget-wrap elementor-element-populated\">\n\t\t\t\t\t\t<div class=\"elementor-element elementor-element-e17193b elementor-widget elementor-widget-image\" data-id=\"e17193b\" data-element_type=\"widget\" data-widget_type=\"image.default\">\n\t\t\t\t<div class=\"elementor-widget-container\">\n\t\t\t\t\t\t\t\t\t\t\t\t\t\t\t<img decoding=\"async\" src=\"https:\/\/hdlcecuador.com\/wp-content\/uploads\/elementor\/thumbs\/Francisco_Morquillas_Fermandez-ozl2e0b5vz1gtj3d2rw5fge8t1496vj3hbreh5mcv4.jpg\" title=\"Francisco_Morquillas_Fermandez\" alt=\"Francisco_Morquillas_Fermandez\" loading=\"lazy\" \/>\t\t\t\t\t\t\t\t\t\t\t\t\t\t\t<\/div>\n\t\t\t\t<\/div>\n\t\t\t\t\t<\/div>\n\t\t<\/div>\n\t\t\t\t\t<\/div>\n\t\t<\/section>\n\t\t\t\t<div class=\"elementor-element elementor-element-a3e50ba elementor-widget elementor-widget-text-editor\" data-id=\"a3e50ba\" data-element_type=\"widget\" data-widget_type=\"text-editor.default\">\n\t\t\t\t<div class=\"elementor-widget-container\">\n\t\t\t\t\t\t\t\t\t<p>Era capell\u00e1n del hospital de jornaleros San Francisco de Paula de la calle Maudes y ayudaba al P. Paradela en las tareas del archivo provincial.<\/p><p>Era un sacerdote con la sonrisa a flor de labios, imperturbable, tranquilo, humilde, cumplidor exacto y puntual de sus obligaciones, buen compa\u00f1ero, preciso en el hablar, prudente y discreto.<\/p><p>En la c\u00e1rcel dej\u00f3 la sensaci\u00f3n de ser un hombre cuidadoso y delicado. Era querido de todos por su mesura y sencillez. A nadie distingu\u00eda en su trato y no hab\u00eda qui\u00e9n se creyese excluido de su amistad.<\/p><p><strong>MARTIRIO<\/strong>:<\/p><p>\u00a0El P.\u00a0 Francisco Morquillas Fern\u00e1ndez, vivi\u00f3 algunos d\u00edas en el hospital de Maudes, del que era capell\u00e1n.<\/p><p>La superiora orden\u00f3 que no\u00a0 se quitaran los crucifijos, pero el d\u00eda 21 de julio los milicianos se incautaron del hospital. Inmediatamente despidieron a las Hijas de la Caridad que salieron en camiones vestidas de seglar custodiadas por milicianos. En el edificio quedaron instaladas las oficinas del Socorro Rojo Internacional. La capilla se transform\u00f3 en teatro. El P. Morquillas regres\u00f3 a la comunidad en Garc\u00eda de Paredes, 45 y all\u00ed vivi\u00f3 los atropellos del resto de religiosos.<\/p><p>\u00a0Se refugi\u00f3 con el P. Pedro Pascual Garc\u00eda Mart\u00edn en la pensi\u00f3n Mejicana de la Carrera de San Jer\u00f3nimo, 28 y sigui\u00f3 la misma trayectoria que se relata en su martirio y, como a \u00e9l, lo mataron en Paracuellos el 30 de noviembre, si bien pudo ir en una saca posterior.<\/p><p>En la pensi\u00f3n Mejicana de la Carrera de San Jer\u00f3nimo, el P. Morquillas hab\u00eda conocido al P. Manuel Nogueiro Guiti\u00e1n, Pasionista, cuyo nombre de religi\u00f3n y por el que era conocido es P. Carlos del Sant\u00edsimo Sacramento y a su compa\u00f1ero H. Gabriel de la Anunciaci\u00f3n. Juntos fueron hechos prisioneros y conducidos de calabozo en calabozo hasta llegar a la c\u00e1rcel de San Ant\u00f3n.<\/p><p>Juntos hab\u00edan declarado su condici\u00f3n de sacerdotes y religiosos. Sin duda por la afinidad de sus almas hizo una gran amistad con el P. Carlos y con \u00e9l se confesaba y preparaba para morir.<\/p><p>Los \u00faltimos momentos del P. Francisco Morquillas Fern\u00e1ndez, los conocemos por el testimonio del H. Gabriel de la Anunciaci\u00f3n, Pasionista: El d\u00eda 30 de noviembre a las 6 de la ma\u00f1ana, leyeron las listas. Habr\u00edan pasado dos horas, dice el Hermano Gabriel, cuando los vimos pasar por el patio de la c\u00e1rcel, formando larga fila, bien atados por los brazos, de dos en dos, y sin la manta. El Padre Carlos iba ligado al brazo del padre Pa\u00fal, Francisco Morquillas.<\/p>\t\t\t\t\t\t\t\t<\/div>\n\t\t\t\t<\/div>\n\t\t\t\t\t<\/div>\n\t\t<\/div>\n\t\t\t\t\t<\/div>\n\t\t<\/section>\n\t\t\t\t<\/div>\n\t\t","protected":false},"excerpt":{"rendered":"<p>Sant@s y Beat@s Vicentinos Beato Padre Francisco Morquillas Ferm\u00e1ndez &#8211; 6 de Noviembre Beato Vicentino Nacimiento:&nbsp;&nbsp;&nbsp;Sarrac\u00edn (Bu) 17\/06\/1899 Padres:&nbsp;&nbsp;&nbsp;&nbsp;&nbsp;&nbsp;&nbsp;&nbsp;&nbsp;&nbsp;&nbsp;Juan y Margarita Bautismo:&nbsp;&nbsp;&nbsp;&nbsp;&nbsp;&nbsp;&nbsp;Sarrac\u00edn, Parr. San Pedro 20\/06\/1889 Votos:&nbsp;Madrid 05\/09\/1908 Sacerdote:&nbsp;&nbsp;&nbsp;&nbsp;&nbsp;Madrid 29\/08\/1915 Martirio:&nbsp;&nbsp;&nbsp;&nbsp;&nbsp;&nbsp;&nbsp;&nbsp;Paracuellos (M) 30\/11\/1936\u00b4 MINISTERIOS Y APOSTOLADO:&nbsp; &nbsp;En los 21 a\u00f1os de su vida sacerdotal tuvo tres destinos: And\u00fajar (Ja\u00e9n), Oviedo, y la casa provincial de [&hellip;]<\/p>\n","protected":false},"author":1,"featured_media":2940,"comment_status":"open","ping_status":"open","sticky":false,"template":"elementor_header_footer","format":"standard","meta":{"ocean_post_layout":"full-screen","ocean_both_sidebars_style":"","ocean_both_sidebars_content_width":0,"ocean_both_sidebars_sidebars_width":0,"ocean_sidebar":"0","ocean_second_sidebar":"0","ocean_disable_margins":"enable","ocean_add_body_class":"","ocean_shortcode_before_top_bar":"","ocean_shortcode_after_top_bar":"","ocean_shortcode_before_header":"","ocean_shortcode_after_header":"","ocean_has_shortcode":"","ocean_shortcode_after_title":"","ocean_shortcode_before_footer_widgets":"","ocean_shortcode_after_footer_widgets":"","ocean_shortcode_before_footer_bottom":"","ocean_shortcode_after_footer_bottom":"","ocean_display_top_bar":"off","ocean_display_header":"default","ocean_header_style":"transparent","ocean_center_header_left_menu":"0","ocean_custom_header_template":"0","ocean_custom_logo":0,"ocean_custom_retina_logo":0,"ocean_custom_logo_max_width":0,"ocean_custom_logo_tablet_max_width":0,"ocean_custom_logo_mobile_max_width":0,"ocean_custom_logo_max_height":0,"ocean_custom_logo_tablet_max_height":0,"ocean_custom_logo_mobile_max_height":0,"ocean_header_custom_menu":"0","ocean_menu_typo_font_family":"0","ocean_menu_typo_font_subset":"","ocean_menu_typo_font_size":0,"ocean_menu_typo_font_size_tablet":0,"ocean_menu_typo_font_size_mobile":0,"ocean_menu_typo_font_size_unit":"px","ocean_menu_typo_font_weight":"","ocean_menu_typo_font_weight_tablet":"","ocean_menu_typo_font_weight_mobile":"","ocean_menu_typo_transform":"","ocean_menu_typo_transform_tablet":"","ocean_menu_typo_transform_mobile":"","ocean_menu_typo_line_height":0,"ocean_menu_typo_line_height_tablet":0,"ocean_menu_typo_line_height_mobile":0,"ocean_menu_typo_line_height_unit":"","ocean_menu_typo_spacing":0,"ocean_menu_typo_spacing_tablet":0,"ocean_menu_typo_spacing_mobile":0,"ocean_menu_typo_spacing_unit":"","ocean_menu_link_color":"","ocean_menu_link_color_hover":"","ocean_menu_link_color_active":"","ocean_menu_link_background":"","ocean_menu_link_hover_background":"","ocean_menu_link_active_background":"","ocean_menu_social_links_bg":"","ocean_menu_social_hover_links_bg":"","ocean_menu_social_links_color":"","ocean_menu_social_hover_links_color":"","ocean_disable_title":"on","ocean_disable_heading":"default","ocean_post_title":"","ocean_post_subheading":"","ocean_post_title_style":"","ocean_post_title_background_color":"","ocean_post_title_background":0,"ocean_post_title_bg_image_position":"","ocean_post_title_bg_image_attachment":"","ocean_post_title_bg_image_repeat":"","ocean_post_title_bg_image_size":"","ocean_post_title_height":0,"ocean_post_title_bg_overlay":0.5,"ocean_post_title_bg_overlay_color":"","ocean_disable_breadcrumbs":"default","ocean_breadcrumbs_color":"","ocean_breadcrumbs_separator_color":"","ocean_breadcrumbs_links_color":"","ocean_breadcrumbs_links_hover_color":"","ocean_display_footer_widgets":"default","ocean_display_footer_bottom":"default","ocean_custom_footer_template":"0","ocean_post_oembed":"","ocean_post_self_hosted_media":"","ocean_post_video_embed":"","ocean_link_format":"","ocean_link_format_target":"self","ocean_quote_format":"","ocean_quote_format_link":"post","ocean_gallery_link_images":"off","ocean_gallery_id":[],"footnotes":""},"categories":[296],"tags":[],"post_folder":[295],"class_list":["post-5846","post","type-post","status-publish","format-standard","has-post-thumbnail","hentry","category-santosybeatosvic","entry","has-media"],"yoast_head":"<!-- This site is optimized with the Yoast SEO plugin v25.6 - https:\/\/yoast.com\/wordpress\/plugins\/seo\/ -->\n<title>Beato P. Francisco Morquillas Ferm\u00e1ndez - 6 de Noviembre - Compa\u00f1\u00eda HDLC Ecuador<\/title>\n<meta name=\"robots\" content=\"index, follow, max-snippet:-1, max-image-preview:large, max-video-preview:-1\" \/>\n<link rel=\"canonical\" href=\"https:\/\/hdlcecuador.com\/index.php\/2020\/12\/11\/beato-padre-francisco-morquillas-fermandez\/\" \/>\n<meta property=\"og:locale\" content=\"es_ES\" \/>\n<meta property=\"og:type\" content=\"article\" \/>\n<meta property=\"og:title\" content=\"Beato P. Francisco Morquillas Ferm\u00e1ndez - 6 de Noviembre - Compa\u00f1\u00eda HDLC Ecuador\" \/>\n<meta property=\"og:description\" content=\"Sant@s y Beat@s Vicentinos Beato Padre Francisco Morquillas Ferm\u00e1ndez &#8211; 6 de Noviembre Beato Vicentino Nacimiento:&nbsp;&nbsp;&nbsp;Sarrac\u00edn (Bu) 17\/06\/1899 Padres:&nbsp;&nbsp;&nbsp;&nbsp;&nbsp;&nbsp;&nbsp;&nbsp;&nbsp;&nbsp;&nbsp;Juan y Margarita Bautismo:&nbsp;&nbsp;&nbsp;&nbsp;&nbsp;&nbsp;&nbsp;Sarrac\u00edn, Parr. San Pedro 20\/06\/1889 Votos:&nbsp;Madrid 05\/09\/1908 Sacerdote:&nbsp;&nbsp;&nbsp;&nbsp;&nbsp;Madrid 29\/08\/1915 Martirio:&nbsp;&nbsp;&nbsp;&nbsp;&nbsp;&nbsp;&nbsp;&nbsp;Paracuellos (M) 30\/11\/1936\u00b4 MINISTERIOS Y APOSTOLADO:&nbsp; &nbsp;En los 21 a\u00f1os de su vida sacerdotal tuvo tres destinos: And\u00fajar (Ja\u00e9n), Oviedo, y la casa provincial de [&hellip;]\" \/>\n<meta property=\"og:url\" content=\"https:\/\/hdlcecuador.com\/index.php\/2020\/12\/11\/beato-padre-francisco-morquillas-fermandez\/\" \/>\n<meta property=\"og:site_name\" content=\"Compa\u00f1\u00eda HDLC Ecuador\" \/>\n<meta property=\"article:published_time\" content=\"2020-12-11T04:13:23+00:00\" \/>\n<meta property=\"article:modified_time\" content=\"2021-10-07T05:01:24+00:00\" \/>\n<meta property=\"og:image\" content=\"https:\/\/hdlcecuador.com\/wp-content\/uploads\/2020\/12\/Francisco_Morquillas_Fermandez.jpg\" \/>\n\t<meta property=\"og:image:width\" content=\"550\" \/>\n\t<meta property=\"og:image:height\" content=\"550\" \/>\n\t<meta property=\"og:image:type\" content=\"image\/jpeg\" \/>\n<meta name=\"author\" content=\"administrador\" \/>\n<meta name=\"twitter:card\" content=\"summary_large_image\" \/>\n<meta name=\"twitter:label1\" content=\"Escrito por\" \/>\n\t<meta name=\"twitter:data1\" content=\"administrador\" \/>\n\t<meta name=\"twitter:label2\" content=\"Tiempo de lectura\" \/>\n\t<meta name=\"twitter:data2\" content=\"3 minutos\" \/>\n<script type=\"application\/ld+json\" class=\"yoast-schema-graph\">{\"@context\":\"https:\/\/schema.org\",\"@graph\":[{\"@type\":\"Article\",\"@id\":\"https:\/\/hdlcecuador.com\/index.php\/2020\/12\/11\/beato-padre-francisco-morquillas-fermandez\/#article\",\"isPartOf\":{\"@id\":\"https:\/\/hdlcecuador.com\/index.php\/2020\/12\/11\/beato-padre-francisco-morquillas-fermandez\/\"},\"author\":{\"name\":\"administrador\",\"@id\":\"https:\/\/hdlcecuador.com\/#\/schema\/person\/88e13c2d15509f9620a744e935829dab\"},\"headline\":\"Beato P. Francisco Morquillas Ferm\u00e1ndez &#8211; 6 de Noviembre\",\"datePublished\":\"2020-12-11T04:13:23+00:00\",\"dateModified\":\"2021-10-07T05:01:24+00:00\",\"mainEntityOfPage\":{\"@id\":\"https:\/\/hdlcecuador.com\/index.php\/2020\/12\/11\/beato-padre-francisco-morquillas-fermandez\/\"},\"wordCount\":561,\"commentCount\":0,\"publisher\":{\"@id\":\"https:\/\/hdlcecuador.com\/#organization\"},\"image\":{\"@id\":\"https:\/\/hdlcecuador.com\/index.php\/2020\/12\/11\/beato-padre-francisco-morquillas-fermandez\/#primaryimage\"},\"thumbnailUrl\":\"https:\/\/hdlcecuador.com\/wp-content\/uploads\/2020\/12\/Francisco_Morquillas_Fermandez.jpg\",\"articleSection\":[\"Sant@s y Beat@s Vicentinos\"],\"inLanguage\":\"es\",\"potentialAction\":[{\"@type\":\"CommentAction\",\"name\":\"Comment\",\"target\":[\"https:\/\/hdlcecuador.com\/index.php\/2020\/12\/11\/beato-padre-francisco-morquillas-fermandez\/#respond\"]}]},{\"@type\":\"WebPage\",\"@id\":\"https:\/\/hdlcecuador.com\/index.php\/2020\/12\/11\/beato-padre-francisco-morquillas-fermandez\/\",\"url\":\"https:\/\/hdlcecuador.com\/index.php\/2020\/12\/11\/beato-padre-francisco-morquillas-fermandez\/\",\"name\":\"Beato P. Francisco Morquillas Ferm\u00e1ndez - 6 de Noviembre - Compa\u00f1\u00eda HDLC Ecuador\",\"isPartOf\":{\"@id\":\"https:\/\/hdlcecuador.com\/#website\"},\"primaryImageOfPage\":{\"@id\":\"https:\/\/hdlcecuador.com\/index.php\/2020\/12\/11\/beato-padre-francisco-morquillas-fermandez\/#primaryimage\"},\"image\":{\"@id\":\"https:\/\/hdlcecuador.com\/index.php\/2020\/12\/11\/beato-padre-francisco-morquillas-fermandez\/#primaryimage\"},\"thumbnailUrl\":\"https:\/\/hdlcecuador.com\/wp-content\/uploads\/2020\/12\/Francisco_Morquillas_Fermandez.jpg\",\"datePublished\":\"2020-12-11T04:13:23+00:00\",\"dateModified\":\"2021-10-07T05:01:24+00:00\",\"breadcrumb\":{\"@id\":\"https:\/\/hdlcecuador.com\/index.php\/2020\/12\/11\/beato-padre-francisco-morquillas-fermandez\/#breadcrumb\"},\"inLanguage\":\"es\",\"potentialAction\":[{\"@type\":\"ReadAction\",\"target\":[\"https:\/\/hdlcecuador.com\/index.php\/2020\/12\/11\/beato-padre-francisco-morquillas-fermandez\/\"]}]},{\"@type\":\"ImageObject\",\"inLanguage\":\"es\",\"@id\":\"https:\/\/hdlcecuador.com\/index.php\/2020\/12\/11\/beato-padre-francisco-morquillas-fermandez\/#primaryimage\",\"url\":\"https:\/\/hdlcecuador.com\/wp-content\/uploads\/2020\/12\/Francisco_Morquillas_Fermandez.jpg\",\"contentUrl\":\"https:\/\/hdlcecuador.com\/wp-content\/uploads\/2020\/12\/Francisco_Morquillas_Fermandez.jpg\",\"width\":550,\"height\":550},{\"@type\":\"BreadcrumbList\",\"@id\":\"https:\/\/hdlcecuador.com\/index.php\/2020\/12\/11\/beato-padre-francisco-morquillas-fermandez\/#breadcrumb\",\"itemListElement\":[{\"@type\":\"ListItem\",\"position\":1,\"name\":\"Portada\",\"item\":\"https:\/\/hdlcecuador.com\/\"},{\"@type\":\"ListItem\",\"position\":2,\"name\":\"Beato P. Francisco Morquillas Ferm\u00e1ndez &#8211; 6 de Noviembre\"}]},{\"@type\":\"WebSite\",\"@id\":\"https:\/\/hdlcecuador.com\/#website\",\"url\":\"https:\/\/hdlcecuador.com\/\",\"name\":\"Compa\u00f1\u00eda HDLC Ecuador\",\"description\":\"Sitio Web Oficial de las Compa\u00f1ia de las Hijas de la Caridad en Ecuador\",\"publisher\":{\"@id\":\"https:\/\/hdlcecuador.com\/#organization\"},\"potentialAction\":[{\"@type\":\"SearchAction\",\"target\":{\"@type\":\"EntryPoint\",\"urlTemplate\":\"https:\/\/hdlcecuador.com\/?s={search_term_string}\"},\"query-input\":{\"@type\":\"PropertyValueSpecification\",\"valueRequired\":true,\"valueName\":\"search_term_string\"}}],\"inLanguage\":\"es\"},{\"@type\":\"Organization\",\"@id\":\"https:\/\/hdlcecuador.com\/#organization\",\"name\":\"Compa\u00f1\u00eda HDLC Ecuador\",\"url\":\"https:\/\/hdlcecuador.com\/\",\"logo\":{\"@type\":\"ImageObject\",\"inLanguage\":\"es\",\"@id\":\"https:\/\/hdlcecuador.com\/#\/schema\/logo\/image\/\",\"url\":\"https:\/\/hdlcecuador.com\/wp-content\/uploads\/2021\/03\/cropped-logo-2-oficial-hor.-dere.png\",\"contentUrl\":\"https:\/\/hdlcecuador.com\/wp-content\/uploads\/2021\/03\/cropped-logo-2-oficial-hor.-dere.png\",\"width\":1800,\"height\":980,\"caption\":\"Compa\u00f1\u00eda HDLC Ecuador\"},\"image\":{\"@id\":\"https:\/\/hdlcecuador.com\/#\/schema\/logo\/image\/\"}},{\"@type\":\"Person\",\"@id\":\"https:\/\/hdlcecuador.com\/#\/schema\/person\/88e13c2d15509f9620a744e935829dab\",\"name\":\"administrador\",\"image\":{\"@type\":\"ImageObject\",\"inLanguage\":\"es\",\"@id\":\"https:\/\/hdlcecuador.com\/#\/schema\/person\/image\/\",\"url\":\"https:\/\/secure.gravatar.com\/avatar\/64ac484ddbbff6a120df480c03610bb6?s=96&d=mm&r=g\",\"contentUrl\":\"https:\/\/secure.gravatar.com\/avatar\/64ac484ddbbff6a120df480c03610bb6?s=96&d=mm&r=g\",\"caption\":\"administrador\"},\"sameAs\":[\"https:\/\/hdlcecuador.com\"],\"url\":\"https:\/\/hdlcecuador.com\/index.php\/author\/administrador\/\"}]}<\/script>\n<!-- \/ Yoast SEO plugin. -->","yoast_head_json":{"title":"Beato P. Francisco Morquillas Ferm\u00e1ndez - 6 de Noviembre - Compa\u00f1\u00eda HDLC Ecuador","robots":{"index":"index","follow":"follow","max-snippet":"max-snippet:-1","max-image-preview":"max-image-preview:large","max-video-preview":"max-video-preview:-1"},"canonical":"https:\/\/hdlcecuador.com\/index.php\/2020\/12\/11\/beato-padre-francisco-morquillas-fermandez\/","og_locale":"es_ES","og_type":"article","og_title":"Beato P. Francisco Morquillas Ferm\u00e1ndez - 6 de Noviembre - Compa\u00f1\u00eda HDLC Ecuador","og_description":"Sant@s y Beat@s Vicentinos Beato Padre Francisco Morquillas Ferm\u00e1ndez &#8211; 6 de Noviembre Beato Vicentino Nacimiento:&nbsp;&nbsp;&nbsp;Sarrac\u00edn (Bu) 17\/06\/1899 Padres:&nbsp;&nbsp;&nbsp;&nbsp;&nbsp;&nbsp;&nbsp;&nbsp;&nbsp;&nbsp;&nbsp;Juan y Margarita Bautismo:&nbsp;&nbsp;&nbsp;&nbsp;&nbsp;&nbsp;&nbsp;Sarrac\u00edn, Parr. San Pedro 20\/06\/1889 Votos:&nbsp;Madrid 05\/09\/1908 Sacerdote:&nbsp;&nbsp;&nbsp;&nbsp;&nbsp;Madrid 29\/08\/1915 Martirio:&nbsp;&nbsp;&nbsp;&nbsp;&nbsp;&nbsp;&nbsp;&nbsp;Paracuellos (M) 30\/11\/1936\u00b4 MINISTERIOS Y APOSTOLADO:&nbsp; &nbsp;En los 21 a\u00f1os de su vida sacerdotal tuvo tres destinos: And\u00fajar (Ja\u00e9n), Oviedo, y la casa provincial de [&hellip;]","og_url":"https:\/\/hdlcecuador.com\/index.php\/2020\/12\/11\/beato-padre-francisco-morquillas-fermandez\/","og_site_name":"Compa\u00f1\u00eda HDLC Ecuador","article_published_time":"2020-12-11T04:13:23+00:00","article_modified_time":"2021-10-07T05:01:24+00:00","og_image":[{"width":550,"height":550,"url":"https:\/\/hdlcecuador.com\/wp-content\/uploads\/2020\/12\/Francisco_Morquillas_Fermandez.jpg","type":"image\/jpeg"}],"author":"administrador","twitter_card":"summary_large_image","twitter_misc":{"Escrito por":"administrador","Tiempo de lectura":"3 minutos"},"schema":{"@context":"https:\/\/schema.org","@graph":[{"@type":"Article","@id":"https:\/\/hdlcecuador.com\/index.php\/2020\/12\/11\/beato-padre-francisco-morquillas-fermandez\/#article","isPartOf":{"@id":"https:\/\/hdlcecuador.com\/index.php\/2020\/12\/11\/beato-padre-francisco-morquillas-fermandez\/"},"author":{"name":"administrador","@id":"https:\/\/hdlcecuador.com\/#\/schema\/person\/88e13c2d15509f9620a744e935829dab"},"headline":"Beato P. Francisco Morquillas Ferm\u00e1ndez &#8211; 6 de Noviembre","datePublished":"2020-12-11T04:13:23+00:00","dateModified":"2021-10-07T05:01:24+00:00","mainEntityOfPage":{"@id":"https:\/\/hdlcecuador.com\/index.php\/2020\/12\/11\/beato-padre-francisco-morquillas-fermandez\/"},"wordCount":561,"commentCount":0,"publisher":{"@id":"https:\/\/hdlcecuador.com\/#organization"},"image":{"@id":"https:\/\/hdlcecuador.com\/index.php\/2020\/12\/11\/beato-padre-francisco-morquillas-fermandez\/#primaryimage"},"thumbnailUrl":"https:\/\/hdlcecuador.com\/wp-content\/uploads\/2020\/12\/Francisco_Morquillas_Fermandez.jpg","articleSection":["Sant@s y Beat@s Vicentinos"],"inLanguage":"es","potentialAction":[{"@type":"CommentAction","name":"Comment","target":["https:\/\/hdlcecuador.com\/index.php\/2020\/12\/11\/beato-padre-francisco-morquillas-fermandez\/#respond"]}]},{"@type":"WebPage","@id":"https:\/\/hdlcecuador.com\/index.php\/2020\/12\/11\/beato-padre-francisco-morquillas-fermandez\/","url":"https:\/\/hdlcecuador.com\/index.php\/2020\/12\/11\/beato-padre-francisco-morquillas-fermandez\/","name":"Beato P. Francisco Morquillas Ferm\u00e1ndez - 6 de Noviembre - Compa\u00f1\u00eda HDLC Ecuador","isPartOf":{"@id":"https:\/\/hdlcecuador.com\/#website"},"primaryImageOfPage":{"@id":"https:\/\/hdlcecuador.com\/index.php\/2020\/12\/11\/beato-padre-francisco-morquillas-fermandez\/#primaryimage"},"image":{"@id":"https:\/\/hdlcecuador.com\/index.php\/2020\/12\/11\/beato-padre-francisco-morquillas-fermandez\/#primaryimage"},"thumbnailUrl":"https:\/\/hdlcecuador.com\/wp-content\/uploads\/2020\/12\/Francisco_Morquillas_Fermandez.jpg","datePublished":"2020-12-11T04:13:23+00:00","dateModified":"2021-10-07T05:01:24+00:00","breadcrumb":{"@id":"https:\/\/hdlcecuador.com\/index.php\/2020\/12\/11\/beato-padre-francisco-morquillas-fermandez\/#breadcrumb"},"inLanguage":"es","potentialAction":[{"@type":"ReadAction","target":["https:\/\/hdlcecuador.com\/index.php\/2020\/12\/11\/beato-padre-francisco-morquillas-fermandez\/"]}]},{"@type":"ImageObject","inLanguage":"es","@id":"https:\/\/hdlcecuador.com\/index.php\/2020\/12\/11\/beato-padre-francisco-morquillas-fermandez\/#primaryimage","url":"https:\/\/hdlcecuador.com\/wp-content\/uploads\/2020\/12\/Francisco_Morquillas_Fermandez.jpg","contentUrl":"https:\/\/hdlcecuador.com\/wp-content\/uploads\/2020\/12\/Francisco_Morquillas_Fermandez.jpg","width":550,"height":550},{"@type":"BreadcrumbList","@id":"https:\/\/hdlcecuador.com\/index.php\/2020\/12\/11\/beato-padre-francisco-morquillas-fermandez\/#breadcrumb","itemListElement":[{"@type":"ListItem","position":1,"name":"Portada","item":"https:\/\/hdlcecuador.com\/"},{"@type":"ListItem","position":2,"name":"Beato P. Francisco Morquillas Ferm\u00e1ndez &#8211; 6 de Noviembre"}]},{"@type":"WebSite","@id":"https:\/\/hdlcecuador.com\/#website","url":"https:\/\/hdlcecuador.com\/","name":"Compa\u00f1\u00eda HDLC Ecuador","description":"Sitio Web Oficial de las Compa\u00f1ia de las Hijas de la Caridad en Ecuador","publisher":{"@id":"https:\/\/hdlcecuador.com\/#organization"},"potentialAction":[{"@type":"SearchAction","target":{"@type":"EntryPoint","urlTemplate":"https:\/\/hdlcecuador.com\/?s={search_term_string}"},"query-input":{"@type":"PropertyValueSpecification","valueRequired":true,"valueName":"search_term_string"}}],"inLanguage":"es"},{"@type":"Organization","@id":"https:\/\/hdlcecuador.com\/#organization","name":"Compa\u00f1\u00eda HDLC Ecuador","url":"https:\/\/hdlcecuador.com\/","logo":{"@type":"ImageObject","inLanguage":"es","@id":"https:\/\/hdlcecuador.com\/#\/schema\/logo\/image\/","url":"https:\/\/hdlcecuador.com\/wp-content\/uploads\/2021\/03\/cropped-logo-2-oficial-hor.-dere.png","contentUrl":"https:\/\/hdlcecuador.com\/wp-content\/uploads\/2021\/03\/cropped-logo-2-oficial-hor.-dere.png","width":1800,"height":980,"caption":"Compa\u00f1\u00eda HDLC Ecuador"},"image":{"@id":"https:\/\/hdlcecuador.com\/#\/schema\/logo\/image\/"}},{"@type":"Person","@id":"https:\/\/hdlcecuador.com\/#\/schema\/person\/88e13c2d15509f9620a744e935829dab","name":"administrador","image":{"@type":"ImageObject","inLanguage":"es","@id":"https:\/\/hdlcecuador.com\/#\/schema\/person\/image\/","url":"https:\/\/secure.gravatar.com\/avatar\/64ac484ddbbff6a120df480c03610bb6?s=96&d=mm&r=g","contentUrl":"https:\/\/secure.gravatar.com\/avatar\/64ac484ddbbff6a120df480c03610bb6?s=96&d=mm&r=g","caption":"administrador"},"sameAs":["https:\/\/hdlcecuador.com"],"url":"https:\/\/hdlcecuador.com\/index.php\/author\/administrador\/"}]}},"rttpg_featured_image_url":{"full":["https:\/\/hdlcecuador.com\/wp-content\/uploads\/2020\/12\/Francisco_Morquillas_Fermandez.jpg",550,550,false],"landscape":["https:\/\/hdlcecuador.com\/wp-content\/uploads\/2020\/12\/Francisco_Morquillas_Fermandez.jpg",550,550,false],"portraits":["https:\/\/hdlcecuador.com\/wp-content\/uploads\/2020\/12\/Francisco_Morquillas_Fermandez.jpg",550,550,false],"thumbnail":["https:\/\/hdlcecuador.com\/wp-content\/uploads\/2020\/12\/Francisco_Morquillas_Fermandez-150x150.jpg",150,150,true],"medium":["https:\/\/hdlcecuador.com\/wp-content\/uploads\/2020\/12\/Francisco_Morquillas_Fermandez-300x300.jpg",300,300,true],"large":["https:\/\/hdlcecuador.com\/wp-content\/uploads\/2020\/12\/Francisco_Morquillas_Fermandez.jpg",550,550,false],"thumblist":["https:\/\/hdlcecuador.com\/wp-content\/uploads\/2020\/12\/Francisco_Morquillas_Fermandez.jpg",300,300,false],"meccarouselthumb":["https:\/\/hdlcecuador.com\/wp-content\/uploads\/2020\/12\/Francisco_Morquillas_Fermandez.jpg",324,324,false],"gridsquare":["https:\/\/hdlcecuador.com\/wp-content\/uploads\/2020\/12\/Francisco_Morquillas_Fermandez.jpg",260,260,false],"tileview":["https:\/\/hdlcecuador.com\/wp-content\/uploads\/2020\/12\/Francisco_Morquillas_Fermandez.jpg",300,300,false],"1536x1536":["https:\/\/hdlcecuador.com\/wp-content\/uploads\/2020\/12\/Francisco_Morquillas_Fermandez.jpg",550,550,false],"2048x2048":["https:\/\/hdlcecuador.com\/wp-content\/uploads\/2020\/12\/Francisco_Morquillas_Fermandez.jpg",550,550,false],"ocean-thumb-m":["https:\/\/hdlcecuador.com\/wp-content\/uploads\/2020\/12\/Francisco_Morquillas_Fermandez.jpg",550,550,false],"ocean-thumb-ml":["https:\/\/hdlcecuador.com\/wp-content\/uploads\/2020\/12\/Francisco_Morquillas_Fermandez.jpg",450,450,false],"ocean-thumb-l":["https:\/\/hdlcecuador.com\/wp-content\/uploads\/2020\/12\/Francisco_Morquillas_Fermandez.jpg",550,550,false]},"rttpg_author":{"display_name":"administrador","author_link":"https:\/\/hdlcecuador.com\/index.php\/author\/administrador\/"},"rttpg_comment":0,"rttpg_category":"<a href=\"https:\/\/hdlcecuador.com\/index.php\/category\/santosybeatosvic\/\" rel=\"category tag\">Sant@s y Beat@s Vicentinos<\/a>","rttpg_excerpt":"Sant@s y Beat@s Vicentinos Beato Padre Francisco Morquillas Ferm\u00e1ndez &#8211; 6 de Noviembre Beato Vicentino Nacimiento:&nbsp;&nbsp;&nbsp;Sarrac\u00edn (Bu) 17\/06\/1899 Padres:&nbsp;&nbsp;&nbsp;&nbsp;&nbsp;&nbsp;&nbsp;&nbsp;&nbsp;&nbsp;&nbsp;Juan y Margarita Bautismo:&nbsp;&nbsp;&nbsp;&nbsp;&nbsp;&nbsp;&nbsp;Sarrac\u00edn, Parr. San Pedro 20\/06\/1889 Votos:&nbsp;Madrid 05\/09\/1908 Sacerdote:&nbsp;&nbsp;&nbsp;&nbsp;&nbsp;Madrid 29\/08\/1915 Martirio:&nbsp;&nbsp;&nbsp;&nbsp;&nbsp;&nbsp;&nbsp;&nbsp;Paracuellos (M) 30\/11\/1936\u00b4 MINISTERIOS Y APOSTOLADO:&nbsp; &nbsp;En los 21 a\u00f1os de su vida sacerdotal tuvo tres destinos: And\u00fajar (Ja\u00e9n), Oviedo, y la casa provincial de&hellip;","_links":{"self":[{"href":"https:\/\/hdlcecuador.com\/index.php\/wp-json\/wp\/v2\/posts\/5846"}],"collection":[{"href":"https:\/\/hdlcecuador.com\/index.php\/wp-json\/wp\/v2\/posts"}],"about":[{"href":"https:\/\/hdlcecuador.com\/index.php\/wp-json\/wp\/v2\/types\/post"}],"author":[{"embeddable":true,"href":"https:\/\/hdlcecuador.com\/index.php\/wp-json\/wp\/v2\/users\/1"}],"replies":[{"embeddable":true,"href":"https:\/\/hdlcecuador.com\/index.php\/wp-json\/wp\/v2\/comments?post=5846"}],"version-history":[{"count":1,"href":"https:\/\/hdlcecuador.com\/index.php\/wp-json\/wp\/v2\/posts\/5846\/revisions"}],"predecessor-version":[{"id":11496,"href":"https:\/\/hdlcecuador.com\/index.php\/wp-json\/wp\/v2\/posts\/5846\/revisions\/11496"}],"wp:featuredmedia":[{"embeddable":true,"href":"https:\/\/hdlcecuador.com\/index.php\/wp-json\/wp\/v2\/media\/2940"}],"wp:attachment":[{"href":"https:\/\/hdlcecuador.com\/index.php\/wp-json\/wp\/v2\/media?parent=5846"}],"wp:term":[{"taxonomy":"category","embeddable":true,"href":"https:\/\/hdlcecuador.com\/index.php\/wp-json\/wp\/v2\/categories?post=5846"},{"taxonomy":"post_tag","embeddable":true,"href":"https:\/\/hdlcecuador.com\/index.php\/wp-json\/wp\/v2\/tags?post=5846"},{"taxonomy":"post_folder","embeddable":true,"href":"https:\/\/hdlcecuador.com\/index.php\/wp-json\/wp\/v2\/post_folder?post=5846"}],"curies":[{"name":"wp","href":"https:\/\/api.w.org\/{rel}","templated":true}]}}