{"id":6444,"date":"2020-12-12T03:59:39","date_gmt":"2020-12-12T03:59:39","guid":{"rendered":"https:\/\/hdlcecuador.com\/?p=6444"},"modified":"2021-10-07T04:39:27","modified_gmt":"2021-10-07T04:39:27","slug":"beato-agustin-nogal-tobar","status":"publish","type":"post","link":"https:\/\/hdlcecuador.com\/index.php\/2020\/12\/12\/beato-agustin-nogal-tobar\/","title":{"rendered":"Beato Agust\u00edn Nogal Tobar &#8211; 6 de Noviembre"},"content":{"rendered":"\t\t<div data-elementor-type=\"wp-post\" data-elementor-id=\"6444\" class=\"elementor elementor-6444\">\n\t\t\t\t\t\t<section class=\"elementor-section elementor-top-section elementor-element elementor-element-7f7f9f0 elementor-section-height-min-height elementor-section-boxed elementor-section-height-default elementor-section-items-middle\" data-id=\"7f7f9f0\" data-element_type=\"section\" data-settings=\"{&quot;background_background&quot;:&quot;classic&quot;}\">\n\t\t\t\t\t\t<div class=\"elementor-container elementor-column-gap-no\">\n\t\t\t\t\t<div class=\"elementor-column elementor-col-100 elementor-top-column elementor-element elementor-element-993fa26\" data-id=\"993fa26\" data-element_type=\"column\">\n\t\t\t<div class=\"elementor-widget-wrap elementor-element-populated\">\n\t\t\t\t\t\t<section class=\"elementor-section elementor-inner-section elementor-element elementor-element-f3df822 elementor-section-boxed elementor-section-height-default elementor-section-height-default\" data-id=\"f3df822\" data-element_type=\"section\">\n\t\t\t\t\t\t<div class=\"elementor-container elementor-column-gap-default\">\n\t\t\t\t\t<div class=\"elementor-column elementor-col-50 elementor-inner-column elementor-element elementor-element-d6d2e97\" data-id=\"d6d2e97\" data-element_type=\"column\">\n\t\t\t<div class=\"elementor-widget-wrap elementor-element-populated\">\n\t\t\t\t\t\t<div class=\"elementor-element elementor-element-53cc6ce elementor-widget elementor-widget-elementskit-heading\" data-id=\"53cc6ce\" data-element_type=\"widget\" data-widget_type=\"elementskit-heading.default\">\n\t\t\t\t<div class=\"elementor-widget-container\">\n\t\t\t\t\t<div class=\"ekit-wid-con\" ><div class=\"ekit-heading elementskit-section-title-wraper text_left   ekit_heading_tablet-   ekit_heading_mobile-\"><span class=\"elementskit-section-subtitle  elementskit-style-border\">\n\t\t\t\t\t\tSant@s y Beat@s Vicentinos\n\t\t\t\t\t<\/span><h2 class=\"ekit-heading--title elementskit-section-title \">Beato Agust\u00edn Nogal Tobar - Hermano Coadjutor de la Congregaci\u00f3n de la Misi\u00f3n   6 de Noviembre<\/h2><\/div><\/div>\t\t\t\t<\/div>\n\t\t\t\t<\/div>\n\t\t\t\t\t<\/div>\n\t\t<\/div>\n\t\t\t\t<div class=\"elementor-column elementor-col-50 elementor-inner-column elementor-element elementor-element-bb33a07\" data-id=\"bb33a07\" data-element_type=\"column\">\n\t\t\t<div class=\"elementor-widget-wrap elementor-element-populated\">\n\t\t\t\t\t\t<div class=\"elementor-element elementor-element-a9ad4e8 elementor-widget elementor-widget-image\" data-id=\"a9ad4e8\" data-element_type=\"widget\" data-widget_type=\"image.default\">\n\t\t\t\t<div class=\"elementor-widget-container\">\n\t\t\t\t\t\t\t\t\t\t\t\t\t\t\t<img decoding=\"async\" src=\"https:\/\/hdlcecuador.com\/wp-content\/uploads\/2020\/12\/logotipo-1.png\" title=\"\" alt=\"\" loading=\"lazy\" \/>\t\t\t\t\t\t\t\t\t\t\t\t\t\t\t<\/div>\n\t\t\t\t<\/div>\n\t\t\t\t\t<\/div>\n\t\t<\/div>\n\t\t\t\t\t<\/div>\n\t\t<\/section>\n\t\t\t\t\t<\/div>\n\t\t<\/div>\n\t\t\t\t\t<\/div>\n\t\t<\/section>\n\t\t\t\t<section class=\"elementor-section elementor-top-section elementor-element elementor-element-8e6d4c3 elementor-section-boxed elementor-section-height-default elementor-section-height-default\" data-id=\"8e6d4c3\" data-element_type=\"section\" data-settings=\"{&quot;background_background&quot;:&quot;classic&quot;}\">\n\t\t\t\t\t\t<div class=\"elementor-container elementor-column-gap-default\">\n\t\t\t\t\t<div class=\"elementor-column elementor-col-100 elementor-top-column elementor-element elementor-element-830531a\" data-id=\"830531a\" data-element_type=\"column\">\n\t\t\t<div class=\"elementor-widget-wrap elementor-element-populated\">\n\t\t\t\t\t\t<div class=\"elementor-element elementor-element-9cfa4d2 elementor-widget elementor-widget-heading\" data-id=\"9cfa4d2\" data-element_type=\"widget\" data-widget_type=\"heading.default\">\n\t\t\t\t<div class=\"elementor-widget-container\">\n\t\t\t\t\t<h2 class=\"elementor-heading-title elementor-size-large\">Beato Vicentino<\/h2>\t\t\t\t<\/div>\n\t\t\t\t<\/div>\n\t\t\t\t<section class=\"elementor-section elementor-inner-section elementor-element elementor-element-64c958f elementor-section-boxed elementor-section-height-default elementor-section-height-default\" data-id=\"64c958f\" data-element_type=\"section\">\n\t\t\t\t\t\t<div class=\"elementor-container elementor-column-gap-default\">\n\t\t\t\t\t<div class=\"elementor-column elementor-col-50 elementor-inner-column elementor-element elementor-element-e564ea3\" data-id=\"e564ea3\" data-element_type=\"column\">\n\t\t\t<div class=\"elementor-widget-wrap elementor-element-populated\">\n\t\t\t\t\t\t<div class=\"elementor-element elementor-element-7bff8ff elementor-widget elementor-widget-text-editor\" data-id=\"7bff8ff\" data-element_type=\"widget\" data-widget_type=\"text-editor.default\">\n\t\t\t\t<div class=\"elementor-widget-container\">\n\t\t\t\t\t\t\t\t\t<p><strong>Nacimiento:\u00a0<\/strong>Tardajos (Bu) 05\/05\/1885<\/p><p><strong>Padres:\u00a0\u00a0\u00a0\u00a0\u00a0\u00a0\u00a0\u00a0\u00a0<\/strong>Jer\u00f3nimo e In\u00e9s<\/p><p><strong>Bautismo:\u00a0\u00a0\u00a0\u00a0<\/strong>Tardajos, Parr. Asunci\u00f3n 06\/05\/1885<\/p><p><strong>Votos:<\/strong>\u00a0La Habana (Cuba) 19\/07\/1905<\/p><p><strong>Martirio:\u00a0\u00a0\u00a0\u00a0\u00a0\u00a0\u00a0\u00a0<\/strong>Vallecas (M) 24\/10\/1936<\/p><p>\u00a0<\/p><p><strong>MINISTERIOS Y APOSTOLADO:\u00a0<\/strong><\/p><p><strong>\u00a0<\/strong>Pas\u00f3 el Hno.\u00a0Agust\u00edn los primeros 26 a\u00f1os de ministerios apost\u00f3licos en el extranjero.<\/p>\t\t\t\t\t\t\t\t<\/div>\n\t\t\t\t<\/div>\n\t\t\t\t\t<\/div>\n\t\t<\/div>\n\t\t\t\t<div class=\"elementor-column elementor-col-50 elementor-inner-column elementor-element elementor-element-9f18c20\" data-id=\"9f18c20\" data-element_type=\"column\">\n\t\t\t<div class=\"elementor-widget-wrap elementor-element-populated\">\n\t\t\t\t\t\t<div class=\"elementor-element elementor-element-cea3da5 elementor-widget elementor-widget-image\" data-id=\"cea3da5\" data-element_type=\"widget\" data-widget_type=\"image.default\">\n\t\t\t\t<div class=\"elementor-widget-container\">\n\t\t\t\t\t\t\t\t\t\t\t\t\t\t\t<img decoding=\"async\" src=\"https:\/\/hdlcecuador.com\/wp-content\/uploads\/elementor\/thumbs\/Agustin_Nogal_Tobar-ozl2daxirg2q42486yx824ssrmlcf1qcdu5aionzj4.jpg\" title=\"Agustin_Nogal_Tobar\" alt=\"Agustin_Nogal_Tobar\" loading=\"lazy\" \/>\t\t\t\t\t\t\t\t\t\t\t\t\t\t\t<\/div>\n\t\t\t\t<\/div>\n\t\t\t\t\t<\/div>\n\t\t<\/div>\n\t\t\t\t\t<\/div>\n\t\t<\/section>\n\t\t\t\t<div class=\"elementor-element elementor-element-2b7028f elementor-widget elementor-widget-text-editor\" data-id=\"2b7028f\" data-element_type=\"widget\" data-widget_type=\"text-editor.default\">\n\t\t\t\t<div class=\"elementor-widget-container\">\n\t\t\t\t\t\t\t\t\t<p>En 1905, cuando solo ten\u00eda 20 a\u00f1os, lo destinaron a La Habana (Cuba) de sacrist\u00e1n de la iglesia de la Merced durante 7 a\u00f1os. A Cuba hab\u00edan llegado los primeros Pa\u00fales al tener que salir de M\u00e9jico por la revoluci\u00f3n del a\u00f1o 1862, siguiendo el consejo de Jesucristo a los Ap\u00f3stoles:\u00a0<em>Cuando os persigan en una ciudad huid a otra (Mt\u00a010,23).\u00a0<\/em>En 1912 fue a Ponce por 4 a\u00f1os y despu\u00e9s\u00a0a San Juan, dentro de la viceprovincia de Puerto Rico. En todos los sitios destac\u00f3 por su sincera solicitud fraternal, su sencillez de alma de ni\u00f1o grande, su profundo amor a las glorias de la Congregaci\u00f3n y su fervor por las cosas santas.<\/p><p>Amante de la liturgia, el H. Agust\u00edn Nogal, hizo una labor callada pero imprescindible en templos de gran valor art\u00edstico y muy concurrido. Su tarea de auxiliar en las celebraciones se completaba con la artesan\u00eda. Como carpintero, electricista y hombre habilidoso para todo y siempre servicial, se ocup\u00f3 de la conservaci\u00f3n y engrandecimiento de los templos y de las casas que le confiaron.<\/p><p>Hab\u00eda dado pruebas de ser buen gestor, de hombre probo y desprendido de los bienes de la tierra. En 1931, con 46 a\u00f1os, lo destinaron a la casa de Capellanes de Madrid para ayudar al Hno. Saturnino Tobar, y aprender de \u00e9l la manera de administrar las fundaciones y patronatos confiados a las Hijas de la Caridad. A ambos les alcanz\u00f3 el martirio el 23 de octubre de 1936, junto a los otros seis compa\u00f1eros de la misma Congregaci\u00f3n.<\/p><p><strong>MARTIRIO:\u00a0<\/strong><\/p><p><strong>\u00a0<\/strong>En 1936 conservaba su pasaporte extranjero y pod\u00eda haber intentado huir, pero aprovech\u00f3 su documentaci\u00f3n para ayudar a las numerosas Hijas de la Caridad que viv\u00edan dispersas y refugiadas en casas de amigos por todo Madrid y otras gestiones confiadas por los superiores.<\/p><p>En estas salidas estaba muy vigilado por los marxistas. Se refugi\u00f3 con un matrimonio de Tardajos, Jos\u00e9 Arn\u00e1iz Santos y Concepci\u00f3n, su esposa, en el barrio de Arg\u00fcelles, pero tuvo que salir por no comprometer a sus bienhechores.<\/p><p>Entonces le acogi\u00f3 en su casa Gregorio Pampliega Salda\u00f1a, portero en la calle Conde de Pe\u00f1alver. Estaba muy buscado y al fin lo prendieron y llevaron a la casa de la calle San Felipe Neri, 4, donde sigui\u00f3 el proceso martirial de los otros siete religiosos fusilados en Vallecas el 23 de octubre de 1936.<\/p>\t\t\t\t\t\t\t\t<\/div>\n\t\t\t\t<\/div>\n\t\t\t\t\t<\/div>\n\t\t<\/div>\n\t\t\t\t\t<\/div>\n\t\t<\/section>\n\t\t\t\t<\/div>\n\t\t","protected":false},"excerpt":{"rendered":"<p>Sant@s y Beat@s Vicentinos Beato Agust\u00edn Nogal Tobar &#8211; Hermano Coadjutor de la Congregaci\u00f3n de la Misi\u00f3n 6 de Noviembre Beato Vicentino Nacimiento:&nbsp;Tardajos (Bu) 05\/05\/1885 Padres:&nbsp;&nbsp;&nbsp;&nbsp;&nbsp;&nbsp;&nbsp;&nbsp;&nbsp;Jer\u00f3nimo e In\u00e9s Bautismo:&nbsp;&nbsp;&nbsp;&nbsp;Tardajos, Parr. Asunci\u00f3n 06\/05\/1885 Votos:&nbsp;La Habana (Cuba) 19\/07\/1905 Martirio:&nbsp;&nbsp;&nbsp;&nbsp;&nbsp;&nbsp;&nbsp;&nbsp;Vallecas (M) 24\/10\/1936 MINISTERIOS Y APOSTOLADO:&nbsp; &nbsp;Pas\u00f3 el Hno.&nbsp;Agust\u00edn los primeros 26 a\u00f1os de ministerios apost\u00f3licos en el extranjero. [&hellip;]<\/p>\n","protected":false},"author":1,"featured_media":2905,"comment_status":"open","ping_status":"open","sticky":false,"template":"elementor_header_footer","format":"standard","meta":{"ocean_post_layout":"full-screen","ocean_both_sidebars_style":"","ocean_both_sidebars_content_width":0,"ocean_both_sidebars_sidebars_width":0,"ocean_sidebar":"0","ocean_second_sidebar":"0","ocean_disable_margins":"enable","ocean_add_body_class":"","ocean_shortcode_before_top_bar":"","ocean_shortcode_after_top_bar":"","ocean_shortcode_before_header":"","ocean_shortcode_after_header":"","ocean_has_shortcode":"","ocean_shortcode_after_title":"","ocean_shortcode_before_footer_widgets":"","ocean_shortcode_after_footer_widgets":"","ocean_shortcode_before_footer_bottom":"","ocean_shortcode_after_footer_bottom":"","ocean_display_top_bar":"off","ocean_display_header":"default","ocean_header_style":"transparent","ocean_center_header_left_menu":"0","ocean_custom_header_template":"0","ocean_custom_logo":0,"ocean_custom_retina_logo":0,"ocean_custom_logo_max_width":0,"ocean_custom_logo_tablet_max_width":0,"ocean_custom_logo_mobile_max_width":0,"ocean_custom_logo_max_height":0,"ocean_custom_logo_tablet_max_height":0,"ocean_custom_logo_mobile_max_height":0,"ocean_header_custom_menu":"0","ocean_menu_typo_font_family":"0","ocean_menu_typo_font_subset":"","ocean_menu_typo_font_size":0,"ocean_menu_typo_font_size_tablet":0,"ocean_menu_typo_font_size_mobile":0,"ocean_menu_typo_font_size_unit":"px","ocean_menu_typo_font_weight":"","ocean_menu_typo_font_weight_tablet":"","ocean_menu_typo_font_weight_mobile":"","ocean_menu_typo_transform":"","ocean_menu_typo_transform_tablet":"","ocean_menu_typo_transform_mobile":"","ocean_menu_typo_line_height":0,"ocean_menu_typo_line_height_tablet":0,"ocean_menu_typo_line_height_mobile":0,"ocean_menu_typo_line_height_unit":"","ocean_menu_typo_spacing":0,"ocean_menu_typo_spacing_tablet":0,"ocean_menu_typo_spacing_mobile":0,"ocean_menu_typo_spacing_unit":"","ocean_menu_link_color":"","ocean_menu_link_color_hover":"","ocean_menu_link_color_active":"","ocean_menu_link_background":"","ocean_menu_link_hover_background":"","ocean_menu_link_active_background":"","ocean_menu_social_links_bg":"","ocean_menu_social_hover_links_bg":"","ocean_menu_social_links_color":"","ocean_menu_social_hover_links_color":"","ocean_disable_title":"on","ocean_disable_heading":"default","ocean_post_title":"","ocean_post_subheading":"","ocean_post_title_style":"","ocean_post_title_background_color":"","ocean_post_title_background":0,"ocean_post_title_bg_image_position":"","ocean_post_title_bg_image_attachment":"","ocean_post_title_bg_image_repeat":"","ocean_post_title_bg_image_size":"","ocean_post_title_height":0,"ocean_post_title_bg_overlay":0.5,"ocean_post_title_bg_overlay_color":"","ocean_disable_breadcrumbs":"default","ocean_breadcrumbs_color":"","ocean_breadcrumbs_separator_color":"","ocean_breadcrumbs_links_color":"","ocean_breadcrumbs_links_hover_color":"","ocean_display_footer_widgets":"default","ocean_display_footer_bottom":"default","ocean_custom_footer_template":"0","ocean_post_oembed":"","ocean_post_self_hosted_media":"","ocean_post_video_embed":"","ocean_link_format":"","ocean_link_format_target":"self","ocean_quote_format":"","ocean_quote_format_link":"post","ocean_gallery_link_images":"off","ocean_gallery_id":[],"footnotes":""},"categories":[296],"tags":[],"post_folder":[295],"class_list":["post-6444","post","type-post","status-publish","format-standard","has-post-thumbnail","hentry","category-santosybeatosvic","entry","has-media"],"yoast_head":"<!-- This site is optimized with the Yoast SEO plugin v25.6 - https:\/\/yoast.com\/wordpress\/plugins\/seo\/ -->\n<title>Beato Agust\u00edn Nogal Tobar - 6 de Noviembre - Compa\u00f1\u00eda HDLC Ecuador<\/title>\n<meta name=\"robots\" content=\"index, follow, max-snippet:-1, max-image-preview:large, max-video-preview:-1\" \/>\n<link rel=\"canonical\" href=\"https:\/\/hdlcecuador.com\/index.php\/2020\/12\/12\/beato-agustin-nogal-tobar\/\" \/>\n<meta property=\"og:locale\" content=\"es_ES\" \/>\n<meta property=\"og:type\" content=\"article\" \/>\n<meta property=\"og:title\" content=\"Beato Agust\u00edn Nogal Tobar - 6 de Noviembre - Compa\u00f1\u00eda HDLC Ecuador\" \/>\n<meta property=\"og:description\" content=\"Sant@s y Beat@s Vicentinos Beato Agust\u00edn Nogal Tobar &#8211; Hermano Coadjutor de la Congregaci\u00f3n de la Misi\u00f3n 6 de Noviembre Beato Vicentino Nacimiento:&nbsp;Tardajos (Bu) 05\/05\/1885 Padres:&nbsp;&nbsp;&nbsp;&nbsp;&nbsp;&nbsp;&nbsp;&nbsp;&nbsp;Jer\u00f3nimo e In\u00e9s Bautismo:&nbsp;&nbsp;&nbsp;&nbsp;Tardajos, Parr. Asunci\u00f3n 06\/05\/1885 Votos:&nbsp;La Habana (Cuba) 19\/07\/1905 Martirio:&nbsp;&nbsp;&nbsp;&nbsp;&nbsp;&nbsp;&nbsp;&nbsp;Vallecas (M) 24\/10\/1936 MINISTERIOS Y APOSTOLADO:&nbsp; &nbsp;Pas\u00f3 el Hno.&nbsp;Agust\u00edn los primeros 26 a\u00f1os de ministerios apost\u00f3licos en el extranjero. [&hellip;]\" \/>\n<meta property=\"og:url\" content=\"https:\/\/hdlcecuador.com\/index.php\/2020\/12\/12\/beato-agustin-nogal-tobar\/\" \/>\n<meta property=\"og:site_name\" content=\"Compa\u00f1\u00eda HDLC Ecuador\" \/>\n<meta property=\"article:published_time\" content=\"2020-12-12T03:59:39+00:00\" \/>\n<meta property=\"article:modified_time\" content=\"2021-10-07T04:39:27+00:00\" \/>\n<meta property=\"og:image\" content=\"https:\/\/hdlcecuador.com\/wp-content\/uploads\/2020\/12\/Agustin_Nogal_Tobar.jpg\" \/>\n\t<meta property=\"og:image:width\" content=\"550\" \/>\n\t<meta property=\"og:image:height\" content=\"550\" \/>\n\t<meta property=\"og:image:type\" content=\"image\/jpeg\" \/>\n<meta name=\"author\" content=\"administrador\" \/>\n<meta name=\"twitter:card\" content=\"summary_large_image\" \/>\n<meta name=\"twitter:label1\" content=\"Escrito por\" \/>\n\t<meta name=\"twitter:data1\" content=\"administrador\" \/>\n\t<meta name=\"twitter:label2\" content=\"Tiempo de lectura\" \/>\n\t<meta name=\"twitter:data2\" content=\"3 minutos\" \/>\n<script type=\"application\/ld+json\" class=\"yoast-schema-graph\">{\"@context\":\"https:\/\/schema.org\",\"@graph\":[{\"@type\":\"Article\",\"@id\":\"https:\/\/hdlcecuador.com\/index.php\/2020\/12\/12\/beato-agustin-nogal-tobar\/#article\",\"isPartOf\":{\"@id\":\"https:\/\/hdlcecuador.com\/index.php\/2020\/12\/12\/beato-agustin-nogal-tobar\/\"},\"author\":{\"name\":\"administrador\",\"@id\":\"https:\/\/hdlcecuador.com\/#\/schema\/person\/88e13c2d15509f9620a744e935829dab\"},\"headline\":\"Beato Agust\u00edn Nogal Tobar &#8211; 6 de Noviembre\",\"datePublished\":\"2020-12-12T03:59:39+00:00\",\"dateModified\":\"2021-10-07T04:39:27+00:00\",\"mainEntityOfPage\":{\"@id\":\"https:\/\/hdlcecuador.com\/index.php\/2020\/12\/12\/beato-agustin-nogal-tobar\/\"},\"wordCount\":515,\"commentCount\":0,\"publisher\":{\"@id\":\"https:\/\/hdlcecuador.com\/#organization\"},\"image\":{\"@id\":\"https:\/\/hdlcecuador.com\/index.php\/2020\/12\/12\/beato-agustin-nogal-tobar\/#primaryimage\"},\"thumbnailUrl\":\"https:\/\/hdlcecuador.com\/wp-content\/uploads\/2020\/12\/Agustin_Nogal_Tobar.jpg\",\"articleSection\":[\"Sant@s y Beat@s Vicentinos\"],\"inLanguage\":\"es\",\"potentialAction\":[{\"@type\":\"CommentAction\",\"name\":\"Comment\",\"target\":[\"https:\/\/hdlcecuador.com\/index.php\/2020\/12\/12\/beato-agustin-nogal-tobar\/#respond\"]}]},{\"@type\":\"WebPage\",\"@id\":\"https:\/\/hdlcecuador.com\/index.php\/2020\/12\/12\/beato-agustin-nogal-tobar\/\",\"url\":\"https:\/\/hdlcecuador.com\/index.php\/2020\/12\/12\/beato-agustin-nogal-tobar\/\",\"name\":\"Beato Agust\u00edn Nogal Tobar - 6 de Noviembre - Compa\u00f1\u00eda HDLC Ecuador\",\"isPartOf\":{\"@id\":\"https:\/\/hdlcecuador.com\/#website\"},\"primaryImageOfPage\":{\"@id\":\"https:\/\/hdlcecuador.com\/index.php\/2020\/12\/12\/beato-agustin-nogal-tobar\/#primaryimage\"},\"image\":{\"@id\":\"https:\/\/hdlcecuador.com\/index.php\/2020\/12\/12\/beato-agustin-nogal-tobar\/#primaryimage\"},\"thumbnailUrl\":\"https:\/\/hdlcecuador.com\/wp-content\/uploads\/2020\/12\/Agustin_Nogal_Tobar.jpg\",\"datePublished\":\"2020-12-12T03:59:39+00:00\",\"dateModified\":\"2021-10-07T04:39:27+00:00\",\"breadcrumb\":{\"@id\":\"https:\/\/hdlcecuador.com\/index.php\/2020\/12\/12\/beato-agustin-nogal-tobar\/#breadcrumb\"},\"inLanguage\":\"es\",\"potentialAction\":[{\"@type\":\"ReadAction\",\"target\":[\"https:\/\/hdlcecuador.com\/index.php\/2020\/12\/12\/beato-agustin-nogal-tobar\/\"]}]},{\"@type\":\"ImageObject\",\"inLanguage\":\"es\",\"@id\":\"https:\/\/hdlcecuador.com\/index.php\/2020\/12\/12\/beato-agustin-nogal-tobar\/#primaryimage\",\"url\":\"https:\/\/hdlcecuador.com\/wp-content\/uploads\/2020\/12\/Agustin_Nogal_Tobar.jpg\",\"contentUrl\":\"https:\/\/hdlcecuador.com\/wp-content\/uploads\/2020\/12\/Agustin_Nogal_Tobar.jpg\",\"width\":550,\"height\":550},{\"@type\":\"BreadcrumbList\",\"@id\":\"https:\/\/hdlcecuador.com\/index.php\/2020\/12\/12\/beato-agustin-nogal-tobar\/#breadcrumb\",\"itemListElement\":[{\"@type\":\"ListItem\",\"position\":1,\"name\":\"Portada\",\"item\":\"https:\/\/hdlcecuador.com\/\"},{\"@type\":\"ListItem\",\"position\":2,\"name\":\"Beato Agust\u00edn Nogal Tobar &#8211; 6 de Noviembre\"}]},{\"@type\":\"WebSite\",\"@id\":\"https:\/\/hdlcecuador.com\/#website\",\"url\":\"https:\/\/hdlcecuador.com\/\",\"name\":\"Compa\u00f1\u00eda HDLC Ecuador\",\"description\":\"Sitio Web Oficial de las Compa\u00f1ia de las Hijas de la Caridad en Ecuador\",\"publisher\":{\"@id\":\"https:\/\/hdlcecuador.com\/#organization\"},\"potentialAction\":[{\"@type\":\"SearchAction\",\"target\":{\"@type\":\"EntryPoint\",\"urlTemplate\":\"https:\/\/hdlcecuador.com\/?s={search_term_string}\"},\"query-input\":{\"@type\":\"PropertyValueSpecification\",\"valueRequired\":true,\"valueName\":\"search_term_string\"}}],\"inLanguage\":\"es\"},{\"@type\":\"Organization\",\"@id\":\"https:\/\/hdlcecuador.com\/#organization\",\"name\":\"Compa\u00f1\u00eda HDLC Ecuador\",\"url\":\"https:\/\/hdlcecuador.com\/\",\"logo\":{\"@type\":\"ImageObject\",\"inLanguage\":\"es\",\"@id\":\"https:\/\/hdlcecuador.com\/#\/schema\/logo\/image\/\",\"url\":\"https:\/\/hdlcecuador.com\/wp-content\/uploads\/2021\/03\/cropped-logo-2-oficial-hor.-dere.png\",\"contentUrl\":\"https:\/\/hdlcecuador.com\/wp-content\/uploads\/2021\/03\/cropped-logo-2-oficial-hor.-dere.png\",\"width\":1800,\"height\":980,\"caption\":\"Compa\u00f1\u00eda HDLC Ecuador\"},\"image\":{\"@id\":\"https:\/\/hdlcecuador.com\/#\/schema\/logo\/image\/\"}},{\"@type\":\"Person\",\"@id\":\"https:\/\/hdlcecuador.com\/#\/schema\/person\/88e13c2d15509f9620a744e935829dab\",\"name\":\"administrador\",\"image\":{\"@type\":\"ImageObject\",\"inLanguage\":\"es\",\"@id\":\"https:\/\/hdlcecuador.com\/#\/schema\/person\/image\/\",\"url\":\"https:\/\/secure.gravatar.com\/avatar\/64ac484ddbbff6a120df480c03610bb6?s=96&d=mm&r=g\",\"contentUrl\":\"https:\/\/secure.gravatar.com\/avatar\/64ac484ddbbff6a120df480c03610bb6?s=96&d=mm&r=g\",\"caption\":\"administrador\"},\"sameAs\":[\"https:\/\/hdlcecuador.com\"],\"url\":\"https:\/\/hdlcecuador.com\/index.php\/author\/administrador\/\"}]}<\/script>\n<!-- \/ Yoast SEO plugin. -->","yoast_head_json":{"title":"Beato Agust\u00edn Nogal Tobar - 6 de Noviembre - Compa\u00f1\u00eda HDLC Ecuador","robots":{"index":"index","follow":"follow","max-snippet":"max-snippet:-1","max-image-preview":"max-image-preview:large","max-video-preview":"max-video-preview:-1"},"canonical":"https:\/\/hdlcecuador.com\/index.php\/2020\/12\/12\/beato-agustin-nogal-tobar\/","og_locale":"es_ES","og_type":"article","og_title":"Beato Agust\u00edn Nogal Tobar - 6 de Noviembre - Compa\u00f1\u00eda HDLC Ecuador","og_description":"Sant@s y Beat@s Vicentinos Beato Agust\u00edn Nogal Tobar &#8211; Hermano Coadjutor de la Congregaci\u00f3n de la Misi\u00f3n 6 de Noviembre Beato Vicentino Nacimiento:&nbsp;Tardajos (Bu) 05\/05\/1885 Padres:&nbsp;&nbsp;&nbsp;&nbsp;&nbsp;&nbsp;&nbsp;&nbsp;&nbsp;Jer\u00f3nimo e In\u00e9s Bautismo:&nbsp;&nbsp;&nbsp;&nbsp;Tardajos, Parr. Asunci\u00f3n 06\/05\/1885 Votos:&nbsp;La Habana (Cuba) 19\/07\/1905 Martirio:&nbsp;&nbsp;&nbsp;&nbsp;&nbsp;&nbsp;&nbsp;&nbsp;Vallecas (M) 24\/10\/1936 MINISTERIOS Y APOSTOLADO:&nbsp; &nbsp;Pas\u00f3 el Hno.&nbsp;Agust\u00edn los primeros 26 a\u00f1os de ministerios apost\u00f3licos en el extranjero. [&hellip;]","og_url":"https:\/\/hdlcecuador.com\/index.php\/2020\/12\/12\/beato-agustin-nogal-tobar\/","og_site_name":"Compa\u00f1\u00eda HDLC Ecuador","article_published_time":"2020-12-12T03:59:39+00:00","article_modified_time":"2021-10-07T04:39:27+00:00","og_image":[{"width":550,"height":550,"url":"https:\/\/hdlcecuador.com\/wp-content\/uploads\/2020\/12\/Agustin_Nogal_Tobar.jpg","type":"image\/jpeg"}],"author":"administrador","twitter_card":"summary_large_image","twitter_misc":{"Escrito por":"administrador","Tiempo de lectura":"3 minutos"},"schema":{"@context":"https:\/\/schema.org","@graph":[{"@type":"Article","@id":"https:\/\/hdlcecuador.com\/index.php\/2020\/12\/12\/beato-agustin-nogal-tobar\/#article","isPartOf":{"@id":"https:\/\/hdlcecuador.com\/index.php\/2020\/12\/12\/beato-agustin-nogal-tobar\/"},"author":{"name":"administrador","@id":"https:\/\/hdlcecuador.com\/#\/schema\/person\/88e13c2d15509f9620a744e935829dab"},"headline":"Beato Agust\u00edn Nogal Tobar &#8211; 6 de Noviembre","datePublished":"2020-12-12T03:59:39+00:00","dateModified":"2021-10-07T04:39:27+00:00","mainEntityOfPage":{"@id":"https:\/\/hdlcecuador.com\/index.php\/2020\/12\/12\/beato-agustin-nogal-tobar\/"},"wordCount":515,"commentCount":0,"publisher":{"@id":"https:\/\/hdlcecuador.com\/#organization"},"image":{"@id":"https:\/\/hdlcecuador.com\/index.php\/2020\/12\/12\/beato-agustin-nogal-tobar\/#primaryimage"},"thumbnailUrl":"https:\/\/hdlcecuador.com\/wp-content\/uploads\/2020\/12\/Agustin_Nogal_Tobar.jpg","articleSection":["Sant@s y Beat@s Vicentinos"],"inLanguage":"es","potentialAction":[{"@type":"CommentAction","name":"Comment","target":["https:\/\/hdlcecuador.com\/index.php\/2020\/12\/12\/beato-agustin-nogal-tobar\/#respond"]}]},{"@type":"WebPage","@id":"https:\/\/hdlcecuador.com\/index.php\/2020\/12\/12\/beato-agustin-nogal-tobar\/","url":"https:\/\/hdlcecuador.com\/index.php\/2020\/12\/12\/beato-agustin-nogal-tobar\/","name":"Beato Agust\u00edn Nogal Tobar - 6 de Noviembre - Compa\u00f1\u00eda HDLC Ecuador","isPartOf":{"@id":"https:\/\/hdlcecuador.com\/#website"},"primaryImageOfPage":{"@id":"https:\/\/hdlcecuador.com\/index.php\/2020\/12\/12\/beato-agustin-nogal-tobar\/#primaryimage"},"image":{"@id":"https:\/\/hdlcecuador.com\/index.php\/2020\/12\/12\/beato-agustin-nogal-tobar\/#primaryimage"},"thumbnailUrl":"https:\/\/hdlcecuador.com\/wp-content\/uploads\/2020\/12\/Agustin_Nogal_Tobar.jpg","datePublished":"2020-12-12T03:59:39+00:00","dateModified":"2021-10-07T04:39:27+00:00","breadcrumb":{"@id":"https:\/\/hdlcecuador.com\/index.php\/2020\/12\/12\/beato-agustin-nogal-tobar\/#breadcrumb"},"inLanguage":"es","potentialAction":[{"@type":"ReadAction","target":["https:\/\/hdlcecuador.com\/index.php\/2020\/12\/12\/beato-agustin-nogal-tobar\/"]}]},{"@type":"ImageObject","inLanguage":"es","@id":"https:\/\/hdlcecuador.com\/index.php\/2020\/12\/12\/beato-agustin-nogal-tobar\/#primaryimage","url":"https:\/\/hdlcecuador.com\/wp-content\/uploads\/2020\/12\/Agustin_Nogal_Tobar.jpg","contentUrl":"https:\/\/hdlcecuador.com\/wp-content\/uploads\/2020\/12\/Agustin_Nogal_Tobar.jpg","width":550,"height":550},{"@type":"BreadcrumbList","@id":"https:\/\/hdlcecuador.com\/index.php\/2020\/12\/12\/beato-agustin-nogal-tobar\/#breadcrumb","itemListElement":[{"@type":"ListItem","position":1,"name":"Portada","item":"https:\/\/hdlcecuador.com\/"},{"@type":"ListItem","position":2,"name":"Beato Agust\u00edn Nogal Tobar &#8211; 6 de Noviembre"}]},{"@type":"WebSite","@id":"https:\/\/hdlcecuador.com\/#website","url":"https:\/\/hdlcecuador.com\/","name":"Compa\u00f1\u00eda HDLC Ecuador","description":"Sitio Web Oficial de las Compa\u00f1ia de las Hijas de la Caridad en Ecuador","publisher":{"@id":"https:\/\/hdlcecuador.com\/#organization"},"potentialAction":[{"@type":"SearchAction","target":{"@type":"EntryPoint","urlTemplate":"https:\/\/hdlcecuador.com\/?s={search_term_string}"},"query-input":{"@type":"PropertyValueSpecification","valueRequired":true,"valueName":"search_term_string"}}],"inLanguage":"es"},{"@type":"Organization","@id":"https:\/\/hdlcecuador.com\/#organization","name":"Compa\u00f1\u00eda HDLC Ecuador","url":"https:\/\/hdlcecuador.com\/","logo":{"@type":"ImageObject","inLanguage":"es","@id":"https:\/\/hdlcecuador.com\/#\/schema\/logo\/image\/","url":"https:\/\/hdlcecuador.com\/wp-content\/uploads\/2021\/03\/cropped-logo-2-oficial-hor.-dere.png","contentUrl":"https:\/\/hdlcecuador.com\/wp-content\/uploads\/2021\/03\/cropped-logo-2-oficial-hor.-dere.png","width":1800,"height":980,"caption":"Compa\u00f1\u00eda HDLC Ecuador"},"image":{"@id":"https:\/\/hdlcecuador.com\/#\/schema\/logo\/image\/"}},{"@type":"Person","@id":"https:\/\/hdlcecuador.com\/#\/schema\/person\/88e13c2d15509f9620a744e935829dab","name":"administrador","image":{"@type":"ImageObject","inLanguage":"es","@id":"https:\/\/hdlcecuador.com\/#\/schema\/person\/image\/","url":"https:\/\/secure.gravatar.com\/avatar\/64ac484ddbbff6a120df480c03610bb6?s=96&d=mm&r=g","contentUrl":"https:\/\/secure.gravatar.com\/avatar\/64ac484ddbbff6a120df480c03610bb6?s=96&d=mm&r=g","caption":"administrador"},"sameAs":["https:\/\/hdlcecuador.com"],"url":"https:\/\/hdlcecuador.com\/index.php\/author\/administrador\/"}]}},"rttpg_featured_image_url":{"full":["https:\/\/hdlcecuador.com\/wp-content\/uploads\/2020\/12\/Agustin_Nogal_Tobar.jpg",550,550,false],"landscape":["https:\/\/hdlcecuador.com\/wp-content\/uploads\/2020\/12\/Agustin_Nogal_Tobar.jpg",550,550,false],"portraits":["https:\/\/hdlcecuador.com\/wp-content\/uploads\/2020\/12\/Agustin_Nogal_Tobar.jpg",550,550,false],"thumbnail":["https:\/\/hdlcecuador.com\/wp-content\/uploads\/2020\/12\/Agustin_Nogal_Tobar-150x150.jpg",150,150,true],"medium":["https:\/\/hdlcecuador.com\/wp-content\/uploads\/2020\/12\/Agustin_Nogal_Tobar-300x300.jpg",300,300,true],"large":["https:\/\/hdlcecuador.com\/wp-content\/uploads\/2020\/12\/Agustin_Nogal_Tobar.jpg",550,550,false],"thumblist":["https:\/\/hdlcecuador.com\/wp-content\/uploads\/2020\/12\/Agustin_Nogal_Tobar.jpg",300,300,false],"meccarouselthumb":["https:\/\/hdlcecuador.com\/wp-content\/uploads\/2020\/12\/Agustin_Nogal_Tobar.jpg",324,324,false],"gridsquare":["https:\/\/hdlcecuador.com\/wp-content\/uploads\/2020\/12\/Agustin_Nogal_Tobar.jpg",260,260,false],"tileview":["https:\/\/hdlcecuador.com\/wp-content\/uploads\/2020\/12\/Agustin_Nogal_Tobar.jpg",300,300,false],"1536x1536":["https:\/\/hdlcecuador.com\/wp-content\/uploads\/2020\/12\/Agustin_Nogal_Tobar.jpg",550,550,false],"2048x2048":["https:\/\/hdlcecuador.com\/wp-content\/uploads\/2020\/12\/Agustin_Nogal_Tobar.jpg",550,550,false],"ocean-thumb-m":["https:\/\/hdlcecuador.com\/wp-content\/uploads\/2020\/12\/Agustin_Nogal_Tobar.jpg",550,550,false],"ocean-thumb-ml":["https:\/\/hdlcecuador.com\/wp-content\/uploads\/2020\/12\/Agustin_Nogal_Tobar.jpg",450,450,false],"ocean-thumb-l":["https:\/\/hdlcecuador.com\/wp-content\/uploads\/2020\/12\/Agustin_Nogal_Tobar.jpg",550,550,false]},"rttpg_author":{"display_name":"administrador","author_link":"https:\/\/hdlcecuador.com\/index.php\/author\/administrador\/"},"rttpg_comment":0,"rttpg_category":"<a href=\"https:\/\/hdlcecuador.com\/index.php\/category\/santosybeatosvic\/\" rel=\"category tag\">Sant@s y Beat@s Vicentinos<\/a>","rttpg_excerpt":"Sant@s y Beat@s Vicentinos Beato Agust\u00edn Nogal Tobar &#8211; Hermano Coadjutor de la Congregaci\u00f3n de la Misi\u00f3n 6 de Noviembre Beato Vicentino Nacimiento:&nbsp;Tardajos (Bu) 05\/05\/1885 Padres:&nbsp;&nbsp;&nbsp;&nbsp;&nbsp;&nbsp;&nbsp;&nbsp;&nbsp;Jer\u00f3nimo e In\u00e9s Bautismo:&nbsp;&nbsp;&nbsp;&nbsp;Tardajos, Parr. Asunci\u00f3n 06\/05\/1885 Votos:&nbsp;La Habana (Cuba) 19\/07\/1905 Martirio:&nbsp;&nbsp;&nbsp;&nbsp;&nbsp;&nbsp;&nbsp;&nbsp;Vallecas (M) 24\/10\/1936 MINISTERIOS Y APOSTOLADO:&nbsp; &nbsp;Pas\u00f3 el Hno.&nbsp;Agust\u00edn los primeros 26 a\u00f1os de ministerios apost\u00f3licos en el extranjero.&hellip;","_links":{"self":[{"href":"https:\/\/hdlcecuador.com\/index.php\/wp-json\/wp\/v2\/posts\/6444"}],"collection":[{"href":"https:\/\/hdlcecuador.com\/index.php\/wp-json\/wp\/v2\/posts"}],"about":[{"href":"https:\/\/hdlcecuador.com\/index.php\/wp-json\/wp\/v2\/types\/post"}],"author":[{"embeddable":true,"href":"https:\/\/hdlcecuador.com\/index.php\/wp-json\/wp\/v2\/users\/1"}],"replies":[{"embeddable":true,"href":"https:\/\/hdlcecuador.com\/index.php\/wp-json\/wp\/v2\/comments?post=6444"}],"version-history":[{"count":1,"href":"https:\/\/hdlcecuador.com\/index.php\/wp-json\/wp\/v2\/posts\/6444\/revisions"}],"predecessor-version":[{"id":11467,"href":"https:\/\/hdlcecuador.com\/index.php\/wp-json\/wp\/v2\/posts\/6444\/revisions\/11467"}],"wp:featuredmedia":[{"embeddable":true,"href":"https:\/\/hdlcecuador.com\/index.php\/wp-json\/wp\/v2\/media\/2905"}],"wp:attachment":[{"href":"https:\/\/hdlcecuador.com\/index.php\/wp-json\/wp\/v2\/media?parent=6444"}],"wp:term":[{"taxonomy":"category","embeddable":true,"href":"https:\/\/hdlcecuador.com\/index.php\/wp-json\/wp\/v2\/categories?post=6444"},{"taxonomy":"post_tag","embeddable":true,"href":"https:\/\/hdlcecuador.com\/index.php\/wp-json\/wp\/v2\/tags?post=6444"},{"taxonomy":"post_folder","embeddable":true,"href":"https:\/\/hdlcecuador.com\/index.php\/wp-json\/wp\/v2\/post_folder?post=6444"}],"curies":[{"name":"wp","href":"https:\/\/api.w.org\/{rel}","templated":true}]}}