{"id":6534,"date":"2020-12-12T04:49:31","date_gmt":"2020-12-12T04:49:31","guid":{"rendered":"https:\/\/hdlcecuador.com\/?p=6534"},"modified":"2020-12-12T04:58:45","modified_gmt":"2020-12-12T04:58:45","slug":"beatas-sor-dolores-ursula-caro-martin-sor-concepcion-perez-giral-sor-andrea-calle-gonzalez","status":"publish","type":"post","link":"https:\/\/hdlcecuador.com\/index.php\/2020\/12\/12\/beatas-sor-dolores-ursula-caro-martin-sor-concepcion-perez-giral-sor-andrea-calle-gonzalez\/","title":{"rendered":"Beatas: Sor Dolores \u00darsula Caro Mart\u00edn &#8211; Sor Concepci\u00f3n P\u00e9rez Giral &#8211; Sor Andrea Calle Gonz\u00e1lez"},"content":{"rendered":"\t\t<div data-elementor-type=\"wp-post\" data-elementor-id=\"6534\" class=\"elementor elementor-6534\">\n\t\t\t\t\t\t<section class=\"elementor-section elementor-top-section elementor-element elementor-element-d9c2df5 elementor-section-height-min-height elementor-section-boxed elementor-section-height-default elementor-section-items-middle\" data-id=\"d9c2df5\" data-element_type=\"section\" data-settings=\"{&quot;background_background&quot;:&quot;classic&quot;}\">\n\t\t\t\t\t\t<div class=\"elementor-container elementor-column-gap-no\">\n\t\t\t\t\t<div class=\"elementor-column elementor-col-100 elementor-top-column elementor-element elementor-element-edf1c58\" data-id=\"edf1c58\" data-element_type=\"column\">\n\t\t\t<div class=\"elementor-widget-wrap elementor-element-populated\">\n\t\t\t\t\t\t<section class=\"elementor-section elementor-inner-section elementor-element elementor-element-5c5a6ed elementor-section-boxed elementor-section-height-default elementor-section-height-default\" data-id=\"5c5a6ed\" data-element_type=\"section\">\n\t\t\t\t\t\t<div class=\"elementor-container elementor-column-gap-default\">\n\t\t\t\t\t<div class=\"elementor-column elementor-col-50 elementor-inner-column elementor-element elementor-element-9c9ca45\" data-id=\"9c9ca45\" data-element_type=\"column\">\n\t\t\t<div class=\"elementor-widget-wrap elementor-element-populated\">\n\t\t\t\t\t\t<div class=\"elementor-element elementor-element-c998b41 elementor-widget elementor-widget-elementskit-heading\" data-id=\"c998b41\" data-element_type=\"widget\" data-widget_type=\"elementskit-heading.default\">\n\t\t\t\t<div class=\"elementor-widget-container\">\n\t\t\t\t\t<div class=\"ekit-wid-con\" ><div class=\"ekit-heading elementskit-section-title-wraper text_left   ekit_heading_tablet-   ekit_heading_mobile-\"><span class=\"elementskit-section-subtitle  elementskit-style-border\">\n\t\t\t\t\t\tSant@s y Beat@s Vicentinos\n\t\t\t\t\t<\/span><h2 class=\"ekit-heading--title elementskit-section-title \">ARCHIDI\u00d3CESIS DE MADRID - CASA DE VALLECAS<\/h2><\/div><\/div>\t\t\t\t<\/div>\n\t\t\t\t<\/div>\n\t\t\t\t\t<\/div>\n\t\t<\/div>\n\t\t\t\t<div class=\"elementor-column elementor-col-50 elementor-inner-column elementor-element elementor-element-f4151b4\" data-id=\"f4151b4\" data-element_type=\"column\">\n\t\t\t<div class=\"elementor-widget-wrap elementor-element-populated\">\n\t\t\t\t\t\t<div class=\"elementor-element elementor-element-870f077 elementor-widget elementor-widget-image\" data-id=\"870f077\" data-element_type=\"widget\" data-widget_type=\"image.default\">\n\t\t\t\t<div class=\"elementor-widget-container\">\n\t\t\t\t\t\t\t\t\t\t\t\t\t\t\t<img decoding=\"async\" src=\"https:\/\/hdlcecuador.com\/wp-content\/uploads\/2020\/12\/logotipo-1.png\" title=\"\" alt=\"\" loading=\"lazy\" \/>\t\t\t\t\t\t\t\t\t\t\t\t\t\t\t<\/div>\n\t\t\t\t<\/div>\n\t\t\t\t\t<\/div>\n\t\t<\/div>\n\t\t\t\t\t<\/div>\n\t\t<\/section>\n\t\t\t\t\t<\/div>\n\t\t<\/div>\n\t\t\t\t\t<\/div>\n\t\t<\/section>\n\t\t\t\t<section class=\"elementor-section elementor-top-section elementor-element elementor-element-9664c62 elementor-section-boxed elementor-section-height-default elementor-section-height-default\" data-id=\"9664c62\" data-element_type=\"section\" data-settings=\"{&quot;background_background&quot;:&quot;classic&quot;}\">\n\t\t\t\t\t\t<div class=\"elementor-container elementor-column-gap-default\">\n\t\t\t\t\t<div class=\"elementor-column elementor-col-100 elementor-top-column elementor-element elementor-element-e4ee50e\" data-id=\"e4ee50e\" data-element_type=\"column\">\n\t\t\t<div class=\"elementor-widget-wrap elementor-element-populated\">\n\t\t\t\t\t\t<div class=\"elementor-element elementor-element-51f7544 elementor-widget elementor-widget-heading\" data-id=\"51f7544\" data-element_type=\"widget\" data-widget_type=\"heading.default\">\n\t\t\t\t<div class=\"elementor-widget-container\">\n\t\t\t\t\t<h2 class=\"elementor-heading-title elementor-size-large\">Beatas Vicentinas<\/h2>\t\t\t\t<\/div>\n\t\t\t\t<\/div>\n\t\t\t\t<section class=\"elementor-section elementor-inner-section elementor-element elementor-element-eec6a8b elementor-section-boxed elementor-section-height-default elementor-section-height-default\" data-id=\"eec6a8b\" data-element_type=\"section\">\n\t\t\t\t\t\t<div class=\"elementor-container elementor-column-gap-default\">\n\t\t\t\t\t<div class=\"elementor-column elementor-col-50 elementor-inner-column elementor-element elementor-element-6423efb\" data-id=\"6423efb\" data-element_type=\"column\">\n\t\t\t<div class=\"elementor-widget-wrap elementor-element-populated\">\n\t\t\t\t\t\t<div class=\"elementor-element elementor-element-378b1f7 elementor-widget elementor-widget-text-editor\" data-id=\"378b1f7\" data-element_type=\"widget\" data-widget_type=\"text-editor.default\">\n\t\t\t\t<div class=\"elementor-widget-container\">\n\t\t\t\t\t\t\t\t\t<p>Las obligaron a dejar las obras caritativas de\u00a0la Casa\u00a0de Misericordia de Albacete y salir hacia Madrid, despu\u00e9s de haberlas exigido vestir de seglares para hacer desaparecer todo signo religioso. Se vistieron de seglares, s\u00ed, pero se les notaba lo que eran. El cambio consisti\u00f3 en sustituir el h\u00e1bito por una sencilla bata de percal, la toca por un pa\u00f1uelo o la desarreglada melena. Sor Dolores, Sor Andrea y Sor Concepci\u00f3n decidieron no despojarse de su querido rosario, hab\u00edan encontrado en \u00e9l y en\u00a0la Eucarist\u00eda\u00a0celebrada clandestinamente en el s\u00f3tano refugio la fuerza para ser testigos en medio de la persecuci\u00f3n.<\/p><p>Sor Dolores y Sor Concepci\u00f3n lo llevaban en la cintura, debajo del vestido de seglar y Sor Andrea, la m\u00e1s joven, puesto como collar. Por este detalle fueron reconocidas como \u201cmonjas\u201d al bajarse del tranv\u00eda cuando llegaron al pueblo de Vallecas para dejar a Sor Concepci\u00f3n en casa de un t\u00edo suyo que no quiso recibirlas.<\/p>\t\t\t\t\t\t\t\t<\/div>\n\t\t\t\t<\/div>\n\t\t\t\t\t<\/div>\n\t\t<\/div>\n\t\t\t\t<div class=\"elementor-column elementor-col-50 elementor-inner-column elementor-element elementor-element-7a04ae5\" data-id=\"7a04ae5\" data-element_type=\"column\">\n\t\t\t<div class=\"elementor-widget-wrap elementor-element-populated\">\n\t\t\t\t\t\t<div class=\"elementor-element elementor-element-626d945 elementor-widget elementor-widget-image\" data-id=\"626d945\" data-element_type=\"widget\" data-widget_type=\"image.default\">\n\t\t\t\t<div class=\"elementor-widget-container\">\n\t\t\t\t\t\t\t\t\t\t\t\t\t\t\t<img decoding=\"async\" src=\"https:\/\/hdlcecuador.com\/wp-content\/uploads\/elementor\/thumbs\/ARCHIDIOCESIS_DE_MADRID-CASA_DE_VALLECAS-ozl2dbvcya40fo2v1hbummk9d0gpmqu2pysrzymlcw.jpg\" title=\"ARCHIDIOCESIS_DE_MADRID-CASA_DE_VALLECAS\" alt=\"ARCHIDIOCESIS_DE_MADRID-CASA_DE_VALLECAS\" loading=\"lazy\" \/>\t\t\t\t\t\t\t\t\t\t\t\t\t\t\t<\/div>\n\t\t\t\t<\/div>\n\t\t\t\t\t<\/div>\n\t\t<\/div>\n\t\t\t\t\t<\/div>\n\t\t<\/section>\n\t\t\t\t<div class=\"elementor-element elementor-element-2adab86 elementor-widget elementor-widget-text-editor\" data-id=\"2adab86\" data-element_type=\"widget\" data-widget_type=\"text-editor.default\">\n\t\t\t\t<div class=\"elementor-widget-container\">\n\t\t\t\t\t\t\t\t\t<p>Primero las apedrearon, despu\u00e9s las condujeron al Ateneo Libertario del pueblo donde fueron acosadas, insultadas y detenidas. Durante varias horas sufrieron provocaciones inmorales por parte de los miembros del tribunal integrado por cinco milicianos republicanos. Seguidamente separaron a las dos m\u00e1s j\u00f3venes de Sor M\u00aa Concepci\u00f3n y las llevaron a una celda de la checa ubicada en el Colegio de las Religiosas Terciarias de\u00a0la Divina Pastora.\u00a0All\u00ed, unos milicianos atrevidos y desvergonzados sometieron a Sor Dolores y Sor Andrea al terrible martirio de la violaci\u00f3n.<\/p><p>Seguidamente las llevaron a Los Toriles, como si fueran toros de miura. All\u00ed las torearon y arrastraron mof\u00e1ndose de ellas un grupo numeroso de ni\u00f1os, j\u00f3venes y milicianos adultos. Por \u00faltimo acabaron con su vida con un tiro que atraves\u00f3 el cr\u00e1neo, a Sor Dolores en el parietal izquierdo y a Sor Andrea en el derecho. A Sor M\u00aa Concepci\u00f3n en lugar de torearla materialmente lo hicieron moralmente con provocaciones obscenas. Al final sufri\u00f3 el tiro final en el cr\u00e1neo, junto a la v\u00eda del tren en el t\u00e9rmino llamado del Pozo del T\u00edo Raimundo, no sin antes proferir un grito fuerte como Cristo en la cruz. Como \u00c9l puso su vida en las manos del Padre y grit\u00f3:\u00a0\u201cViva Cristo Rey\u201d. Era el 3 de septiembre de 1936. Sus cuerpos fueron enterrados en el cementerio de Vallecas, pudieron ser reconocidos y rescatados en 1941.<\/p>\t\t\t\t\t\t\t\t<\/div>\n\t\t\t\t<\/div>\n\t\t\t\t\t<\/div>\n\t\t<\/div>\n\t\t\t\t\t<\/div>\n\t\t<\/section>\n\t\t\t\t<\/div>\n\t\t","protected":false},"excerpt":{"rendered":"<p>Sant@s y Beat@s Vicentinos ARCHIDI\u00d3CESIS DE MADRID &#8211; CASA DE VALLECAS Beatas Vicentinas Las obligaron a dejar las obras caritativas de\u00a0la Casa\u00a0de Misericordia de Albacete y salir hacia Madrid, despu\u00e9s de haberlas exigido vestir de seglares para hacer desaparecer todo signo religioso. Se vistieron de seglares, s\u00ed, pero se les notaba lo que eran. El [&hellip;]<\/p>\n","protected":false},"author":1,"featured_media":2906,"comment_status":"open","ping_status":"open","sticky":false,"template":"elementor_header_footer","format":"standard","meta":{"ocean_post_layout":"full-screen","ocean_both_sidebars_style":"","ocean_both_sidebars_content_width":0,"ocean_both_sidebars_sidebars_width":0,"ocean_sidebar":"0","ocean_second_sidebar":"0","ocean_disable_margins":"enable","ocean_add_body_class":"","ocean_shortcode_before_top_bar":"","ocean_shortcode_after_top_bar":"","ocean_shortcode_before_header":"","ocean_shortcode_after_header":"","ocean_has_shortcode":"","ocean_shortcode_after_title":"","ocean_shortcode_before_footer_widgets":"","ocean_shortcode_after_footer_widgets":"","ocean_shortcode_before_footer_bottom":"","ocean_shortcode_after_footer_bottom":"","ocean_display_top_bar":"off","ocean_display_header":"default","ocean_header_style":"transparent","ocean_center_header_left_menu":"0","ocean_custom_header_template":"0","ocean_custom_logo":0,"ocean_custom_retina_logo":0,"ocean_custom_logo_max_width":0,"ocean_custom_logo_tablet_max_width":0,"ocean_custom_logo_mobile_max_width":0,"ocean_custom_logo_max_height":0,"ocean_custom_logo_tablet_max_height":0,"ocean_custom_logo_mobile_max_height":0,"ocean_header_custom_menu":"0","ocean_menu_typo_font_family":"0","ocean_menu_typo_font_subset":"","ocean_menu_typo_font_size":0,"ocean_menu_typo_font_size_tablet":0,"ocean_menu_typo_font_size_mobile":0,"ocean_menu_typo_font_size_unit":"px","ocean_menu_typo_font_weight":"","ocean_menu_typo_font_weight_tablet":"","ocean_menu_typo_font_weight_mobile":"","ocean_menu_typo_transform":"","ocean_menu_typo_transform_tablet":"","ocean_menu_typo_transform_mobile":"","ocean_menu_typo_line_height":0,"ocean_menu_typo_line_height_tablet":0,"ocean_menu_typo_line_height_mobile":0,"ocean_menu_typo_line_height_unit":"","ocean_menu_typo_spacing":0,"ocean_menu_typo_spacing_tablet":0,"ocean_menu_typo_spacing_mobile":0,"ocean_menu_typo_spacing_unit":"","ocean_menu_link_color":"","ocean_menu_link_color_hover":"","ocean_menu_link_color_active":"","ocean_menu_link_background":"","ocean_menu_link_hover_background":"","ocean_menu_link_active_background":"","ocean_menu_social_links_bg":"","ocean_menu_social_hover_links_bg":"","ocean_menu_social_links_color":"","ocean_menu_social_hover_links_color":"","ocean_disable_title":"on","ocean_disable_heading":"default","ocean_post_title":"","ocean_post_subheading":"","ocean_post_title_style":"","ocean_post_title_background_color":"","ocean_post_title_background":0,"ocean_post_title_bg_image_position":"","ocean_post_title_bg_image_attachment":"","ocean_post_title_bg_image_repeat":"","ocean_post_title_bg_image_size":"","ocean_post_title_height":0,"ocean_post_title_bg_overlay":0.5,"ocean_post_title_bg_overlay_color":"","ocean_disable_breadcrumbs":"default","ocean_breadcrumbs_color":"","ocean_breadcrumbs_separator_color":"","ocean_breadcrumbs_links_color":"","ocean_breadcrumbs_links_hover_color":"","ocean_display_footer_widgets":"default","ocean_display_footer_bottom":"default","ocean_custom_footer_template":"0","ocean_post_oembed":"","ocean_post_self_hosted_media":"","ocean_post_video_embed":"","ocean_link_format":"","ocean_link_format_target":"self","ocean_quote_format":"","ocean_quote_format_link":"post","ocean_gallery_link_images":"off","ocean_gallery_id":[],"footnotes":""},"categories":[296],"tags":[],"post_folder":[295],"class_list":["post-6534","post","type-post","status-publish","format-standard","has-post-thumbnail","hentry","category-santosybeatosvic","entry","has-media"],"yoast_head":"<!-- This site is optimized with the Yoast SEO plugin v25.6 - https:\/\/yoast.com\/wordpress\/plugins\/seo\/ -->\n<title>Beatas: Sor Dolores \u00darsula Caro Mart\u00edn - Sor Concepci\u00f3n P\u00e9rez Giral - Sor Andrea Calle Gonz\u00e1lez - Compa\u00f1\u00eda HDLC Ecuador<\/title>\n<meta name=\"robots\" content=\"index, follow, max-snippet:-1, max-image-preview:large, max-video-preview:-1\" \/>\n<link rel=\"canonical\" href=\"https:\/\/hdlcecuador.com\/index.php\/2020\/12\/12\/beatas-sor-dolores-ursula-caro-martin-sor-concepcion-perez-giral-sor-andrea-calle-gonzalez\/\" \/>\n<meta property=\"og:locale\" content=\"es_ES\" \/>\n<meta property=\"og:type\" content=\"article\" \/>\n<meta property=\"og:title\" content=\"Beatas: Sor Dolores \u00darsula Caro Mart\u00edn - Sor Concepci\u00f3n P\u00e9rez Giral - Sor Andrea Calle Gonz\u00e1lez - Compa\u00f1\u00eda HDLC Ecuador\" \/>\n<meta property=\"og:description\" content=\"Sant@s y Beat@s Vicentinos ARCHIDI\u00d3CESIS DE MADRID &#8211; CASA DE VALLECAS Beatas Vicentinas Las obligaron a dejar las obras caritativas de\u00a0la Casa\u00a0de Misericordia de Albacete y salir hacia Madrid, despu\u00e9s de haberlas exigido vestir de seglares para hacer desaparecer todo signo religioso. Se vistieron de seglares, s\u00ed, pero se les notaba lo que eran. El [&hellip;]\" \/>\n<meta property=\"og:url\" content=\"https:\/\/hdlcecuador.com\/index.php\/2020\/12\/12\/beatas-sor-dolores-ursula-caro-martin-sor-concepcion-perez-giral-sor-andrea-calle-gonzalez\/\" \/>\n<meta property=\"og:site_name\" content=\"Compa\u00f1\u00eda HDLC Ecuador\" \/>\n<meta property=\"article:published_time\" content=\"2020-12-12T04:49:31+00:00\" \/>\n<meta property=\"article:modified_time\" content=\"2020-12-12T04:58:45+00:00\" \/>\n<meta property=\"og:image\" content=\"https:\/\/hdlcecuador.com\/wp-content\/uploads\/2020\/12\/ARCHIDIOCESIS_DE_MADRID-CASA_DE_VALLECAS.jpg\" \/>\n\t<meta property=\"og:image:width\" content=\"550\" \/>\n\t<meta property=\"og:image:height\" content=\"550\" \/>\n\t<meta property=\"og:image:type\" content=\"image\/jpeg\" \/>\n<meta name=\"author\" content=\"administrador\" \/>\n<meta name=\"twitter:card\" content=\"summary_large_image\" \/>\n<meta name=\"twitter:label1\" content=\"Escrito por\" \/>\n\t<meta name=\"twitter:data1\" content=\"administrador\" \/>\n\t<meta name=\"twitter:label2\" content=\"Tiempo de lectura\" \/>\n\t<meta name=\"twitter:data2\" content=\"2 minutos\" \/>\n<script type=\"application\/ld+json\" class=\"yoast-schema-graph\">{\"@context\":\"https:\/\/schema.org\",\"@graph\":[{\"@type\":\"Article\",\"@id\":\"https:\/\/hdlcecuador.com\/index.php\/2020\/12\/12\/beatas-sor-dolores-ursula-caro-martin-sor-concepcion-perez-giral-sor-andrea-calle-gonzalez\/#article\",\"isPartOf\":{\"@id\":\"https:\/\/hdlcecuador.com\/index.php\/2020\/12\/12\/beatas-sor-dolores-ursula-caro-martin-sor-concepcion-perez-giral-sor-andrea-calle-gonzalez\/\"},\"author\":{\"name\":\"administrador\",\"@id\":\"https:\/\/hdlcecuador.com\/#\/schema\/person\/88e13c2d15509f9620a744e935829dab\"},\"headline\":\"Beatas: Sor Dolores \u00darsula Caro Mart\u00edn &#8211; Sor Concepci\u00f3n P\u00e9rez Giral &#8211; Sor Andrea Calle Gonz\u00e1lez\",\"datePublished\":\"2020-12-12T04:49:31+00:00\",\"dateModified\":\"2020-12-12T04:58:45+00:00\",\"mainEntityOfPage\":{\"@id\":\"https:\/\/hdlcecuador.com\/index.php\/2020\/12\/12\/beatas-sor-dolores-ursula-caro-martin-sor-concepcion-perez-giral-sor-andrea-calle-gonzalez\/\"},\"wordCount\":450,\"commentCount\":0,\"publisher\":{\"@id\":\"https:\/\/hdlcecuador.com\/#organization\"},\"image\":{\"@id\":\"https:\/\/hdlcecuador.com\/index.php\/2020\/12\/12\/beatas-sor-dolores-ursula-caro-martin-sor-concepcion-perez-giral-sor-andrea-calle-gonzalez\/#primaryimage\"},\"thumbnailUrl\":\"https:\/\/hdlcecuador.com\/wp-content\/uploads\/2020\/12\/ARCHIDIOCESIS_DE_MADRID-CASA_DE_VALLECAS.jpg\",\"articleSection\":[\"Sant@s y Beat@s Vicentinos\"],\"inLanguage\":\"es\",\"potentialAction\":[{\"@type\":\"CommentAction\",\"name\":\"Comment\",\"target\":[\"https:\/\/hdlcecuador.com\/index.php\/2020\/12\/12\/beatas-sor-dolores-ursula-caro-martin-sor-concepcion-perez-giral-sor-andrea-calle-gonzalez\/#respond\"]}]},{\"@type\":\"WebPage\",\"@id\":\"https:\/\/hdlcecuador.com\/index.php\/2020\/12\/12\/beatas-sor-dolores-ursula-caro-martin-sor-concepcion-perez-giral-sor-andrea-calle-gonzalez\/\",\"url\":\"https:\/\/hdlcecuador.com\/index.php\/2020\/12\/12\/beatas-sor-dolores-ursula-caro-martin-sor-concepcion-perez-giral-sor-andrea-calle-gonzalez\/\",\"name\":\"Beatas: Sor Dolores \u00darsula Caro Mart\u00edn - Sor Concepci\u00f3n P\u00e9rez Giral - Sor Andrea Calle Gonz\u00e1lez - Compa\u00f1\u00eda HDLC Ecuador\",\"isPartOf\":{\"@id\":\"https:\/\/hdlcecuador.com\/#website\"},\"primaryImageOfPage\":{\"@id\":\"https:\/\/hdlcecuador.com\/index.php\/2020\/12\/12\/beatas-sor-dolores-ursula-caro-martin-sor-concepcion-perez-giral-sor-andrea-calle-gonzalez\/#primaryimage\"},\"image\":{\"@id\":\"https:\/\/hdlcecuador.com\/index.php\/2020\/12\/12\/beatas-sor-dolores-ursula-caro-martin-sor-concepcion-perez-giral-sor-andrea-calle-gonzalez\/#primaryimage\"},\"thumbnailUrl\":\"https:\/\/hdlcecuador.com\/wp-content\/uploads\/2020\/12\/ARCHIDIOCESIS_DE_MADRID-CASA_DE_VALLECAS.jpg\",\"datePublished\":\"2020-12-12T04:49:31+00:00\",\"dateModified\":\"2020-12-12T04:58:45+00:00\",\"breadcrumb\":{\"@id\":\"https:\/\/hdlcecuador.com\/index.php\/2020\/12\/12\/beatas-sor-dolores-ursula-caro-martin-sor-concepcion-perez-giral-sor-andrea-calle-gonzalez\/#breadcrumb\"},\"inLanguage\":\"es\",\"potentialAction\":[{\"@type\":\"ReadAction\",\"target\":[\"https:\/\/hdlcecuador.com\/index.php\/2020\/12\/12\/beatas-sor-dolores-ursula-caro-martin-sor-concepcion-perez-giral-sor-andrea-calle-gonzalez\/\"]}]},{\"@type\":\"ImageObject\",\"inLanguage\":\"es\",\"@id\":\"https:\/\/hdlcecuador.com\/index.php\/2020\/12\/12\/beatas-sor-dolores-ursula-caro-martin-sor-concepcion-perez-giral-sor-andrea-calle-gonzalez\/#primaryimage\",\"url\":\"https:\/\/hdlcecuador.com\/wp-content\/uploads\/2020\/12\/ARCHIDIOCESIS_DE_MADRID-CASA_DE_VALLECAS.jpg\",\"contentUrl\":\"https:\/\/hdlcecuador.com\/wp-content\/uploads\/2020\/12\/ARCHIDIOCESIS_DE_MADRID-CASA_DE_VALLECAS.jpg\",\"width\":550,\"height\":550},{\"@type\":\"BreadcrumbList\",\"@id\":\"https:\/\/hdlcecuador.com\/index.php\/2020\/12\/12\/beatas-sor-dolores-ursula-caro-martin-sor-concepcion-perez-giral-sor-andrea-calle-gonzalez\/#breadcrumb\",\"itemListElement\":[{\"@type\":\"ListItem\",\"position\":1,\"name\":\"Portada\",\"item\":\"https:\/\/hdlcecuador.com\/\"},{\"@type\":\"ListItem\",\"position\":2,\"name\":\"Beatas: Sor Dolores \u00darsula Caro Mart\u00edn &#8211; Sor Concepci\u00f3n P\u00e9rez Giral &#8211; Sor Andrea Calle Gonz\u00e1lez\"}]},{\"@type\":\"WebSite\",\"@id\":\"https:\/\/hdlcecuador.com\/#website\",\"url\":\"https:\/\/hdlcecuador.com\/\",\"name\":\"Compa\u00f1\u00eda HDLC Ecuador\",\"description\":\"Sitio Web Oficial de las Compa\u00f1ia de las Hijas de la Caridad en Ecuador\",\"publisher\":{\"@id\":\"https:\/\/hdlcecuador.com\/#organization\"},\"potentialAction\":[{\"@type\":\"SearchAction\",\"target\":{\"@type\":\"EntryPoint\",\"urlTemplate\":\"https:\/\/hdlcecuador.com\/?s={search_term_string}\"},\"query-input\":{\"@type\":\"PropertyValueSpecification\",\"valueRequired\":true,\"valueName\":\"search_term_string\"}}],\"inLanguage\":\"es\"},{\"@type\":\"Organization\",\"@id\":\"https:\/\/hdlcecuador.com\/#organization\",\"name\":\"Compa\u00f1\u00eda HDLC Ecuador\",\"url\":\"https:\/\/hdlcecuador.com\/\",\"logo\":{\"@type\":\"ImageObject\",\"inLanguage\":\"es\",\"@id\":\"https:\/\/hdlcecuador.com\/#\/schema\/logo\/image\/\",\"url\":\"https:\/\/hdlcecuador.com\/wp-content\/uploads\/2021\/03\/cropped-logo-2-oficial-hor.-dere.png\",\"contentUrl\":\"https:\/\/hdlcecuador.com\/wp-content\/uploads\/2021\/03\/cropped-logo-2-oficial-hor.-dere.png\",\"width\":1800,\"height\":980,\"caption\":\"Compa\u00f1\u00eda HDLC Ecuador\"},\"image\":{\"@id\":\"https:\/\/hdlcecuador.com\/#\/schema\/logo\/image\/\"}},{\"@type\":\"Person\",\"@id\":\"https:\/\/hdlcecuador.com\/#\/schema\/person\/88e13c2d15509f9620a744e935829dab\",\"name\":\"administrador\",\"image\":{\"@type\":\"ImageObject\",\"inLanguage\":\"es\",\"@id\":\"https:\/\/hdlcecuador.com\/#\/schema\/person\/image\/\",\"url\":\"https:\/\/secure.gravatar.com\/avatar\/64ac484ddbbff6a120df480c03610bb6?s=96&d=mm&r=g\",\"contentUrl\":\"https:\/\/secure.gravatar.com\/avatar\/64ac484ddbbff6a120df480c03610bb6?s=96&d=mm&r=g\",\"caption\":\"administrador\"},\"sameAs\":[\"https:\/\/hdlcecuador.com\"],\"url\":\"https:\/\/hdlcecuador.com\/index.php\/author\/administrador\/\"}]}<\/script>\n<!-- \/ Yoast SEO plugin. -->","yoast_head_json":{"title":"Beatas: Sor Dolores \u00darsula Caro Mart\u00edn - Sor Concepci\u00f3n P\u00e9rez Giral - Sor Andrea Calle Gonz\u00e1lez - Compa\u00f1\u00eda HDLC Ecuador","robots":{"index":"index","follow":"follow","max-snippet":"max-snippet:-1","max-image-preview":"max-image-preview:large","max-video-preview":"max-video-preview:-1"},"canonical":"https:\/\/hdlcecuador.com\/index.php\/2020\/12\/12\/beatas-sor-dolores-ursula-caro-martin-sor-concepcion-perez-giral-sor-andrea-calle-gonzalez\/","og_locale":"es_ES","og_type":"article","og_title":"Beatas: Sor Dolores \u00darsula Caro Mart\u00edn - Sor Concepci\u00f3n P\u00e9rez Giral - Sor Andrea Calle Gonz\u00e1lez - Compa\u00f1\u00eda HDLC Ecuador","og_description":"Sant@s y Beat@s Vicentinos ARCHIDI\u00d3CESIS DE MADRID &#8211; CASA DE VALLECAS Beatas Vicentinas Las obligaron a dejar las obras caritativas de\u00a0la Casa\u00a0de Misericordia de Albacete y salir hacia Madrid, despu\u00e9s de haberlas exigido vestir de seglares para hacer desaparecer todo signo religioso. Se vistieron de seglares, s\u00ed, pero se les notaba lo que eran. El [&hellip;]","og_url":"https:\/\/hdlcecuador.com\/index.php\/2020\/12\/12\/beatas-sor-dolores-ursula-caro-martin-sor-concepcion-perez-giral-sor-andrea-calle-gonzalez\/","og_site_name":"Compa\u00f1\u00eda HDLC Ecuador","article_published_time":"2020-12-12T04:49:31+00:00","article_modified_time":"2020-12-12T04:58:45+00:00","og_image":[{"width":550,"height":550,"url":"https:\/\/hdlcecuador.com\/wp-content\/uploads\/2020\/12\/ARCHIDIOCESIS_DE_MADRID-CASA_DE_VALLECAS.jpg","type":"image\/jpeg"}],"author":"administrador","twitter_card":"summary_large_image","twitter_misc":{"Escrito por":"administrador","Tiempo de lectura":"2 minutos"},"schema":{"@context":"https:\/\/schema.org","@graph":[{"@type":"Article","@id":"https:\/\/hdlcecuador.com\/index.php\/2020\/12\/12\/beatas-sor-dolores-ursula-caro-martin-sor-concepcion-perez-giral-sor-andrea-calle-gonzalez\/#article","isPartOf":{"@id":"https:\/\/hdlcecuador.com\/index.php\/2020\/12\/12\/beatas-sor-dolores-ursula-caro-martin-sor-concepcion-perez-giral-sor-andrea-calle-gonzalez\/"},"author":{"name":"administrador","@id":"https:\/\/hdlcecuador.com\/#\/schema\/person\/88e13c2d15509f9620a744e935829dab"},"headline":"Beatas: Sor Dolores \u00darsula Caro Mart\u00edn &#8211; Sor Concepci\u00f3n P\u00e9rez Giral &#8211; Sor Andrea Calle Gonz\u00e1lez","datePublished":"2020-12-12T04:49:31+00:00","dateModified":"2020-12-12T04:58:45+00:00","mainEntityOfPage":{"@id":"https:\/\/hdlcecuador.com\/index.php\/2020\/12\/12\/beatas-sor-dolores-ursula-caro-martin-sor-concepcion-perez-giral-sor-andrea-calle-gonzalez\/"},"wordCount":450,"commentCount":0,"publisher":{"@id":"https:\/\/hdlcecuador.com\/#organization"},"image":{"@id":"https:\/\/hdlcecuador.com\/index.php\/2020\/12\/12\/beatas-sor-dolores-ursula-caro-martin-sor-concepcion-perez-giral-sor-andrea-calle-gonzalez\/#primaryimage"},"thumbnailUrl":"https:\/\/hdlcecuador.com\/wp-content\/uploads\/2020\/12\/ARCHIDIOCESIS_DE_MADRID-CASA_DE_VALLECAS.jpg","articleSection":["Sant@s y Beat@s Vicentinos"],"inLanguage":"es","potentialAction":[{"@type":"CommentAction","name":"Comment","target":["https:\/\/hdlcecuador.com\/index.php\/2020\/12\/12\/beatas-sor-dolores-ursula-caro-martin-sor-concepcion-perez-giral-sor-andrea-calle-gonzalez\/#respond"]}]},{"@type":"WebPage","@id":"https:\/\/hdlcecuador.com\/index.php\/2020\/12\/12\/beatas-sor-dolores-ursula-caro-martin-sor-concepcion-perez-giral-sor-andrea-calle-gonzalez\/","url":"https:\/\/hdlcecuador.com\/index.php\/2020\/12\/12\/beatas-sor-dolores-ursula-caro-martin-sor-concepcion-perez-giral-sor-andrea-calle-gonzalez\/","name":"Beatas: Sor Dolores \u00darsula Caro Mart\u00edn - Sor Concepci\u00f3n P\u00e9rez Giral - Sor Andrea Calle Gonz\u00e1lez - Compa\u00f1\u00eda HDLC Ecuador","isPartOf":{"@id":"https:\/\/hdlcecuador.com\/#website"},"primaryImageOfPage":{"@id":"https:\/\/hdlcecuador.com\/index.php\/2020\/12\/12\/beatas-sor-dolores-ursula-caro-martin-sor-concepcion-perez-giral-sor-andrea-calle-gonzalez\/#primaryimage"},"image":{"@id":"https:\/\/hdlcecuador.com\/index.php\/2020\/12\/12\/beatas-sor-dolores-ursula-caro-martin-sor-concepcion-perez-giral-sor-andrea-calle-gonzalez\/#primaryimage"},"thumbnailUrl":"https:\/\/hdlcecuador.com\/wp-content\/uploads\/2020\/12\/ARCHIDIOCESIS_DE_MADRID-CASA_DE_VALLECAS.jpg","datePublished":"2020-12-12T04:49:31+00:00","dateModified":"2020-12-12T04:58:45+00:00","breadcrumb":{"@id":"https:\/\/hdlcecuador.com\/index.php\/2020\/12\/12\/beatas-sor-dolores-ursula-caro-martin-sor-concepcion-perez-giral-sor-andrea-calle-gonzalez\/#breadcrumb"},"inLanguage":"es","potentialAction":[{"@type":"ReadAction","target":["https:\/\/hdlcecuador.com\/index.php\/2020\/12\/12\/beatas-sor-dolores-ursula-caro-martin-sor-concepcion-perez-giral-sor-andrea-calle-gonzalez\/"]}]},{"@type":"ImageObject","inLanguage":"es","@id":"https:\/\/hdlcecuador.com\/index.php\/2020\/12\/12\/beatas-sor-dolores-ursula-caro-martin-sor-concepcion-perez-giral-sor-andrea-calle-gonzalez\/#primaryimage","url":"https:\/\/hdlcecuador.com\/wp-content\/uploads\/2020\/12\/ARCHIDIOCESIS_DE_MADRID-CASA_DE_VALLECAS.jpg","contentUrl":"https:\/\/hdlcecuador.com\/wp-content\/uploads\/2020\/12\/ARCHIDIOCESIS_DE_MADRID-CASA_DE_VALLECAS.jpg","width":550,"height":550},{"@type":"BreadcrumbList","@id":"https:\/\/hdlcecuador.com\/index.php\/2020\/12\/12\/beatas-sor-dolores-ursula-caro-martin-sor-concepcion-perez-giral-sor-andrea-calle-gonzalez\/#breadcrumb","itemListElement":[{"@type":"ListItem","position":1,"name":"Portada","item":"https:\/\/hdlcecuador.com\/"},{"@type":"ListItem","position":2,"name":"Beatas: Sor Dolores \u00darsula Caro Mart\u00edn &#8211; Sor Concepci\u00f3n P\u00e9rez Giral &#8211; Sor Andrea Calle Gonz\u00e1lez"}]},{"@type":"WebSite","@id":"https:\/\/hdlcecuador.com\/#website","url":"https:\/\/hdlcecuador.com\/","name":"Compa\u00f1\u00eda HDLC Ecuador","description":"Sitio Web Oficial de las Compa\u00f1ia de las Hijas de la Caridad en Ecuador","publisher":{"@id":"https:\/\/hdlcecuador.com\/#organization"},"potentialAction":[{"@type":"SearchAction","target":{"@type":"EntryPoint","urlTemplate":"https:\/\/hdlcecuador.com\/?s={search_term_string}"},"query-input":{"@type":"PropertyValueSpecification","valueRequired":true,"valueName":"search_term_string"}}],"inLanguage":"es"},{"@type":"Organization","@id":"https:\/\/hdlcecuador.com\/#organization","name":"Compa\u00f1\u00eda HDLC Ecuador","url":"https:\/\/hdlcecuador.com\/","logo":{"@type":"ImageObject","inLanguage":"es","@id":"https:\/\/hdlcecuador.com\/#\/schema\/logo\/image\/","url":"https:\/\/hdlcecuador.com\/wp-content\/uploads\/2021\/03\/cropped-logo-2-oficial-hor.-dere.png","contentUrl":"https:\/\/hdlcecuador.com\/wp-content\/uploads\/2021\/03\/cropped-logo-2-oficial-hor.-dere.png","width":1800,"height":980,"caption":"Compa\u00f1\u00eda HDLC Ecuador"},"image":{"@id":"https:\/\/hdlcecuador.com\/#\/schema\/logo\/image\/"}},{"@type":"Person","@id":"https:\/\/hdlcecuador.com\/#\/schema\/person\/88e13c2d15509f9620a744e935829dab","name":"administrador","image":{"@type":"ImageObject","inLanguage":"es","@id":"https:\/\/hdlcecuador.com\/#\/schema\/person\/image\/","url":"https:\/\/secure.gravatar.com\/avatar\/64ac484ddbbff6a120df480c03610bb6?s=96&d=mm&r=g","contentUrl":"https:\/\/secure.gravatar.com\/avatar\/64ac484ddbbff6a120df480c03610bb6?s=96&d=mm&r=g","caption":"administrador"},"sameAs":["https:\/\/hdlcecuador.com"],"url":"https:\/\/hdlcecuador.com\/index.php\/author\/administrador\/"}]}},"rttpg_featured_image_url":{"full":["https:\/\/hdlcecuador.com\/wp-content\/uploads\/2020\/12\/ARCHIDIOCESIS_DE_MADRID-CASA_DE_VALLECAS.jpg",550,550,false],"landscape":["https:\/\/hdlcecuador.com\/wp-content\/uploads\/2020\/12\/ARCHIDIOCESIS_DE_MADRID-CASA_DE_VALLECAS.jpg",550,550,false],"portraits":["https:\/\/hdlcecuador.com\/wp-content\/uploads\/2020\/12\/ARCHIDIOCESIS_DE_MADRID-CASA_DE_VALLECAS.jpg",550,550,false],"thumbnail":["https:\/\/hdlcecuador.com\/wp-content\/uploads\/2020\/12\/ARCHIDIOCESIS_DE_MADRID-CASA_DE_VALLECAS-150x150.jpg",150,150,true],"medium":["https:\/\/hdlcecuador.com\/wp-content\/uploads\/2020\/12\/ARCHIDIOCESIS_DE_MADRID-CASA_DE_VALLECAS-300x300.jpg",300,300,true],"large":["https:\/\/hdlcecuador.com\/wp-content\/uploads\/2020\/12\/ARCHIDIOCESIS_DE_MADRID-CASA_DE_VALLECAS.jpg",550,550,false],"thumblist":["https:\/\/hdlcecuador.com\/wp-content\/uploads\/2020\/12\/ARCHIDIOCESIS_DE_MADRID-CASA_DE_VALLECAS.jpg",300,300,false],"meccarouselthumb":["https:\/\/hdlcecuador.com\/wp-content\/uploads\/2020\/12\/ARCHIDIOCESIS_DE_MADRID-CASA_DE_VALLECAS.jpg",324,324,false],"gridsquare":["https:\/\/hdlcecuador.com\/wp-content\/uploads\/2020\/12\/ARCHIDIOCESIS_DE_MADRID-CASA_DE_VALLECAS.jpg",260,260,false],"tileview":["https:\/\/hdlcecuador.com\/wp-content\/uploads\/2020\/12\/ARCHIDIOCESIS_DE_MADRID-CASA_DE_VALLECAS.jpg",300,300,false],"1536x1536":["https:\/\/hdlcecuador.com\/wp-content\/uploads\/2020\/12\/ARCHIDIOCESIS_DE_MADRID-CASA_DE_VALLECAS.jpg",550,550,false],"2048x2048":["https:\/\/hdlcecuador.com\/wp-content\/uploads\/2020\/12\/ARCHIDIOCESIS_DE_MADRID-CASA_DE_VALLECAS.jpg",550,550,false],"ocean-thumb-m":["https:\/\/hdlcecuador.com\/wp-content\/uploads\/2020\/12\/ARCHIDIOCESIS_DE_MADRID-CASA_DE_VALLECAS.jpg",550,550,false],"ocean-thumb-ml":["https:\/\/hdlcecuador.com\/wp-content\/uploads\/2020\/12\/ARCHIDIOCESIS_DE_MADRID-CASA_DE_VALLECAS.jpg",450,450,false],"ocean-thumb-l":["https:\/\/hdlcecuador.com\/wp-content\/uploads\/2020\/12\/ARCHIDIOCESIS_DE_MADRID-CASA_DE_VALLECAS.jpg",550,550,false]},"rttpg_author":{"display_name":"administrador","author_link":"https:\/\/hdlcecuador.com\/index.php\/author\/administrador\/"},"rttpg_comment":0,"rttpg_category":"<a href=\"https:\/\/hdlcecuador.com\/index.php\/category\/santosybeatosvic\/\" rel=\"category tag\">Sant@s y Beat@s Vicentinos<\/a>","rttpg_excerpt":"Sant@s y Beat@s Vicentinos ARCHIDI\u00d3CESIS DE MADRID &#8211; CASA DE VALLECAS Beatas Vicentinas Las obligaron a dejar las obras caritativas de\u00a0la Casa\u00a0de Misericordia de Albacete y salir hacia Madrid, despu\u00e9s de haberlas exigido vestir de seglares para hacer desaparecer todo signo religioso. Se vistieron de seglares, s\u00ed, pero se les notaba lo que eran. El&hellip;","_links":{"self":[{"href":"https:\/\/hdlcecuador.com\/index.php\/wp-json\/wp\/v2\/posts\/6534"}],"collection":[{"href":"https:\/\/hdlcecuador.com\/index.php\/wp-json\/wp\/v2\/posts"}],"about":[{"href":"https:\/\/hdlcecuador.com\/index.php\/wp-json\/wp\/v2\/types\/post"}],"author":[{"embeddable":true,"href":"https:\/\/hdlcecuador.com\/index.php\/wp-json\/wp\/v2\/users\/1"}],"replies":[{"embeddable":true,"href":"https:\/\/hdlcecuador.com\/index.php\/wp-json\/wp\/v2\/comments?post=6534"}],"version-history":[{"count":0,"href":"https:\/\/hdlcecuador.com\/index.php\/wp-json\/wp\/v2\/posts\/6534\/revisions"}],"wp:featuredmedia":[{"embeddable":true,"href":"https:\/\/hdlcecuador.com\/index.php\/wp-json\/wp\/v2\/media\/2906"}],"wp:attachment":[{"href":"https:\/\/hdlcecuador.com\/index.php\/wp-json\/wp\/v2\/media?parent=6534"}],"wp:term":[{"taxonomy":"category","embeddable":true,"href":"https:\/\/hdlcecuador.com\/index.php\/wp-json\/wp\/v2\/categories?post=6534"},{"taxonomy":"post_tag","embeddable":true,"href":"https:\/\/hdlcecuador.com\/index.php\/wp-json\/wp\/v2\/tags?post=6534"},{"taxonomy":"post_folder","embeddable":true,"href":"https:\/\/hdlcecuador.com\/index.php\/wp-json\/wp\/v2\/post_folder?post=6534"}],"curies":[{"name":"wp","href":"https:\/\/api.w.org\/{rel}","templated":true}]}}