{"id":6585,"date":"2020-12-12T05:20:39","date_gmt":"2020-12-12T05:20:39","guid":{"rendered":"https:\/\/hdlcecuador.com\/?p=6585"},"modified":"2021-10-13T03:16:27","modified_gmt":"2021-10-13T03:16:27","slug":"beato-luis-jose-francois","status":"publish","type":"post","link":"https:\/\/hdlcecuador.com\/index.php\/2020\/12\/12\/beato-luis-jose-francois\/","title":{"rendered":"B. Luis Jos\u00e9 Francois &#8211; 2 de Septiembre"},"content":{"rendered":"\t\t<div data-elementor-type=\"wp-post\" data-elementor-id=\"6585\" class=\"elementor elementor-6585\">\n\t\t\t\t\t\t<section class=\"elementor-section elementor-top-section elementor-element elementor-element-2c39f22 elementor-section-height-min-height elementor-section-boxed elementor-section-height-default elementor-section-items-middle\" data-id=\"2c39f22\" data-element_type=\"section\" data-settings=\"{&quot;background_background&quot;:&quot;classic&quot;}\">\n\t\t\t\t\t\t<div class=\"elementor-container elementor-column-gap-no\">\n\t\t\t\t\t<div class=\"elementor-column elementor-col-100 elementor-top-column elementor-element elementor-element-6a89af5\" data-id=\"6a89af5\" data-element_type=\"column\">\n\t\t\t<div class=\"elementor-widget-wrap elementor-element-populated\">\n\t\t\t\t\t\t<section class=\"elementor-section elementor-inner-section elementor-element elementor-element-e9550d5 elementor-section-boxed elementor-section-height-default elementor-section-height-default\" data-id=\"e9550d5\" data-element_type=\"section\">\n\t\t\t\t\t\t<div class=\"elementor-container elementor-column-gap-default\">\n\t\t\t\t\t<div class=\"elementor-column elementor-col-50 elementor-inner-column elementor-element elementor-element-e757a4c\" data-id=\"e757a4c\" data-element_type=\"column\">\n\t\t\t<div class=\"elementor-widget-wrap elementor-element-populated\">\n\t\t\t\t\t\t<div class=\"elementor-element elementor-element-e6bcc5d elementor-widget elementor-widget-elementskit-heading\" data-id=\"e6bcc5d\" data-element_type=\"widget\" data-widget_type=\"elementskit-heading.default\">\n\t\t\t\t<div class=\"elementor-widget-container\">\n\t\t\t\t\t<div class=\"ekit-wid-con\" ><div class=\"ekit-heading elementskit-section-title-wraper text_left   ekit_heading_tablet-   ekit_heading_mobile-\"><span class=\"elementskit-section-subtitle  elementskit-style-border\">\n\t\t\t\t\t\tSant@s y Beat@s Vicentinos\n\t\t\t\t\t<\/span><h2 class=\"ekit-heading--title elementskit-section-title \">MISIONEROS M\u00c1RTIRES DE LA REVOLUCI\u00d3N FRANCESA:<\/h2><\/div><\/div>\t\t\t\t<\/div>\n\t\t\t\t<\/div>\n\t\t\t\t\t<\/div>\n\t\t<\/div>\n\t\t\t\t<div class=\"elementor-column elementor-col-50 elementor-inner-column elementor-element elementor-element-0ab8601\" data-id=\"0ab8601\" data-element_type=\"column\">\n\t\t\t<div class=\"elementor-widget-wrap elementor-element-populated\">\n\t\t\t\t\t\t<div class=\"elementor-element elementor-element-b3bd04b elementor-widget elementor-widget-image\" data-id=\"b3bd04b\" data-element_type=\"widget\" data-widget_type=\"image.default\">\n\t\t\t\t<div class=\"elementor-widget-container\">\n\t\t\t\t\t\t\t\t\t\t\t\t\t\t\t<img decoding=\"async\" src=\"https:\/\/hdlcecuador.com\/wp-content\/uploads\/2020\/12\/logotipo-1.png\" title=\"\" alt=\"\" loading=\"lazy\" \/>\t\t\t\t\t\t\t\t\t\t\t\t\t\t\t<\/div>\n\t\t\t\t<\/div>\n\t\t\t\t\t<\/div>\n\t\t<\/div>\n\t\t\t\t\t<\/div>\n\t\t<\/section>\n\t\t\t\t\t<\/div>\n\t\t<\/div>\n\t\t\t\t\t<\/div>\n\t\t<\/section>\n\t\t\t\t<section class=\"elementor-section elementor-top-section elementor-element elementor-element-8efba6c elementor-section-boxed elementor-section-height-default elementor-section-height-default\" data-id=\"8efba6c\" data-element_type=\"section\" data-settings=\"{&quot;background_background&quot;:&quot;classic&quot;}\">\n\t\t\t\t\t\t\t<div class=\"elementor-background-overlay\"><\/div>\n\t\t\t\t\t\t\t<div class=\"elementor-container elementor-column-gap-default\">\n\t\t\t\t\t<div class=\"elementor-column elementor-col-100 elementor-top-column elementor-element elementor-element-b74a58c\" data-id=\"b74a58c\" data-element_type=\"column\">\n\t\t\t<div class=\"elementor-widget-wrap elementor-element-populated\">\n\t\t\t\t\t\t<div class=\"elementor-element elementor-element-2796d43 elementor-widget elementor-widget-heading\" data-id=\"2796d43\" data-element_type=\"widget\" data-widget_type=\"heading.default\">\n\t\t\t\t<div class=\"elementor-widget-container\">\n\t\t\t\t\t<h2 class=\"elementor-heading-title elementor-size-large\">Beato Vicentino<\/h2>\t\t\t\t<\/div>\n\t\t\t\t<\/div>\n\t\t\t\t<section class=\"elementor-section elementor-inner-section elementor-element elementor-element-a085546 elementor-section-boxed elementor-section-height-default elementor-section-height-default\" data-id=\"a085546\" data-element_type=\"section\">\n\t\t\t\t\t\t<div class=\"elementor-container elementor-column-gap-default\">\n\t\t\t\t\t<div class=\"elementor-column elementor-col-50 elementor-inner-column elementor-element elementor-element-84d5b00\" data-id=\"84d5b00\" data-element_type=\"column\">\n\t\t\t<div class=\"elementor-widget-wrap elementor-element-populated\">\n\t\t\t\t\t\t<div class=\"elementor-element elementor-element-5cd538f elementor-widget elementor-widget-text-editor\" data-id=\"5cd538f\" data-element_type=\"widget\" data-widget_type=\"text-editor.default\">\n\t\t\t\t<div class=\"elementor-widget-container\">\n\t\t\t\t\t\t\t\t\t<p><strong>Beato Luis Jos\u00e9 Francois, C.M. &#8211; 2 de Septiembre<\/strong><\/p><p>Hab\u00eda nacido el 3 de febrero de 1751 en Busigny (Francia), de familia profundamente cristiana. Educado: por los Padres Jesuitas, se sinti\u00f3 llamado a la vida religiosa. No ten\u00eda m\u00e1s de 15 a\u00f1os, cuando ingres\u00f3 entre los Hijos de san Vicente de Pa\u00fal, en la casa madre de san L\u00e1zaro de Paris Tuvo que esperar a los 18 a\u00f1os para emitir sus votos. Fue tal su alegr\u00eda, que dos de sus hermanos animados por \u00e9l le siguieron ingresando en la misma Congregaci\u00f3n y una de sus hermanas en las Hijas de la Caridad,<\/p>\t\t\t\t\t\t\t\t<\/div>\n\t\t\t\t<\/div>\n\t\t\t\t\t<\/div>\n\t\t<\/div>\n\t\t\t\t<div class=\"elementor-column elementor-col-50 elementor-inner-column elementor-element elementor-element-ad1d46e\" data-id=\"ad1d46e\" data-element_type=\"column\">\n\t\t\t<div class=\"elementor-widget-wrap elementor-element-populated\">\n\t\t\t\t\t\t<div class=\"elementor-element elementor-element-318d378 elementor-widget elementor-widget-image\" data-id=\"318d378\" data-element_type=\"widget\" data-widget_type=\"image.default\">\n\t\t\t\t<div class=\"elementor-widget-container\">\n\t\t\t\t\t\t\t\t\t\t\t\t\t\t\t<img decoding=\"async\" src=\"https:\/\/hdlcecuador.com\/wp-content\/uploads\/elementor\/thumbs\/Beato_Luis_Jose_Francois-02-09-ozl2dn5f8ajgazmh7m7dgjpshmx4742urimlra5va8.jpg\" title=\"Beato_Luis_Jose_Francois-02-09\" alt=\"Beato_Luis_Jose_Francois-02-09\" loading=\"lazy\" \/>\t\t\t\t\t\t\t\t\t\t\t\t\t\t\t<\/div>\n\t\t\t\t<\/div>\n\t\t\t\t\t<\/div>\n\t\t<\/div>\n\t\t\t\t\t<\/div>\n\t\t<\/section>\n\t\t\t\t<div class=\"elementor-element elementor-element-05c3013 elementor-widget elementor-widget-text-editor\" data-id=\"05c3013\" data-element_type=\"widget\" data-widget_type=\"text-editor.default\">\n\t\t\t\t<div class=\"elementor-widget-container\">\n\t\t\t\t\t\t\t\t\t<p>Ordenado sacerdote en 1773, fue dedicado a ense\u00f1ar teolog\u00eda a la vez que fue nombrado director del seminario de Troyes. \u00a0En 1788 era nombrado Secretario general de su Congregaci\u00f3n cargo que comparti\u00f3 con la predicaci\u00f3n, ya que estaba dotado para ello.<\/p><p>En 1788 fue nombrado superior del colegio seminario de san Ferm\u00edn de Paris-el colegio \u201cdes Bons Enfants-casa tan querida por toda la Congregaci\u00f3n de la Misi\u00f3n, como cuna de la misma y misi\u00f3n por largos a\u00f1os de su Padre y Fundador, san Vicente de Pa\u00fal, Aunque los momentos eran dif\u00edciles, procur\u00f3 que el seminario siguiera su curso.<\/p><p>Escribi\u00f3 contra la Constituci\u00f3n civil del clero (que era cism\u00e1tica, hereje y sacr\u00edlega), varios folletos, entre ellos el titulado Apolog\u00eda, que tuvo varias ediciones y que ayudaron a muchos sacerdotes a permanecer fieles a las ense\u00f1anzas de la Iglesia. Fue, seg\u00fan uno de sus bi\u00f3grafos: \u201cUno de los m\u00e1s ardientes y mejores defensores de la Religi\u00f3n cat\u00f3lica, apost\u00f3lica y romana, contra el juramento civil y contra los escritos de los partidarios del juramento.<\/p><p>Cuando la persecuci\u00f3n arreciaba, abri\u00f3 las puertas del Seminario de san Ferm\u00edn de Paris a m\u00e1s de 90 sacerdotes y religiosos, que por negarse a pronunciar el juramento civil, se vieron expulsados de sus parroquias y de sus comunidades. De ellos 77 fueron martirizados; el resto logr\u00f3 huir.<\/p><p>El Beato Lu\u00eds Jos\u00e9 Francois, cuando fue invadida la casa por los asaltantes, detenido y arrojado por una ventana, rematado a golpes en el suelo y su cad\u00e1ver, como los dem\u00e1s, cruelmente profanados: era el 3 de septiembre de 1792.<\/p>\t\t\t\t\t\t\t\t<\/div>\n\t\t\t\t<\/div>\n\t\t\t\t\t<\/div>\n\t\t<\/div>\n\t\t\t\t\t<\/div>\n\t\t<\/section>\n\t\t\t\t<\/div>\n\t\t","protected":false},"excerpt":{"rendered":"<p>Sant@s y Beat@s Vicentinos MISIONEROS M\u00c1RTIRES DE LA REVOLUCI\u00d3N FRANCESA: Beato Vicentino Beato Luis Jos\u00e9 Francois, C.M. &#8211; 2 de Septiembre Hab\u00eda nacido el 3 de febrero de 1751 en Busigny (Francia), de familia profundamente cristiana. Educado: por los Padres Jesuitas, se sinti\u00f3 llamado a la vida religiosa. No ten\u00eda m\u00e1s de 15 a\u00f1os, cuando [&hellip;]<\/p>\n","protected":false},"author":1,"featured_media":2920,"comment_status":"open","ping_status":"open","sticky":false,"template":"elementor_header_footer","format":"standard","meta":{"ocean_post_layout":"full-screen","ocean_both_sidebars_style":"","ocean_both_sidebars_content_width":0,"ocean_both_sidebars_sidebars_width":0,"ocean_sidebar":"0","ocean_second_sidebar":"0","ocean_disable_margins":"enable","ocean_add_body_class":"","ocean_shortcode_before_top_bar":"","ocean_shortcode_after_top_bar":"","ocean_shortcode_before_header":"","ocean_shortcode_after_header":"","ocean_has_shortcode":"","ocean_shortcode_after_title":"","ocean_shortcode_before_footer_widgets":"","ocean_shortcode_after_footer_widgets":"","ocean_shortcode_before_footer_bottom":"","ocean_shortcode_after_footer_bottom":"","ocean_display_top_bar":"off","ocean_display_header":"default","ocean_header_style":"transparent","ocean_center_header_left_menu":"0","ocean_custom_header_template":"0","ocean_custom_logo":0,"ocean_custom_retina_logo":0,"ocean_custom_logo_max_width":0,"ocean_custom_logo_tablet_max_width":0,"ocean_custom_logo_mobile_max_width":0,"ocean_custom_logo_max_height":0,"ocean_custom_logo_tablet_max_height":0,"ocean_custom_logo_mobile_max_height":0,"ocean_header_custom_menu":"0","ocean_menu_typo_font_family":"0","ocean_menu_typo_font_subset":"","ocean_menu_typo_font_size":0,"ocean_menu_typo_font_size_tablet":0,"ocean_menu_typo_font_size_mobile":0,"ocean_menu_typo_font_size_unit":"px","ocean_menu_typo_font_weight":"","ocean_menu_typo_font_weight_tablet":"","ocean_menu_typo_font_weight_mobile":"","ocean_menu_typo_transform":"","ocean_menu_typo_transform_tablet":"","ocean_menu_typo_transform_mobile":"","ocean_menu_typo_line_height":0,"ocean_menu_typo_line_height_tablet":0,"ocean_menu_typo_line_height_mobile":0,"ocean_menu_typo_line_height_unit":"","ocean_menu_typo_spacing":0,"ocean_menu_typo_spacing_tablet":0,"ocean_menu_typo_spacing_mobile":0,"ocean_menu_typo_spacing_unit":"","ocean_menu_link_color":"","ocean_menu_link_color_hover":"","ocean_menu_link_color_active":"","ocean_menu_link_background":"","ocean_menu_link_hover_background":"","ocean_menu_link_active_background":"","ocean_menu_social_links_bg":"","ocean_menu_social_hover_links_bg":"","ocean_menu_social_links_color":"","ocean_menu_social_hover_links_color":"","ocean_disable_title":"on","ocean_disable_heading":"default","ocean_post_title":"","ocean_post_subheading":"","ocean_post_title_style":"","ocean_post_title_background_color":"","ocean_post_title_background":0,"ocean_post_title_bg_image_position":"","ocean_post_title_bg_image_attachment":"","ocean_post_title_bg_image_repeat":"","ocean_post_title_bg_image_size":"","ocean_post_title_height":0,"ocean_post_title_bg_overlay":0.5,"ocean_post_title_bg_overlay_color":"","ocean_disable_breadcrumbs":"default","ocean_breadcrumbs_color":"","ocean_breadcrumbs_separator_color":"","ocean_breadcrumbs_links_color":"","ocean_breadcrumbs_links_hover_color":"","ocean_display_footer_widgets":"default","ocean_display_footer_bottom":"default","ocean_custom_footer_template":"0","ocean_post_oembed":"","ocean_post_self_hosted_media":"","ocean_post_video_embed":"","ocean_link_format":"","ocean_link_format_target":"self","ocean_quote_format":"","ocean_quote_format_link":"post","ocean_gallery_link_images":"off","ocean_gallery_id":[],"footnotes":""},"categories":[296],"tags":[],"post_folder":[295],"class_list":["post-6585","post","type-post","status-publish","format-standard","has-post-thumbnail","hentry","category-santosybeatosvic","entry","has-media"],"yoast_head":"<!-- This site is optimized with the Yoast SEO plugin v25.6 - https:\/\/yoast.com\/wordpress\/plugins\/seo\/ -->\n<title>B. Luis Jos\u00e9 Francois - 2 de Septiembre - Compa\u00f1\u00eda HDLC Ecuador<\/title>\n<meta name=\"robots\" content=\"index, follow, max-snippet:-1, max-image-preview:large, max-video-preview:-1\" \/>\n<link rel=\"canonical\" href=\"https:\/\/hdlcecuador.com\/index.php\/2020\/12\/12\/beato-luis-jose-francois\/\" \/>\n<meta property=\"og:locale\" content=\"es_ES\" \/>\n<meta property=\"og:type\" content=\"article\" \/>\n<meta property=\"og:title\" content=\"B. Luis Jos\u00e9 Francois - 2 de Septiembre - Compa\u00f1\u00eda HDLC Ecuador\" \/>\n<meta property=\"og:description\" content=\"Sant@s y Beat@s Vicentinos MISIONEROS M\u00c1RTIRES DE LA REVOLUCI\u00d3N FRANCESA: Beato Vicentino Beato Luis Jos\u00e9 Francois, C.M. &#8211; 2 de Septiembre Hab\u00eda nacido el 3 de febrero de 1751 en Busigny (Francia), de familia profundamente cristiana. Educado: por los Padres Jesuitas, se sinti\u00f3 llamado a la vida religiosa. No ten\u00eda m\u00e1s de 15 a\u00f1os, cuando [&hellip;]\" \/>\n<meta property=\"og:url\" content=\"https:\/\/hdlcecuador.com\/index.php\/2020\/12\/12\/beato-luis-jose-francois\/\" \/>\n<meta property=\"og:site_name\" content=\"Compa\u00f1\u00eda HDLC Ecuador\" \/>\n<meta property=\"article:published_time\" content=\"2020-12-12T05:20:39+00:00\" \/>\n<meta property=\"article:modified_time\" content=\"2021-10-13T03:16:27+00:00\" \/>\n<meta property=\"og:image\" content=\"https:\/\/hdlcecuador.com\/wp-content\/uploads\/2020\/12\/Beato_Luis_Jose_Francois-02-09.jpg\" \/>\n\t<meta property=\"og:image:width\" content=\"550\" \/>\n\t<meta property=\"og:image:height\" content=\"550\" \/>\n\t<meta property=\"og:image:type\" content=\"image\/jpeg\" \/>\n<meta name=\"author\" content=\"administrador\" \/>\n<meta name=\"twitter:card\" content=\"summary_large_image\" \/>\n<meta name=\"twitter:label1\" content=\"Escrito por\" \/>\n\t<meta name=\"twitter:data1\" content=\"administrador\" \/>\n\t<meta name=\"twitter:label2\" content=\"Tiempo de lectura\" \/>\n\t<meta name=\"twitter:data2\" content=\"2 minutos\" \/>\n<script type=\"application\/ld+json\" class=\"yoast-schema-graph\">{\"@context\":\"https:\/\/schema.org\",\"@graph\":[{\"@type\":\"Article\",\"@id\":\"https:\/\/hdlcecuador.com\/index.php\/2020\/12\/12\/beato-luis-jose-francois\/#article\",\"isPartOf\":{\"@id\":\"https:\/\/hdlcecuador.com\/index.php\/2020\/12\/12\/beato-luis-jose-francois\/\"},\"author\":{\"name\":\"administrador\",\"@id\":\"https:\/\/hdlcecuador.com\/#\/schema\/person\/88e13c2d15509f9620a744e935829dab\"},\"headline\":\"B. Luis Jos\u00e9 Francois &#8211; 2 de Septiembre\",\"datePublished\":\"2020-12-12T05:20:39+00:00\",\"dateModified\":\"2021-10-13T03:16:27+00:00\",\"mainEntityOfPage\":{\"@id\":\"https:\/\/hdlcecuador.com\/index.php\/2020\/12\/12\/beato-luis-jose-francois\/\"},\"wordCount\":411,\"commentCount\":0,\"publisher\":{\"@id\":\"https:\/\/hdlcecuador.com\/#organization\"},\"image\":{\"@id\":\"https:\/\/hdlcecuador.com\/index.php\/2020\/12\/12\/beato-luis-jose-francois\/#primaryimage\"},\"thumbnailUrl\":\"https:\/\/hdlcecuador.com\/wp-content\/uploads\/2020\/12\/Beato_Luis_Jose_Francois-02-09.jpg\",\"articleSection\":[\"Sant@s y Beat@s Vicentinos\"],\"inLanguage\":\"es\",\"potentialAction\":[{\"@type\":\"CommentAction\",\"name\":\"Comment\",\"target\":[\"https:\/\/hdlcecuador.com\/index.php\/2020\/12\/12\/beato-luis-jose-francois\/#respond\"]}]},{\"@type\":\"WebPage\",\"@id\":\"https:\/\/hdlcecuador.com\/index.php\/2020\/12\/12\/beato-luis-jose-francois\/\",\"url\":\"https:\/\/hdlcecuador.com\/index.php\/2020\/12\/12\/beato-luis-jose-francois\/\",\"name\":\"B. Luis Jos\u00e9 Francois - 2 de Septiembre - Compa\u00f1\u00eda HDLC Ecuador\",\"isPartOf\":{\"@id\":\"https:\/\/hdlcecuador.com\/#website\"},\"primaryImageOfPage\":{\"@id\":\"https:\/\/hdlcecuador.com\/index.php\/2020\/12\/12\/beato-luis-jose-francois\/#primaryimage\"},\"image\":{\"@id\":\"https:\/\/hdlcecuador.com\/index.php\/2020\/12\/12\/beato-luis-jose-francois\/#primaryimage\"},\"thumbnailUrl\":\"https:\/\/hdlcecuador.com\/wp-content\/uploads\/2020\/12\/Beato_Luis_Jose_Francois-02-09.jpg\",\"datePublished\":\"2020-12-12T05:20:39+00:00\",\"dateModified\":\"2021-10-13T03:16:27+00:00\",\"breadcrumb\":{\"@id\":\"https:\/\/hdlcecuador.com\/index.php\/2020\/12\/12\/beato-luis-jose-francois\/#breadcrumb\"},\"inLanguage\":\"es\",\"potentialAction\":[{\"@type\":\"ReadAction\",\"target\":[\"https:\/\/hdlcecuador.com\/index.php\/2020\/12\/12\/beato-luis-jose-francois\/\"]}]},{\"@type\":\"ImageObject\",\"inLanguage\":\"es\",\"@id\":\"https:\/\/hdlcecuador.com\/index.php\/2020\/12\/12\/beato-luis-jose-francois\/#primaryimage\",\"url\":\"https:\/\/hdlcecuador.com\/wp-content\/uploads\/2020\/12\/Beato_Luis_Jose_Francois-02-09.jpg\",\"contentUrl\":\"https:\/\/hdlcecuador.com\/wp-content\/uploads\/2020\/12\/Beato_Luis_Jose_Francois-02-09.jpg\",\"width\":550,\"height\":550},{\"@type\":\"BreadcrumbList\",\"@id\":\"https:\/\/hdlcecuador.com\/index.php\/2020\/12\/12\/beato-luis-jose-francois\/#breadcrumb\",\"itemListElement\":[{\"@type\":\"ListItem\",\"position\":1,\"name\":\"Portada\",\"item\":\"https:\/\/hdlcecuador.com\/\"},{\"@type\":\"ListItem\",\"position\":2,\"name\":\"B. Luis Jos\u00e9 Francois &#8211; 2 de Septiembre\"}]},{\"@type\":\"WebSite\",\"@id\":\"https:\/\/hdlcecuador.com\/#website\",\"url\":\"https:\/\/hdlcecuador.com\/\",\"name\":\"Compa\u00f1\u00eda HDLC Ecuador\",\"description\":\"Sitio Web Oficial de las Compa\u00f1ia de las Hijas de la Caridad en Ecuador\",\"publisher\":{\"@id\":\"https:\/\/hdlcecuador.com\/#organization\"},\"potentialAction\":[{\"@type\":\"SearchAction\",\"target\":{\"@type\":\"EntryPoint\",\"urlTemplate\":\"https:\/\/hdlcecuador.com\/?s={search_term_string}\"},\"query-input\":{\"@type\":\"PropertyValueSpecification\",\"valueRequired\":true,\"valueName\":\"search_term_string\"}}],\"inLanguage\":\"es\"},{\"@type\":\"Organization\",\"@id\":\"https:\/\/hdlcecuador.com\/#organization\",\"name\":\"Compa\u00f1\u00eda HDLC Ecuador\",\"url\":\"https:\/\/hdlcecuador.com\/\",\"logo\":{\"@type\":\"ImageObject\",\"inLanguage\":\"es\",\"@id\":\"https:\/\/hdlcecuador.com\/#\/schema\/logo\/image\/\",\"url\":\"https:\/\/hdlcecuador.com\/wp-content\/uploads\/2021\/03\/cropped-logo-2-oficial-hor.-dere.png\",\"contentUrl\":\"https:\/\/hdlcecuador.com\/wp-content\/uploads\/2021\/03\/cropped-logo-2-oficial-hor.-dere.png\",\"width\":1800,\"height\":980,\"caption\":\"Compa\u00f1\u00eda HDLC Ecuador\"},\"image\":{\"@id\":\"https:\/\/hdlcecuador.com\/#\/schema\/logo\/image\/\"}},{\"@type\":\"Person\",\"@id\":\"https:\/\/hdlcecuador.com\/#\/schema\/person\/88e13c2d15509f9620a744e935829dab\",\"name\":\"administrador\",\"image\":{\"@type\":\"ImageObject\",\"inLanguage\":\"es\",\"@id\":\"https:\/\/hdlcecuador.com\/#\/schema\/person\/image\/\",\"url\":\"https:\/\/secure.gravatar.com\/avatar\/64ac484ddbbff6a120df480c03610bb6?s=96&d=mm&r=g\",\"contentUrl\":\"https:\/\/secure.gravatar.com\/avatar\/64ac484ddbbff6a120df480c03610bb6?s=96&d=mm&r=g\",\"caption\":\"administrador\"},\"sameAs\":[\"https:\/\/hdlcecuador.com\"],\"url\":\"https:\/\/hdlcecuador.com\/index.php\/author\/administrador\/\"}]}<\/script>\n<!-- \/ Yoast SEO plugin. -->","yoast_head_json":{"title":"B. Luis Jos\u00e9 Francois - 2 de Septiembre - Compa\u00f1\u00eda HDLC Ecuador","robots":{"index":"index","follow":"follow","max-snippet":"max-snippet:-1","max-image-preview":"max-image-preview:large","max-video-preview":"max-video-preview:-1"},"canonical":"https:\/\/hdlcecuador.com\/index.php\/2020\/12\/12\/beato-luis-jose-francois\/","og_locale":"es_ES","og_type":"article","og_title":"B. Luis Jos\u00e9 Francois - 2 de Septiembre - Compa\u00f1\u00eda HDLC Ecuador","og_description":"Sant@s y Beat@s Vicentinos MISIONEROS M\u00c1RTIRES DE LA REVOLUCI\u00d3N FRANCESA: Beato Vicentino Beato Luis Jos\u00e9 Francois, C.M. &#8211; 2 de Septiembre Hab\u00eda nacido el 3 de febrero de 1751 en Busigny (Francia), de familia profundamente cristiana. Educado: por los Padres Jesuitas, se sinti\u00f3 llamado a la vida religiosa. No ten\u00eda m\u00e1s de 15 a\u00f1os, cuando [&hellip;]","og_url":"https:\/\/hdlcecuador.com\/index.php\/2020\/12\/12\/beato-luis-jose-francois\/","og_site_name":"Compa\u00f1\u00eda HDLC Ecuador","article_published_time":"2020-12-12T05:20:39+00:00","article_modified_time":"2021-10-13T03:16:27+00:00","og_image":[{"width":550,"height":550,"url":"https:\/\/hdlcecuador.com\/wp-content\/uploads\/2020\/12\/Beato_Luis_Jose_Francois-02-09.jpg","type":"image\/jpeg"}],"author":"administrador","twitter_card":"summary_large_image","twitter_misc":{"Escrito por":"administrador","Tiempo de lectura":"2 minutos"},"schema":{"@context":"https:\/\/schema.org","@graph":[{"@type":"Article","@id":"https:\/\/hdlcecuador.com\/index.php\/2020\/12\/12\/beato-luis-jose-francois\/#article","isPartOf":{"@id":"https:\/\/hdlcecuador.com\/index.php\/2020\/12\/12\/beato-luis-jose-francois\/"},"author":{"name":"administrador","@id":"https:\/\/hdlcecuador.com\/#\/schema\/person\/88e13c2d15509f9620a744e935829dab"},"headline":"B. Luis Jos\u00e9 Francois &#8211; 2 de Septiembre","datePublished":"2020-12-12T05:20:39+00:00","dateModified":"2021-10-13T03:16:27+00:00","mainEntityOfPage":{"@id":"https:\/\/hdlcecuador.com\/index.php\/2020\/12\/12\/beato-luis-jose-francois\/"},"wordCount":411,"commentCount":0,"publisher":{"@id":"https:\/\/hdlcecuador.com\/#organization"},"image":{"@id":"https:\/\/hdlcecuador.com\/index.php\/2020\/12\/12\/beato-luis-jose-francois\/#primaryimage"},"thumbnailUrl":"https:\/\/hdlcecuador.com\/wp-content\/uploads\/2020\/12\/Beato_Luis_Jose_Francois-02-09.jpg","articleSection":["Sant@s y Beat@s Vicentinos"],"inLanguage":"es","potentialAction":[{"@type":"CommentAction","name":"Comment","target":["https:\/\/hdlcecuador.com\/index.php\/2020\/12\/12\/beato-luis-jose-francois\/#respond"]}]},{"@type":"WebPage","@id":"https:\/\/hdlcecuador.com\/index.php\/2020\/12\/12\/beato-luis-jose-francois\/","url":"https:\/\/hdlcecuador.com\/index.php\/2020\/12\/12\/beato-luis-jose-francois\/","name":"B. Luis Jos\u00e9 Francois - 2 de Septiembre - Compa\u00f1\u00eda HDLC Ecuador","isPartOf":{"@id":"https:\/\/hdlcecuador.com\/#website"},"primaryImageOfPage":{"@id":"https:\/\/hdlcecuador.com\/index.php\/2020\/12\/12\/beato-luis-jose-francois\/#primaryimage"},"image":{"@id":"https:\/\/hdlcecuador.com\/index.php\/2020\/12\/12\/beato-luis-jose-francois\/#primaryimage"},"thumbnailUrl":"https:\/\/hdlcecuador.com\/wp-content\/uploads\/2020\/12\/Beato_Luis_Jose_Francois-02-09.jpg","datePublished":"2020-12-12T05:20:39+00:00","dateModified":"2021-10-13T03:16:27+00:00","breadcrumb":{"@id":"https:\/\/hdlcecuador.com\/index.php\/2020\/12\/12\/beato-luis-jose-francois\/#breadcrumb"},"inLanguage":"es","potentialAction":[{"@type":"ReadAction","target":["https:\/\/hdlcecuador.com\/index.php\/2020\/12\/12\/beato-luis-jose-francois\/"]}]},{"@type":"ImageObject","inLanguage":"es","@id":"https:\/\/hdlcecuador.com\/index.php\/2020\/12\/12\/beato-luis-jose-francois\/#primaryimage","url":"https:\/\/hdlcecuador.com\/wp-content\/uploads\/2020\/12\/Beato_Luis_Jose_Francois-02-09.jpg","contentUrl":"https:\/\/hdlcecuador.com\/wp-content\/uploads\/2020\/12\/Beato_Luis_Jose_Francois-02-09.jpg","width":550,"height":550},{"@type":"BreadcrumbList","@id":"https:\/\/hdlcecuador.com\/index.php\/2020\/12\/12\/beato-luis-jose-francois\/#breadcrumb","itemListElement":[{"@type":"ListItem","position":1,"name":"Portada","item":"https:\/\/hdlcecuador.com\/"},{"@type":"ListItem","position":2,"name":"B. Luis Jos\u00e9 Francois &#8211; 2 de Septiembre"}]},{"@type":"WebSite","@id":"https:\/\/hdlcecuador.com\/#website","url":"https:\/\/hdlcecuador.com\/","name":"Compa\u00f1\u00eda HDLC Ecuador","description":"Sitio Web Oficial de las Compa\u00f1ia de las Hijas de la Caridad en Ecuador","publisher":{"@id":"https:\/\/hdlcecuador.com\/#organization"},"potentialAction":[{"@type":"SearchAction","target":{"@type":"EntryPoint","urlTemplate":"https:\/\/hdlcecuador.com\/?s={search_term_string}"},"query-input":{"@type":"PropertyValueSpecification","valueRequired":true,"valueName":"search_term_string"}}],"inLanguage":"es"},{"@type":"Organization","@id":"https:\/\/hdlcecuador.com\/#organization","name":"Compa\u00f1\u00eda HDLC Ecuador","url":"https:\/\/hdlcecuador.com\/","logo":{"@type":"ImageObject","inLanguage":"es","@id":"https:\/\/hdlcecuador.com\/#\/schema\/logo\/image\/","url":"https:\/\/hdlcecuador.com\/wp-content\/uploads\/2021\/03\/cropped-logo-2-oficial-hor.-dere.png","contentUrl":"https:\/\/hdlcecuador.com\/wp-content\/uploads\/2021\/03\/cropped-logo-2-oficial-hor.-dere.png","width":1800,"height":980,"caption":"Compa\u00f1\u00eda HDLC Ecuador"},"image":{"@id":"https:\/\/hdlcecuador.com\/#\/schema\/logo\/image\/"}},{"@type":"Person","@id":"https:\/\/hdlcecuador.com\/#\/schema\/person\/88e13c2d15509f9620a744e935829dab","name":"administrador","image":{"@type":"ImageObject","inLanguage":"es","@id":"https:\/\/hdlcecuador.com\/#\/schema\/person\/image\/","url":"https:\/\/secure.gravatar.com\/avatar\/64ac484ddbbff6a120df480c03610bb6?s=96&d=mm&r=g","contentUrl":"https:\/\/secure.gravatar.com\/avatar\/64ac484ddbbff6a120df480c03610bb6?s=96&d=mm&r=g","caption":"administrador"},"sameAs":["https:\/\/hdlcecuador.com"],"url":"https:\/\/hdlcecuador.com\/index.php\/author\/administrador\/"}]}},"rttpg_featured_image_url":{"full":["https:\/\/hdlcecuador.com\/wp-content\/uploads\/2020\/12\/Beato_Luis_Jose_Francois-02-09.jpg",550,550,false],"landscape":["https:\/\/hdlcecuador.com\/wp-content\/uploads\/2020\/12\/Beato_Luis_Jose_Francois-02-09.jpg",550,550,false],"portraits":["https:\/\/hdlcecuador.com\/wp-content\/uploads\/2020\/12\/Beato_Luis_Jose_Francois-02-09.jpg",550,550,false],"thumbnail":["https:\/\/hdlcecuador.com\/wp-content\/uploads\/2020\/12\/Beato_Luis_Jose_Francois-02-09-150x150.jpg",150,150,true],"medium":["https:\/\/hdlcecuador.com\/wp-content\/uploads\/2020\/12\/Beato_Luis_Jose_Francois-02-09-300x300.jpg",300,300,true],"large":["https:\/\/hdlcecuador.com\/wp-content\/uploads\/2020\/12\/Beato_Luis_Jose_Francois-02-09.jpg",550,550,false],"thumblist":["https:\/\/hdlcecuador.com\/wp-content\/uploads\/2020\/12\/Beato_Luis_Jose_Francois-02-09.jpg",300,300,false],"meccarouselthumb":["https:\/\/hdlcecuador.com\/wp-content\/uploads\/2020\/12\/Beato_Luis_Jose_Francois-02-09.jpg",324,324,false],"gridsquare":["https:\/\/hdlcecuador.com\/wp-content\/uploads\/2020\/12\/Beato_Luis_Jose_Francois-02-09.jpg",260,260,false],"tileview":["https:\/\/hdlcecuador.com\/wp-content\/uploads\/2020\/12\/Beato_Luis_Jose_Francois-02-09.jpg",300,300,false],"1536x1536":["https:\/\/hdlcecuador.com\/wp-content\/uploads\/2020\/12\/Beato_Luis_Jose_Francois-02-09.jpg",550,550,false],"2048x2048":["https:\/\/hdlcecuador.com\/wp-content\/uploads\/2020\/12\/Beato_Luis_Jose_Francois-02-09.jpg",550,550,false],"ocean-thumb-m":["https:\/\/hdlcecuador.com\/wp-content\/uploads\/2020\/12\/Beato_Luis_Jose_Francois-02-09.jpg",550,550,false],"ocean-thumb-ml":["https:\/\/hdlcecuador.com\/wp-content\/uploads\/2020\/12\/Beato_Luis_Jose_Francois-02-09.jpg",450,450,false],"ocean-thumb-l":["https:\/\/hdlcecuador.com\/wp-content\/uploads\/2020\/12\/Beato_Luis_Jose_Francois-02-09.jpg",550,550,false]},"rttpg_author":{"display_name":"administrador","author_link":"https:\/\/hdlcecuador.com\/index.php\/author\/administrador\/"},"rttpg_comment":0,"rttpg_category":"<a href=\"https:\/\/hdlcecuador.com\/index.php\/category\/santosybeatosvic\/\" rel=\"category tag\">Sant@s y Beat@s Vicentinos<\/a>","rttpg_excerpt":"Sant@s y Beat@s Vicentinos MISIONEROS M\u00c1RTIRES DE LA REVOLUCI\u00d3N FRANCESA: Beato Vicentino Beato Luis Jos\u00e9 Francois, C.M. &#8211; 2 de Septiembre Hab\u00eda nacido el 3 de febrero de 1751 en Busigny (Francia), de familia profundamente cristiana. Educado: por los Padres Jesuitas, se sinti\u00f3 llamado a la vida religiosa. No ten\u00eda m\u00e1s de 15 a\u00f1os, cuando&hellip;","_links":{"self":[{"href":"https:\/\/hdlcecuador.com\/index.php\/wp-json\/wp\/v2\/posts\/6585"}],"collection":[{"href":"https:\/\/hdlcecuador.com\/index.php\/wp-json\/wp\/v2\/posts"}],"about":[{"href":"https:\/\/hdlcecuador.com\/index.php\/wp-json\/wp\/v2\/types\/post"}],"author":[{"embeddable":true,"href":"https:\/\/hdlcecuador.com\/index.php\/wp-json\/wp\/v2\/users\/1"}],"replies":[{"embeddable":true,"href":"https:\/\/hdlcecuador.com\/index.php\/wp-json\/wp\/v2\/comments?post=6585"}],"version-history":[{"count":2,"href":"https:\/\/hdlcecuador.com\/index.php\/wp-json\/wp\/v2\/posts\/6585\/revisions"}],"predecessor-version":[{"id":11566,"href":"https:\/\/hdlcecuador.com\/index.php\/wp-json\/wp\/v2\/posts\/6585\/revisions\/11566"}],"wp:featuredmedia":[{"embeddable":true,"href":"https:\/\/hdlcecuador.com\/index.php\/wp-json\/wp\/v2\/media\/2920"}],"wp:attachment":[{"href":"https:\/\/hdlcecuador.com\/index.php\/wp-json\/wp\/v2\/media?parent=6585"}],"wp:term":[{"taxonomy":"category","embeddable":true,"href":"https:\/\/hdlcecuador.com\/index.php\/wp-json\/wp\/v2\/categories?post=6585"},{"taxonomy":"post_tag","embeddable":true,"href":"https:\/\/hdlcecuador.com\/index.php\/wp-json\/wp\/v2\/tags?post=6585"},{"taxonomy":"post_folder","embeddable":true,"href":"https:\/\/hdlcecuador.com\/index.php\/wp-json\/wp\/v2\/post_folder?post=6585"}],"curies":[{"name":"wp","href":"https:\/\/api.w.org\/{rel}","templated":true}]}}