{"id":6589,"date":"2020-12-12T05:24:01","date_gmt":"2020-12-12T05:24:01","guid":{"rendered":"https:\/\/hdlcecuador.com\/?p=6589"},"modified":"2021-10-07T02:59:27","modified_gmt":"2021-10-07T02:59:27","slug":"beatas-martires-de-arras-maria-magdalena-fontaine-maria-francisca-lanel-teresa-magdalena-fantou-y-juana-gerard","status":"publish","type":"post","link":"https:\/\/hdlcecuador.com\/index.php\/2020\/12\/12\/beatas-martires-de-arras-maria-magdalena-fontaine-maria-francisca-lanel-teresa-magdalena-fantou-y-juana-gerard\/","title":{"rendered":"Beatas M\u00e1rtires de Arr\u00e1s -26 de Junio"},"content":{"rendered":"\t\t<div data-elementor-type=\"wp-post\" data-elementor-id=\"6589\" class=\"elementor elementor-6589\">\n\t\t\t\t\t\t<section class=\"elementor-section elementor-top-section elementor-element elementor-element-0bac1db elementor-section-height-min-height elementor-section-boxed elementor-section-height-default elementor-section-items-middle\" data-id=\"0bac1db\" data-element_type=\"section\" data-settings=\"{&quot;background_background&quot;:&quot;classic&quot;}\">\n\t\t\t\t\t\t<div class=\"elementor-container elementor-column-gap-no\">\n\t\t\t\t\t<div class=\"elementor-column elementor-col-100 elementor-top-column elementor-element elementor-element-bf21d77\" data-id=\"bf21d77\" data-element_type=\"column\">\n\t\t\t<div class=\"elementor-widget-wrap elementor-element-populated\">\n\t\t\t\t\t\t<section class=\"elementor-section elementor-inner-section elementor-element elementor-element-9251b84 elementor-section-boxed elementor-section-height-default elementor-section-height-default\" data-id=\"9251b84\" data-element_type=\"section\">\n\t\t\t\t\t\t<div class=\"elementor-container elementor-column-gap-default\">\n\t\t\t\t\t<div class=\"elementor-column elementor-col-50 elementor-inner-column elementor-element elementor-element-815cfb5\" data-id=\"815cfb5\" data-element_type=\"column\">\n\t\t\t<div class=\"elementor-widget-wrap elementor-element-populated\">\n\t\t\t\t\t\t<div class=\"elementor-element elementor-element-95be130 elementor-widget elementor-widget-elementskit-heading\" data-id=\"95be130\" data-element_type=\"widget\" data-widget_type=\"elementskit-heading.default\">\n\t\t\t\t<div class=\"elementor-widget-container\">\n\t\t\t\t\t<div class=\"ekit-wid-con\" ><div class=\"ekit-heading elementskit-section-title-wraper text_left   ekit_heading_tablet-   ekit_heading_mobile-\"><span class=\"elementskit-section-subtitle  elementskit-style-border\">\n\t\t\t\t\t\tSant@s y Beat@s Vicentinos\n\t\t\t\t\t<\/span><h2 class=\"ekit-heading--title elementskit-section-title \">Hermanas m\u00e1rtires de la revoluci\u00f3n francesa<\/h2><\/div><\/div>\t\t\t\t<\/div>\n\t\t\t\t<\/div>\n\t\t\t\t\t<\/div>\n\t\t<\/div>\n\t\t\t\t<div class=\"elementor-column elementor-col-50 elementor-inner-column elementor-element elementor-element-a1d0fb6\" data-id=\"a1d0fb6\" data-element_type=\"column\">\n\t\t\t<div class=\"elementor-widget-wrap elementor-element-populated\">\n\t\t\t\t\t\t<div class=\"elementor-element elementor-element-d5a773c elementor-widget elementor-widget-image\" data-id=\"d5a773c\" data-element_type=\"widget\" data-widget_type=\"image.default\">\n\t\t\t\t<div class=\"elementor-widget-container\">\n\t\t\t\t\t\t\t\t\t\t\t\t\t\t\t<img decoding=\"async\" src=\"https:\/\/hdlcecuador.com\/wp-content\/uploads\/2020\/12\/logotipo-1.png\" title=\"\" alt=\"\" loading=\"lazy\" \/>\t\t\t\t\t\t\t\t\t\t\t\t\t\t\t<\/div>\n\t\t\t\t<\/div>\n\t\t\t\t\t<\/div>\n\t\t<\/div>\n\t\t\t\t\t<\/div>\n\t\t<\/section>\n\t\t\t\t\t<\/div>\n\t\t<\/div>\n\t\t\t\t\t<\/div>\n\t\t<\/section>\n\t\t\t\t<section class=\"elementor-section elementor-top-section elementor-element elementor-element-21847ed elementor-section-boxed elementor-section-height-default elementor-section-height-default\" data-id=\"21847ed\" data-element_type=\"section\" data-settings=\"{&quot;background_background&quot;:&quot;classic&quot;}\">\n\t\t\t\t\t\t\t<div class=\"elementor-background-overlay\"><\/div>\n\t\t\t\t\t\t\t<div class=\"elementor-container elementor-column-gap-default\">\n\t\t\t\t\t<div class=\"elementor-column elementor-col-100 elementor-top-column elementor-element elementor-element-2812052\" data-id=\"2812052\" data-element_type=\"column\">\n\t\t\t<div class=\"elementor-widget-wrap elementor-element-populated\">\n\t\t\t\t\t\t<div class=\"elementor-element elementor-element-e0683dd elementor-widget elementor-widget-heading\" data-id=\"e0683dd\" data-element_type=\"widget\" data-widget_type=\"heading.default\">\n\t\t\t\t<div class=\"elementor-widget-container\">\n\t\t\t\t\t<h2 class=\"elementor-heading-title elementor-size-large\">Beatas Vicentinas<\/h2>\t\t\t\t<\/div>\n\t\t\t\t<\/div>\n\t\t\t\t<section class=\"elementor-section elementor-inner-section elementor-element elementor-element-d30c2e3 elementor-section-boxed elementor-section-height-default elementor-section-height-default\" data-id=\"d30c2e3\" data-element_type=\"section\">\n\t\t\t\t\t\t<div class=\"elementor-container elementor-column-gap-default\">\n\t\t\t\t\t<div class=\"elementor-column elementor-col-50 elementor-inner-column elementor-element elementor-element-8d0e277\" data-id=\"8d0e277\" data-element_type=\"column\">\n\t\t\t<div class=\"elementor-widget-wrap elementor-element-populated\">\n\t\t\t\t\t\t<div class=\"elementor-element elementor-element-fd88674 elementor-widget elementor-widget-text-editor\" data-id=\"fd88674\" data-element_type=\"widget\" data-widget_type=\"text-editor.default\">\n\t\t\t\t<div class=\"elementor-widget-container\">\n\t\t\t\t\t\t\t\t\t<p><strong>Beatas M\u00e1rtires de Arr\u00e1s: Mar\u00eda Magdalena Fontaine, Mar\u00eda Francisca Lanel, Teresa Magdalena Fantou y Juana Gerard &#8211; 26 de junio<\/strong><\/p><p>\u00a0<\/p><p><strong>Estas cuatro Hijas de la Caridad, pertenec\u00edan a la comunidad de Arr\u00e1s, conocidas como las m\u00e1rtires de Cambrai.<\/strong><\/p><p>Murieron aguillotinadas v\u00edctimas de la Revoluci\u00f3n francesa, el 26 de junio de 1794, por negarse a jurar la Constituci\u00f3n Civil del Clero, como tantos otros religiosos y laicos de su tiempo. La guillotina, en aquella \u00e9poca, se alzaba en Cambrai y el 25 de junio de 1794, se dio \u00f3rdenes al director de la c\u00e1rcel para que enviara r\u00e1pidamente a las Hermanas a aquella ciudad. Llegaron el d\u00eda 26, muy temprano y poco despu\u00e9s se las condujo al cadalso. Antes de subir al mismo, Sor Magdalena Fontaine repiti\u00f3 lo que ya se hab\u00eda dicho varias veces: \u00abseremos las \u00faltimas v\u00edctimas\u00bb.<\/p>\t\t\t\t\t\t\t\t<\/div>\n\t\t\t\t<\/div>\n\t\t\t\t\t<\/div>\n\t\t<\/div>\n\t\t\t\t<div class=\"elementor-column elementor-col-50 elementor-inner-column elementor-element elementor-element-ccdb497\" data-id=\"ccdb497\" data-element_type=\"column\">\n\t\t\t<div class=\"elementor-widget-wrap elementor-element-populated\">\n\t\t\t\t\t\t<div class=\"elementor-element elementor-element-5c1906d elementor-widget elementor-widget-image\" data-id=\"5c1906d\" data-element_type=\"widget\" data-widget_type=\"image.default\">\n\t\t\t\t<div class=\"elementor-widget-container\">\n\t\t\t\t\t\t\t\t\t\t\t\t\t\t\t<img decoding=\"async\" src=\"https:\/\/hdlcecuador.com\/wp-content\/uploads\/elementor\/thumbs\/Beatas_Martires_de_Arras-26-06-ozl2dig8a4d0oxtaz268m2whipka4mk72vd6cwcu5c.jpg\" title=\"Beatas_Martires_de_Arras-26-06\" alt=\"Beatas_Martires_de_Arras-26-06\" loading=\"lazy\" \/>\t\t\t\t\t\t\t\t\t\t\t\t\t\t\t<\/div>\n\t\t\t\t<\/div>\n\t\t\t\t\t<\/div>\n\t\t<\/div>\n\t\t\t\t\t<\/div>\n\t\t<\/section>\n\t\t\t\t<div class=\"elementor-element elementor-element-3252534 elementor-widget elementor-widget-text-editor\" data-id=\"3252534\" data-element_type=\"widget\" data-widget_type=\"text-editor.default\">\n\t\t\t\t<div class=\"elementor-widget-container\">\n\t\t\t\t\t\t\t\t\t<p>Esta profec\u00eda, que movi\u00f3 a risa al Comisario Lebon, se cumpli\u00f3 al pie de la letra: fueron en Cambrai, las \u00faltimas v\u00edctimas. La muerte las sorprendi\u00f3 es pleno servicio a los pobres. Eran:<\/p><ul><li><strong>\u00a0Mar\u00eda Magdalena Fontaine:<\/strong>\u00a0Nacida el 22 de abril de 1723 en Etnepagny, es Hija de la Caridad\u00a0 desde el 9 de julio de 1748<\/li><li><strong>Mar\u00eda Francisca Lanel:<\/strong>\u00a0Nacida el 24 de agosto de 1745 en Eu, es Hija de la Caridad desde el 10 de abril de 1764.<\/li><li><strong>Teresa Magdalena Fantou<\/strong>:\u00a0Nacida el 27 de julio de 1747 en Miniac-Morvan ingresa en el Seminario de Par\u00eds el 28 de noviembre de 1771.<\/li><li><strong>Juana Gerard:<\/strong>\u00a0Nacida en Cimi\u00e9res el 23 de octubre de 1752, entra en la Compa\u00f1\u00eda el 17 de septiembre de 1776.<\/li><\/ul><p>Cuando comenz\u00f3 la Revoluci\u00f3n Francesa, en la casa de Arras, Francia, las Hijas de la Caridad se consagraban all\u00ed a la educaci\u00f3n de las ni\u00f1as pobres, visitas a domicilio y al cuidado de los enfermos. Atend\u00edan la farmacia, haci\u00e9ndose famosas por la eficiencia con que preparaban las medicinas. La comunidad se compon\u00eda de siete Hermanas. Sor Magdalena Fontaine era la superiora.<\/p><p>En Arras se instal\u00f3 la guillotina en la plaza mayor y en tres semanas fueron 150 las personas decapitadas por negarse a hacer el juramento. El 15 de febrero de 1794 un decreto de prisi\u00f3n fue firmado contra ellas. En el tiempo pasado en la c\u00e1rcel las Hermanas aportaron un mensaje de resignaci\u00f3n alegre, de frases animosas, de rasgos edificantes, transmitiendo la palabra de Dios. Infundiendo valor con su presencia serena y atenta a las necesidades de los dem\u00e1s. De Sor Magdalena Fontaine se dec\u00eda: \u201chabla siempre como enviada de Dios y goza del don de consolar y reanimar los corazones abatidos\u201d Sor Magdalena hab\u00eda predicho que ellas ser\u00edan las \u00faltimas ejecutadas.<\/p><p>El 25 de junio las Hermanas son sacadas de la c\u00e1rcel por la noche para ser entregadas al d\u00eda siguiente al tribunal quien las conden\u00f3 a muerte por negarse a prestar el juramento. Al escuchar la sentencia las Hermanas contestaron \u201c\u00a1Demos gracias a Dios!\u201d.<\/p><p>En algunas \u201cmemorias de la revoluci\u00f3n\u201d, al referirse a la muerte de las Hermanas se destaca la adhesi\u00f3n a su religi\u00f3n, su negativa a jurar, su continua oraci\u00f3n hasta el pat\u00edbulo, sus sentimientos heroicos de fe y amor a Dios\u201d. El 14 de mayo de 1907 fueron declaradas por la Iglesia Venerables y el 13 de junio de 1920 se celebraron con toda solemnidad las fiestas de la beatificaci\u00f3n de sor Magdalena Fontaine y sus compa\u00f1eras.<\/p>\t\t\t\t\t\t\t\t<\/div>\n\t\t\t\t<\/div>\n\t\t\t\t\t<\/div>\n\t\t<\/div>\n\t\t\t\t\t<\/div>\n\t\t<\/section>\n\t\t\t\t<\/div>\n\t\t","protected":false},"excerpt":{"rendered":"<p>Sant@s y Beat@s Vicentinos Hermanas m\u00e1rtires de la revoluci\u00f3n francesa Beatas Vicentinas Beatas M\u00e1rtires de Arr\u00e1s: Mar\u00eda Magdalena Fontaine, Mar\u00eda Francisca Lanel, Teresa Magdalena Fantou y Juana Gerard &#8211; 26 de junio Estas cuatro Hijas de la Caridad, pertenec\u00edan a la comunidad de Arr\u00e1s, conocidas como las m\u00e1rtires de Cambrai. Murieron aguillotinadas v\u00edctimas de la [&hellip;]<\/p>\n","protected":false},"author":1,"featured_media":2915,"comment_status":"open","ping_status":"open","sticky":false,"template":"elementor_header_footer","format":"standard","meta":{"ocean_post_layout":"full-screen","ocean_both_sidebars_style":"","ocean_both_sidebars_content_width":0,"ocean_both_sidebars_sidebars_width":0,"ocean_sidebar":"0","ocean_second_sidebar":"0","ocean_disable_margins":"enable","ocean_add_body_class":"","ocean_shortcode_before_top_bar":"","ocean_shortcode_after_top_bar":"","ocean_shortcode_before_header":"","ocean_shortcode_after_header":"","ocean_has_shortcode":"","ocean_shortcode_after_title":"","ocean_shortcode_before_footer_widgets":"","ocean_shortcode_after_footer_widgets":"","ocean_shortcode_before_footer_bottom":"","ocean_shortcode_after_footer_bottom":"","ocean_display_top_bar":"off","ocean_display_header":"default","ocean_header_style":"transparent","ocean_center_header_left_menu":"0","ocean_custom_header_template":"0","ocean_custom_logo":0,"ocean_custom_retina_logo":0,"ocean_custom_logo_max_width":0,"ocean_custom_logo_tablet_max_width":0,"ocean_custom_logo_mobile_max_width":0,"ocean_custom_logo_max_height":0,"ocean_custom_logo_tablet_max_height":0,"ocean_custom_logo_mobile_max_height":0,"ocean_header_custom_menu":"0","ocean_menu_typo_font_family":"0","ocean_menu_typo_font_subset":"","ocean_menu_typo_font_size":0,"ocean_menu_typo_font_size_tablet":0,"ocean_menu_typo_font_size_mobile":0,"ocean_menu_typo_font_size_unit":"px","ocean_menu_typo_font_weight":"","ocean_menu_typo_font_weight_tablet":"","ocean_menu_typo_font_weight_mobile":"","ocean_menu_typo_transform":"","ocean_menu_typo_transform_tablet":"","ocean_menu_typo_transform_mobile":"","ocean_menu_typo_line_height":0,"ocean_menu_typo_line_height_tablet":0,"ocean_menu_typo_line_height_mobile":0,"ocean_menu_typo_line_height_unit":"","ocean_menu_typo_spacing":0,"ocean_menu_typo_spacing_tablet":0,"ocean_menu_typo_spacing_mobile":0,"ocean_menu_typo_spacing_unit":"","ocean_menu_link_color":"","ocean_menu_link_color_hover":"","ocean_menu_link_color_active":"","ocean_menu_link_background":"","ocean_menu_link_hover_background":"","ocean_menu_link_active_background":"","ocean_menu_social_links_bg":"","ocean_menu_social_hover_links_bg":"","ocean_menu_social_links_color":"","ocean_menu_social_hover_links_color":"","ocean_disable_title":"on","ocean_disable_heading":"default","ocean_post_title":"","ocean_post_subheading":"","ocean_post_title_style":"","ocean_post_title_background_color":"","ocean_post_title_background":0,"ocean_post_title_bg_image_position":"","ocean_post_title_bg_image_attachment":"","ocean_post_title_bg_image_repeat":"","ocean_post_title_bg_image_size":"","ocean_post_title_height":0,"ocean_post_title_bg_overlay":0.5,"ocean_post_title_bg_overlay_color":"","ocean_disable_breadcrumbs":"default","ocean_breadcrumbs_color":"","ocean_breadcrumbs_separator_color":"","ocean_breadcrumbs_links_color":"","ocean_breadcrumbs_links_hover_color":"","ocean_display_footer_widgets":"default","ocean_display_footer_bottom":"default","ocean_custom_footer_template":"0","ocean_post_oembed":"","ocean_post_self_hosted_media":"","ocean_post_video_embed":"","ocean_link_format":"","ocean_link_format_target":"self","ocean_quote_format":"","ocean_quote_format_link":"post","ocean_gallery_link_images":"off","ocean_gallery_id":[],"footnotes":""},"categories":[296],"tags":[],"post_folder":[295],"class_list":["post-6589","post","type-post","status-publish","format-standard","has-post-thumbnail","hentry","category-santosybeatosvic","entry","has-media"],"yoast_head":"<!-- This site is optimized with the Yoast SEO plugin v25.6 - https:\/\/yoast.com\/wordpress\/plugins\/seo\/ -->\n<title>Beatas M\u00e1rtires de Arr\u00e1s -26 de Junio - Compa\u00f1\u00eda HDLC Ecuador<\/title>\n<meta name=\"robots\" content=\"index, follow, max-snippet:-1, max-image-preview:large, max-video-preview:-1\" \/>\n<link rel=\"canonical\" href=\"https:\/\/hdlcecuador.com\/index.php\/2020\/12\/12\/beatas-martires-de-arras-maria-magdalena-fontaine-maria-francisca-lanel-teresa-magdalena-fantou-y-juana-gerard\/\" \/>\n<meta property=\"og:locale\" content=\"es_ES\" \/>\n<meta property=\"og:type\" content=\"article\" \/>\n<meta property=\"og:title\" content=\"Beatas M\u00e1rtires de Arr\u00e1s -26 de Junio - Compa\u00f1\u00eda HDLC Ecuador\" \/>\n<meta property=\"og:description\" content=\"Sant@s y Beat@s Vicentinos Hermanas m\u00e1rtires de la revoluci\u00f3n francesa Beatas Vicentinas Beatas M\u00e1rtires de Arr\u00e1s: Mar\u00eda Magdalena Fontaine, Mar\u00eda Francisca Lanel, Teresa Magdalena Fantou y Juana Gerard &#8211; 26 de junio Estas cuatro Hijas de la Caridad, pertenec\u00edan a la comunidad de Arr\u00e1s, conocidas como las m\u00e1rtires de Cambrai. Murieron aguillotinadas v\u00edctimas de la [&hellip;]\" \/>\n<meta property=\"og:url\" content=\"https:\/\/hdlcecuador.com\/index.php\/2020\/12\/12\/beatas-martires-de-arras-maria-magdalena-fontaine-maria-francisca-lanel-teresa-magdalena-fantou-y-juana-gerard\/\" \/>\n<meta property=\"og:site_name\" content=\"Compa\u00f1\u00eda HDLC Ecuador\" \/>\n<meta property=\"article:published_time\" content=\"2020-12-12T05:24:01+00:00\" \/>\n<meta property=\"article:modified_time\" content=\"2021-10-07T02:59:27+00:00\" \/>\n<meta property=\"og:image\" content=\"https:\/\/hdlcecuador.com\/wp-content\/uploads\/2020\/12\/Beatas_Martires_de_Arras-26-06.jpg\" \/>\n\t<meta property=\"og:image:width\" content=\"550\" \/>\n\t<meta property=\"og:image:height\" content=\"550\" \/>\n\t<meta property=\"og:image:type\" content=\"image\/jpeg\" \/>\n<meta name=\"author\" content=\"administrador\" \/>\n<meta name=\"twitter:card\" content=\"summary_large_image\" \/>\n<meta name=\"twitter:label1\" content=\"Escrito por\" \/>\n\t<meta name=\"twitter:data1\" content=\"administrador\" \/>\n\t<meta name=\"twitter:label2\" content=\"Tiempo de lectura\" \/>\n\t<meta name=\"twitter:data2\" content=\"3 minutos\" \/>\n<script type=\"application\/ld+json\" class=\"yoast-schema-graph\">{\"@context\":\"https:\/\/schema.org\",\"@graph\":[{\"@type\":\"Article\",\"@id\":\"https:\/\/hdlcecuador.com\/index.php\/2020\/12\/12\/beatas-martires-de-arras-maria-magdalena-fontaine-maria-francisca-lanel-teresa-magdalena-fantou-y-juana-gerard\/#article\",\"isPartOf\":{\"@id\":\"https:\/\/hdlcecuador.com\/index.php\/2020\/12\/12\/beatas-martires-de-arras-maria-magdalena-fontaine-maria-francisca-lanel-teresa-magdalena-fantou-y-juana-gerard\/\"},\"author\":{\"name\":\"administrador\",\"@id\":\"https:\/\/hdlcecuador.com\/#\/schema\/person\/88e13c2d15509f9620a744e935829dab\"},\"headline\":\"Beatas M\u00e1rtires de Arr\u00e1s -26 de Junio\",\"datePublished\":\"2020-12-12T05:24:01+00:00\",\"dateModified\":\"2021-10-07T02:59:27+00:00\",\"mainEntityOfPage\":{\"@id\":\"https:\/\/hdlcecuador.com\/index.php\/2020\/12\/12\/beatas-martires-de-arras-maria-magdalena-fontaine-maria-francisca-lanel-teresa-magdalena-fantou-y-juana-gerard\/\"},\"wordCount\":603,\"commentCount\":0,\"publisher\":{\"@id\":\"https:\/\/hdlcecuador.com\/#organization\"},\"image\":{\"@id\":\"https:\/\/hdlcecuador.com\/index.php\/2020\/12\/12\/beatas-martires-de-arras-maria-magdalena-fontaine-maria-francisca-lanel-teresa-magdalena-fantou-y-juana-gerard\/#primaryimage\"},\"thumbnailUrl\":\"https:\/\/hdlcecuador.com\/wp-content\/uploads\/2020\/12\/Beatas_Martires_de_Arras-26-06.jpg\",\"articleSection\":[\"Sant@s y Beat@s Vicentinos\"],\"inLanguage\":\"es\",\"potentialAction\":[{\"@type\":\"CommentAction\",\"name\":\"Comment\",\"target\":[\"https:\/\/hdlcecuador.com\/index.php\/2020\/12\/12\/beatas-martires-de-arras-maria-magdalena-fontaine-maria-francisca-lanel-teresa-magdalena-fantou-y-juana-gerard\/#respond\"]}]},{\"@type\":\"WebPage\",\"@id\":\"https:\/\/hdlcecuador.com\/index.php\/2020\/12\/12\/beatas-martires-de-arras-maria-magdalena-fontaine-maria-francisca-lanel-teresa-magdalena-fantou-y-juana-gerard\/\",\"url\":\"https:\/\/hdlcecuador.com\/index.php\/2020\/12\/12\/beatas-martires-de-arras-maria-magdalena-fontaine-maria-francisca-lanel-teresa-magdalena-fantou-y-juana-gerard\/\",\"name\":\"Beatas M\u00e1rtires de Arr\u00e1s -26 de Junio - Compa\u00f1\u00eda HDLC Ecuador\",\"isPartOf\":{\"@id\":\"https:\/\/hdlcecuador.com\/#website\"},\"primaryImageOfPage\":{\"@id\":\"https:\/\/hdlcecuador.com\/index.php\/2020\/12\/12\/beatas-martires-de-arras-maria-magdalena-fontaine-maria-francisca-lanel-teresa-magdalena-fantou-y-juana-gerard\/#primaryimage\"},\"image\":{\"@id\":\"https:\/\/hdlcecuador.com\/index.php\/2020\/12\/12\/beatas-martires-de-arras-maria-magdalena-fontaine-maria-francisca-lanel-teresa-magdalena-fantou-y-juana-gerard\/#primaryimage\"},\"thumbnailUrl\":\"https:\/\/hdlcecuador.com\/wp-content\/uploads\/2020\/12\/Beatas_Martires_de_Arras-26-06.jpg\",\"datePublished\":\"2020-12-12T05:24:01+00:00\",\"dateModified\":\"2021-10-07T02:59:27+00:00\",\"breadcrumb\":{\"@id\":\"https:\/\/hdlcecuador.com\/index.php\/2020\/12\/12\/beatas-martires-de-arras-maria-magdalena-fontaine-maria-francisca-lanel-teresa-magdalena-fantou-y-juana-gerard\/#breadcrumb\"},\"inLanguage\":\"es\",\"potentialAction\":[{\"@type\":\"ReadAction\",\"target\":[\"https:\/\/hdlcecuador.com\/index.php\/2020\/12\/12\/beatas-martires-de-arras-maria-magdalena-fontaine-maria-francisca-lanel-teresa-magdalena-fantou-y-juana-gerard\/\"]}]},{\"@type\":\"ImageObject\",\"inLanguage\":\"es\",\"@id\":\"https:\/\/hdlcecuador.com\/index.php\/2020\/12\/12\/beatas-martires-de-arras-maria-magdalena-fontaine-maria-francisca-lanel-teresa-magdalena-fantou-y-juana-gerard\/#primaryimage\",\"url\":\"https:\/\/hdlcecuador.com\/wp-content\/uploads\/2020\/12\/Beatas_Martires_de_Arras-26-06.jpg\",\"contentUrl\":\"https:\/\/hdlcecuador.com\/wp-content\/uploads\/2020\/12\/Beatas_Martires_de_Arras-26-06.jpg\",\"width\":550,\"height\":550},{\"@type\":\"BreadcrumbList\",\"@id\":\"https:\/\/hdlcecuador.com\/index.php\/2020\/12\/12\/beatas-martires-de-arras-maria-magdalena-fontaine-maria-francisca-lanel-teresa-magdalena-fantou-y-juana-gerard\/#breadcrumb\",\"itemListElement\":[{\"@type\":\"ListItem\",\"position\":1,\"name\":\"Portada\",\"item\":\"https:\/\/hdlcecuador.com\/\"},{\"@type\":\"ListItem\",\"position\":2,\"name\":\"Beatas M\u00e1rtires de Arr\u00e1s -26 de Junio\"}]},{\"@type\":\"WebSite\",\"@id\":\"https:\/\/hdlcecuador.com\/#website\",\"url\":\"https:\/\/hdlcecuador.com\/\",\"name\":\"Compa\u00f1\u00eda HDLC Ecuador\",\"description\":\"Sitio Web Oficial de las Compa\u00f1ia de las Hijas de la Caridad en Ecuador\",\"publisher\":{\"@id\":\"https:\/\/hdlcecuador.com\/#organization\"},\"potentialAction\":[{\"@type\":\"SearchAction\",\"target\":{\"@type\":\"EntryPoint\",\"urlTemplate\":\"https:\/\/hdlcecuador.com\/?s={search_term_string}\"},\"query-input\":{\"@type\":\"PropertyValueSpecification\",\"valueRequired\":true,\"valueName\":\"search_term_string\"}}],\"inLanguage\":\"es\"},{\"@type\":\"Organization\",\"@id\":\"https:\/\/hdlcecuador.com\/#organization\",\"name\":\"Compa\u00f1\u00eda HDLC Ecuador\",\"url\":\"https:\/\/hdlcecuador.com\/\",\"logo\":{\"@type\":\"ImageObject\",\"inLanguage\":\"es\",\"@id\":\"https:\/\/hdlcecuador.com\/#\/schema\/logo\/image\/\",\"url\":\"https:\/\/hdlcecuador.com\/wp-content\/uploads\/2021\/03\/cropped-logo-2-oficial-hor.-dere.png\",\"contentUrl\":\"https:\/\/hdlcecuador.com\/wp-content\/uploads\/2021\/03\/cropped-logo-2-oficial-hor.-dere.png\",\"width\":1800,\"height\":980,\"caption\":\"Compa\u00f1\u00eda HDLC Ecuador\"},\"image\":{\"@id\":\"https:\/\/hdlcecuador.com\/#\/schema\/logo\/image\/\"}},{\"@type\":\"Person\",\"@id\":\"https:\/\/hdlcecuador.com\/#\/schema\/person\/88e13c2d15509f9620a744e935829dab\",\"name\":\"administrador\",\"image\":{\"@type\":\"ImageObject\",\"inLanguage\":\"es\",\"@id\":\"https:\/\/hdlcecuador.com\/#\/schema\/person\/image\/\",\"url\":\"https:\/\/secure.gravatar.com\/avatar\/64ac484ddbbff6a120df480c03610bb6?s=96&d=mm&r=g\",\"contentUrl\":\"https:\/\/secure.gravatar.com\/avatar\/64ac484ddbbff6a120df480c03610bb6?s=96&d=mm&r=g\",\"caption\":\"administrador\"},\"sameAs\":[\"https:\/\/hdlcecuador.com\"],\"url\":\"https:\/\/hdlcecuador.com\/index.php\/author\/administrador\/\"}]}<\/script>\n<!-- \/ Yoast SEO plugin. -->","yoast_head_json":{"title":"Beatas M\u00e1rtires de Arr\u00e1s -26 de Junio - Compa\u00f1\u00eda HDLC Ecuador","robots":{"index":"index","follow":"follow","max-snippet":"max-snippet:-1","max-image-preview":"max-image-preview:large","max-video-preview":"max-video-preview:-1"},"canonical":"https:\/\/hdlcecuador.com\/index.php\/2020\/12\/12\/beatas-martires-de-arras-maria-magdalena-fontaine-maria-francisca-lanel-teresa-magdalena-fantou-y-juana-gerard\/","og_locale":"es_ES","og_type":"article","og_title":"Beatas M\u00e1rtires de Arr\u00e1s -26 de Junio - Compa\u00f1\u00eda HDLC Ecuador","og_description":"Sant@s y Beat@s Vicentinos Hermanas m\u00e1rtires de la revoluci\u00f3n francesa Beatas Vicentinas Beatas M\u00e1rtires de Arr\u00e1s: Mar\u00eda Magdalena Fontaine, Mar\u00eda Francisca Lanel, Teresa Magdalena Fantou y Juana Gerard &#8211; 26 de junio Estas cuatro Hijas de la Caridad, pertenec\u00edan a la comunidad de Arr\u00e1s, conocidas como las m\u00e1rtires de Cambrai. Murieron aguillotinadas v\u00edctimas de la [&hellip;]","og_url":"https:\/\/hdlcecuador.com\/index.php\/2020\/12\/12\/beatas-martires-de-arras-maria-magdalena-fontaine-maria-francisca-lanel-teresa-magdalena-fantou-y-juana-gerard\/","og_site_name":"Compa\u00f1\u00eda HDLC Ecuador","article_published_time":"2020-12-12T05:24:01+00:00","article_modified_time":"2021-10-07T02:59:27+00:00","og_image":[{"width":550,"height":550,"url":"https:\/\/hdlcecuador.com\/wp-content\/uploads\/2020\/12\/Beatas_Martires_de_Arras-26-06.jpg","type":"image\/jpeg"}],"author":"administrador","twitter_card":"summary_large_image","twitter_misc":{"Escrito por":"administrador","Tiempo de lectura":"3 minutos"},"schema":{"@context":"https:\/\/schema.org","@graph":[{"@type":"Article","@id":"https:\/\/hdlcecuador.com\/index.php\/2020\/12\/12\/beatas-martires-de-arras-maria-magdalena-fontaine-maria-francisca-lanel-teresa-magdalena-fantou-y-juana-gerard\/#article","isPartOf":{"@id":"https:\/\/hdlcecuador.com\/index.php\/2020\/12\/12\/beatas-martires-de-arras-maria-magdalena-fontaine-maria-francisca-lanel-teresa-magdalena-fantou-y-juana-gerard\/"},"author":{"name":"administrador","@id":"https:\/\/hdlcecuador.com\/#\/schema\/person\/88e13c2d15509f9620a744e935829dab"},"headline":"Beatas M\u00e1rtires de Arr\u00e1s -26 de Junio","datePublished":"2020-12-12T05:24:01+00:00","dateModified":"2021-10-07T02:59:27+00:00","mainEntityOfPage":{"@id":"https:\/\/hdlcecuador.com\/index.php\/2020\/12\/12\/beatas-martires-de-arras-maria-magdalena-fontaine-maria-francisca-lanel-teresa-magdalena-fantou-y-juana-gerard\/"},"wordCount":603,"commentCount":0,"publisher":{"@id":"https:\/\/hdlcecuador.com\/#organization"},"image":{"@id":"https:\/\/hdlcecuador.com\/index.php\/2020\/12\/12\/beatas-martires-de-arras-maria-magdalena-fontaine-maria-francisca-lanel-teresa-magdalena-fantou-y-juana-gerard\/#primaryimage"},"thumbnailUrl":"https:\/\/hdlcecuador.com\/wp-content\/uploads\/2020\/12\/Beatas_Martires_de_Arras-26-06.jpg","articleSection":["Sant@s y Beat@s Vicentinos"],"inLanguage":"es","potentialAction":[{"@type":"CommentAction","name":"Comment","target":["https:\/\/hdlcecuador.com\/index.php\/2020\/12\/12\/beatas-martires-de-arras-maria-magdalena-fontaine-maria-francisca-lanel-teresa-magdalena-fantou-y-juana-gerard\/#respond"]}]},{"@type":"WebPage","@id":"https:\/\/hdlcecuador.com\/index.php\/2020\/12\/12\/beatas-martires-de-arras-maria-magdalena-fontaine-maria-francisca-lanel-teresa-magdalena-fantou-y-juana-gerard\/","url":"https:\/\/hdlcecuador.com\/index.php\/2020\/12\/12\/beatas-martires-de-arras-maria-magdalena-fontaine-maria-francisca-lanel-teresa-magdalena-fantou-y-juana-gerard\/","name":"Beatas M\u00e1rtires de Arr\u00e1s -26 de Junio - Compa\u00f1\u00eda HDLC Ecuador","isPartOf":{"@id":"https:\/\/hdlcecuador.com\/#website"},"primaryImageOfPage":{"@id":"https:\/\/hdlcecuador.com\/index.php\/2020\/12\/12\/beatas-martires-de-arras-maria-magdalena-fontaine-maria-francisca-lanel-teresa-magdalena-fantou-y-juana-gerard\/#primaryimage"},"image":{"@id":"https:\/\/hdlcecuador.com\/index.php\/2020\/12\/12\/beatas-martires-de-arras-maria-magdalena-fontaine-maria-francisca-lanel-teresa-magdalena-fantou-y-juana-gerard\/#primaryimage"},"thumbnailUrl":"https:\/\/hdlcecuador.com\/wp-content\/uploads\/2020\/12\/Beatas_Martires_de_Arras-26-06.jpg","datePublished":"2020-12-12T05:24:01+00:00","dateModified":"2021-10-07T02:59:27+00:00","breadcrumb":{"@id":"https:\/\/hdlcecuador.com\/index.php\/2020\/12\/12\/beatas-martires-de-arras-maria-magdalena-fontaine-maria-francisca-lanel-teresa-magdalena-fantou-y-juana-gerard\/#breadcrumb"},"inLanguage":"es","potentialAction":[{"@type":"ReadAction","target":["https:\/\/hdlcecuador.com\/index.php\/2020\/12\/12\/beatas-martires-de-arras-maria-magdalena-fontaine-maria-francisca-lanel-teresa-magdalena-fantou-y-juana-gerard\/"]}]},{"@type":"ImageObject","inLanguage":"es","@id":"https:\/\/hdlcecuador.com\/index.php\/2020\/12\/12\/beatas-martires-de-arras-maria-magdalena-fontaine-maria-francisca-lanel-teresa-magdalena-fantou-y-juana-gerard\/#primaryimage","url":"https:\/\/hdlcecuador.com\/wp-content\/uploads\/2020\/12\/Beatas_Martires_de_Arras-26-06.jpg","contentUrl":"https:\/\/hdlcecuador.com\/wp-content\/uploads\/2020\/12\/Beatas_Martires_de_Arras-26-06.jpg","width":550,"height":550},{"@type":"BreadcrumbList","@id":"https:\/\/hdlcecuador.com\/index.php\/2020\/12\/12\/beatas-martires-de-arras-maria-magdalena-fontaine-maria-francisca-lanel-teresa-magdalena-fantou-y-juana-gerard\/#breadcrumb","itemListElement":[{"@type":"ListItem","position":1,"name":"Portada","item":"https:\/\/hdlcecuador.com\/"},{"@type":"ListItem","position":2,"name":"Beatas M\u00e1rtires de Arr\u00e1s -26 de Junio"}]},{"@type":"WebSite","@id":"https:\/\/hdlcecuador.com\/#website","url":"https:\/\/hdlcecuador.com\/","name":"Compa\u00f1\u00eda HDLC Ecuador","description":"Sitio Web Oficial de las Compa\u00f1ia de las Hijas de la Caridad en Ecuador","publisher":{"@id":"https:\/\/hdlcecuador.com\/#organization"},"potentialAction":[{"@type":"SearchAction","target":{"@type":"EntryPoint","urlTemplate":"https:\/\/hdlcecuador.com\/?s={search_term_string}"},"query-input":{"@type":"PropertyValueSpecification","valueRequired":true,"valueName":"search_term_string"}}],"inLanguage":"es"},{"@type":"Organization","@id":"https:\/\/hdlcecuador.com\/#organization","name":"Compa\u00f1\u00eda HDLC Ecuador","url":"https:\/\/hdlcecuador.com\/","logo":{"@type":"ImageObject","inLanguage":"es","@id":"https:\/\/hdlcecuador.com\/#\/schema\/logo\/image\/","url":"https:\/\/hdlcecuador.com\/wp-content\/uploads\/2021\/03\/cropped-logo-2-oficial-hor.-dere.png","contentUrl":"https:\/\/hdlcecuador.com\/wp-content\/uploads\/2021\/03\/cropped-logo-2-oficial-hor.-dere.png","width":1800,"height":980,"caption":"Compa\u00f1\u00eda HDLC Ecuador"},"image":{"@id":"https:\/\/hdlcecuador.com\/#\/schema\/logo\/image\/"}},{"@type":"Person","@id":"https:\/\/hdlcecuador.com\/#\/schema\/person\/88e13c2d15509f9620a744e935829dab","name":"administrador","image":{"@type":"ImageObject","inLanguage":"es","@id":"https:\/\/hdlcecuador.com\/#\/schema\/person\/image\/","url":"https:\/\/secure.gravatar.com\/avatar\/64ac484ddbbff6a120df480c03610bb6?s=96&d=mm&r=g","contentUrl":"https:\/\/secure.gravatar.com\/avatar\/64ac484ddbbff6a120df480c03610bb6?s=96&d=mm&r=g","caption":"administrador"},"sameAs":["https:\/\/hdlcecuador.com"],"url":"https:\/\/hdlcecuador.com\/index.php\/author\/administrador\/"}]}},"rttpg_featured_image_url":{"full":["https:\/\/hdlcecuador.com\/wp-content\/uploads\/2020\/12\/Beatas_Martires_de_Arras-26-06.jpg",550,550,false],"landscape":["https:\/\/hdlcecuador.com\/wp-content\/uploads\/2020\/12\/Beatas_Martires_de_Arras-26-06.jpg",550,550,false],"portraits":["https:\/\/hdlcecuador.com\/wp-content\/uploads\/2020\/12\/Beatas_Martires_de_Arras-26-06.jpg",550,550,false],"thumbnail":["https:\/\/hdlcecuador.com\/wp-content\/uploads\/2020\/12\/Beatas_Martires_de_Arras-26-06-150x150.jpg",150,150,true],"medium":["https:\/\/hdlcecuador.com\/wp-content\/uploads\/2020\/12\/Beatas_Martires_de_Arras-26-06-300x300.jpg",300,300,true],"large":["https:\/\/hdlcecuador.com\/wp-content\/uploads\/2020\/12\/Beatas_Martires_de_Arras-26-06.jpg",550,550,false],"thumblist":["https:\/\/hdlcecuador.com\/wp-content\/uploads\/2020\/12\/Beatas_Martires_de_Arras-26-06.jpg",300,300,false],"meccarouselthumb":["https:\/\/hdlcecuador.com\/wp-content\/uploads\/2020\/12\/Beatas_Martires_de_Arras-26-06.jpg",324,324,false],"gridsquare":["https:\/\/hdlcecuador.com\/wp-content\/uploads\/2020\/12\/Beatas_Martires_de_Arras-26-06.jpg",260,260,false],"tileview":["https:\/\/hdlcecuador.com\/wp-content\/uploads\/2020\/12\/Beatas_Martires_de_Arras-26-06.jpg",300,300,false],"1536x1536":["https:\/\/hdlcecuador.com\/wp-content\/uploads\/2020\/12\/Beatas_Martires_de_Arras-26-06.jpg",550,550,false],"2048x2048":["https:\/\/hdlcecuador.com\/wp-content\/uploads\/2020\/12\/Beatas_Martires_de_Arras-26-06.jpg",550,550,false],"ocean-thumb-m":["https:\/\/hdlcecuador.com\/wp-content\/uploads\/2020\/12\/Beatas_Martires_de_Arras-26-06.jpg",550,550,false],"ocean-thumb-ml":["https:\/\/hdlcecuador.com\/wp-content\/uploads\/2020\/12\/Beatas_Martires_de_Arras-26-06.jpg",450,450,false],"ocean-thumb-l":["https:\/\/hdlcecuador.com\/wp-content\/uploads\/2020\/12\/Beatas_Martires_de_Arras-26-06.jpg",550,550,false]},"rttpg_author":{"display_name":"administrador","author_link":"https:\/\/hdlcecuador.com\/index.php\/author\/administrador\/"},"rttpg_comment":0,"rttpg_category":"<a href=\"https:\/\/hdlcecuador.com\/index.php\/category\/santosybeatosvic\/\" rel=\"category tag\">Sant@s y Beat@s Vicentinos<\/a>","rttpg_excerpt":"Sant@s y Beat@s Vicentinos Hermanas m\u00e1rtires de la revoluci\u00f3n francesa Beatas Vicentinas Beatas M\u00e1rtires de Arr\u00e1s: Mar\u00eda Magdalena Fontaine, Mar\u00eda Francisca Lanel, Teresa Magdalena Fantou y Juana Gerard &#8211; 26 de junio Estas cuatro Hijas de la Caridad, pertenec\u00edan a la comunidad de Arr\u00e1s, conocidas como las m\u00e1rtires de Cambrai. Murieron aguillotinadas v\u00edctimas de la&hellip;","_links":{"self":[{"href":"https:\/\/hdlcecuador.com\/index.php\/wp-json\/wp\/v2\/posts\/6589"}],"collection":[{"href":"https:\/\/hdlcecuador.com\/index.php\/wp-json\/wp\/v2\/posts"}],"about":[{"href":"https:\/\/hdlcecuador.com\/index.php\/wp-json\/wp\/v2\/types\/post"}],"author":[{"embeddable":true,"href":"https:\/\/hdlcecuador.com\/index.php\/wp-json\/wp\/v2\/users\/1"}],"replies":[{"embeddable":true,"href":"https:\/\/hdlcecuador.com\/index.php\/wp-json\/wp\/v2\/comments?post=6589"}],"version-history":[{"count":1,"href":"https:\/\/hdlcecuador.com\/index.php\/wp-json\/wp\/v2\/posts\/6589\/revisions"}],"predecessor-version":[{"id":11442,"href":"https:\/\/hdlcecuador.com\/index.php\/wp-json\/wp\/v2\/posts\/6589\/revisions\/11442"}],"wp:featuredmedia":[{"embeddable":true,"href":"https:\/\/hdlcecuador.com\/index.php\/wp-json\/wp\/v2\/media\/2915"}],"wp:attachment":[{"href":"https:\/\/hdlcecuador.com\/index.php\/wp-json\/wp\/v2\/media?parent=6589"}],"wp:term":[{"taxonomy":"category","embeddable":true,"href":"https:\/\/hdlcecuador.com\/index.php\/wp-json\/wp\/v2\/categories?post=6589"},{"taxonomy":"post_tag","embeddable":true,"href":"https:\/\/hdlcecuador.com\/index.php\/wp-json\/wp\/v2\/tags?post=6589"},{"taxonomy":"post_folder","embeddable":true,"href":"https:\/\/hdlcecuador.com\/index.php\/wp-json\/wp\/v2\/post_folder?post=6589"}],"curies":[{"name":"wp","href":"https:\/\/api.w.org\/{rel}","templated":true}]}}