{"id":6643,"date":"2020-12-12T06:09:47","date_gmt":"2020-12-12T06:09:47","guid":{"rendered":"https:\/\/hdlcecuador.com\/?p=6643"},"modified":"2021-10-13T03:13:48","modified_gmt":"2021-10-13T03:13:48","slug":"beata-marta-maria-wiecka","status":"publish","type":"post","link":"https:\/\/hdlcecuador.com\/index.php\/2020\/12\/12\/beata-marta-maria-wiecka\/","title":{"rendered":"B. Sor Marta Mar\u00eda Wiecka &#8211; 30 de Mayo"},"content":{"rendered":"\t\t<div data-elementor-type=\"wp-post\" data-elementor-id=\"6643\" class=\"elementor elementor-6643\">\n\t\t\t\t\t\t<section class=\"elementor-section elementor-top-section elementor-element elementor-element-c7aaa12 elementor-section-height-min-height elementor-section-boxed elementor-section-height-default elementor-section-items-middle\" data-id=\"c7aaa12\" data-element_type=\"section\" data-settings=\"{&quot;background_background&quot;:&quot;classic&quot;}\">\n\t\t\t\t\t\t<div class=\"elementor-container elementor-column-gap-no\">\n\t\t\t\t\t<div class=\"elementor-column elementor-col-100 elementor-top-column elementor-element elementor-element-a85a4ab\" data-id=\"a85a4ab\" data-element_type=\"column\">\n\t\t\t<div class=\"elementor-widget-wrap elementor-element-populated\">\n\t\t\t\t\t\t<section class=\"elementor-section elementor-inner-section elementor-element elementor-element-17572ef elementor-section-boxed elementor-section-height-default elementor-section-height-default\" data-id=\"17572ef\" data-element_type=\"section\">\n\t\t\t\t\t\t<div class=\"elementor-container elementor-column-gap-default\">\n\t\t\t\t\t<div class=\"elementor-column elementor-col-50 elementor-inner-column elementor-element elementor-element-750ed39\" data-id=\"750ed39\" data-element_type=\"column\">\n\t\t\t<div class=\"elementor-widget-wrap elementor-element-populated\">\n\t\t\t\t\t\t<div class=\"elementor-element elementor-element-993259f elementor-widget elementor-widget-elementskit-heading\" data-id=\"993259f\" data-element_type=\"widget\" data-widget_type=\"elementskit-heading.default\">\n\t\t\t\t<div class=\"elementor-widget-container\">\n\t\t\t\t\t<div class=\"ekit-wid-con\" ><div class=\"ekit-heading elementskit-section-title-wraper text_left   ekit_heading_tablet-   ekit_heading_mobile-\"><span class=\"elementskit-section-subtitle  elementskit-style-border\">\n\t\t\t\t\t\tSant@s y Beat@s Vicentinos\n\t\t\t\t\t<\/span><h2 class=\"ekit-heading--title elementskit-section-title \">Beata Marta Mar\u00eda Wiecka - 30 de Mayo<\/h2><\/div><\/div>\t\t\t\t<\/div>\n\t\t\t\t<\/div>\n\t\t\t\t\t<\/div>\n\t\t<\/div>\n\t\t\t\t<div class=\"elementor-column elementor-col-50 elementor-inner-column elementor-element elementor-element-f8e45c2\" data-id=\"f8e45c2\" data-element_type=\"column\">\n\t\t\t<div class=\"elementor-widget-wrap elementor-element-populated\">\n\t\t\t\t\t\t<div class=\"elementor-element elementor-element-866409c elementor-widget elementor-widget-image\" data-id=\"866409c\" data-element_type=\"widget\" data-widget_type=\"image.default\">\n\t\t\t\t<div class=\"elementor-widget-container\">\n\t\t\t\t\t\t\t\t\t\t\t\t\t\t\t<img decoding=\"async\" src=\"https:\/\/hdlcecuador.com\/wp-content\/uploads\/2020\/12\/logotipo-1.png\" title=\"\" alt=\"\" loading=\"lazy\" \/>\t\t\t\t\t\t\t\t\t\t\t\t\t\t\t<\/div>\n\t\t\t\t<\/div>\n\t\t\t\t\t<\/div>\n\t\t<\/div>\n\t\t\t\t\t<\/div>\n\t\t<\/section>\n\t\t\t\t\t<\/div>\n\t\t<\/div>\n\t\t\t\t\t<\/div>\n\t\t<\/section>\n\t\t\t\t<section class=\"elementor-section elementor-top-section elementor-element elementor-element-dedfdb1 elementor-section-boxed elementor-section-height-default elementor-section-height-default\" data-id=\"dedfdb1\" data-element_type=\"section\" data-settings=\"{&quot;background_background&quot;:&quot;classic&quot;}\">\n\t\t\t\t\t\t\t<div class=\"elementor-background-overlay\"><\/div>\n\t\t\t\t\t\t\t<div class=\"elementor-container elementor-column-gap-default\">\n\t\t\t\t\t<div class=\"elementor-column elementor-col-100 elementor-top-column elementor-element elementor-element-48b7ec1\" data-id=\"48b7ec1\" data-element_type=\"column\">\n\t\t\t<div class=\"elementor-widget-wrap elementor-element-populated\">\n\t\t\t\t\t\t<div class=\"elementor-element elementor-element-4c16c5b elementor-widget elementor-widget-heading\" data-id=\"4c16c5b\" data-element_type=\"widget\" data-widget_type=\"heading.default\">\n\t\t\t\t<div class=\"elementor-widget-container\">\n\t\t\t\t\t<h2 class=\"elementor-heading-title elementor-size-large\">Beata Vicentina<\/h2>\t\t\t\t<\/div>\n\t\t\t\t<\/div>\n\t\t\t\t<section class=\"elementor-section elementor-inner-section elementor-element elementor-element-8f83351 elementor-section-boxed elementor-section-height-default elementor-section-height-default\" data-id=\"8f83351\" data-element_type=\"section\">\n\t\t\t\t\t\t<div class=\"elementor-container elementor-column-gap-default\">\n\t\t\t\t\t<div class=\"elementor-column elementor-col-50 elementor-inner-column elementor-element elementor-element-f18c426\" data-id=\"f18c426\" data-element_type=\"column\">\n\t\t\t<div class=\"elementor-widget-wrap elementor-element-populated\">\n\t\t\t\t\t\t<div class=\"elementor-element elementor-element-a579dfb elementor-widget elementor-widget-text-editor\" data-id=\"a579dfb\" data-element_type=\"widget\" data-widget_type=\"text-editor.default\">\n\t\t\t\t<div class=\"elementor-widget-container\">\n\t\t\t\t\t\t\t\t\t<p><strong>La vida de Sor Marta Wiecka fue corta. S\u00f3lo 30 a\u00f1os fueron suficientes para alcanzar las cumbres de la santidad. Fue una aut\u00e9ntica Hija de la Caridad. Su entrega total al Se\u00f1or y a los pobres fue testimonio atrayente para quienes viv\u00edan junto a ella. Serv\u00eda a los enfermos, miembros dolientes de Cristo con el estilo vicenciano de humildad, sencillez y caridad.<\/strong><\/p><p>Naci\u00f3 el 12 de enero de 1874 en Nowy Wiec al noroeste de Polonia. Fue bautizada seis d\u00edas despu\u00e9s con los nombres de Marta Ana.<\/p>\t\t\t\t\t\t\t\t<\/div>\n\t\t\t\t<\/div>\n\t\t\t\t\t<\/div>\n\t\t<\/div>\n\t\t\t\t<div class=\"elementor-column elementor-col-50 elementor-inner-column elementor-element elementor-element-2c2ea8f\" data-id=\"2c2ea8f\" data-element_type=\"column\">\n\t\t\t<div class=\"elementor-widget-wrap elementor-element-populated\">\n\t\t\t\t\t\t<div class=\"elementor-element elementor-element-4b59978 elementor-widget elementor-widget-image\" data-id=\"4b59978\" data-element_type=\"widget\" data-widget_type=\"image.default\">\n\t\t\t\t<div class=\"elementor-widget-container\">\n\t\t\t\t\t\t\t\t\t\t\t\t\t\t\t<img decoding=\"async\" src=\"https:\/\/hdlcecuador.com\/wp-content\/uploads\/elementor\/thumbs\/Beata_Marta_Maria-Wiecka-30-05-ozl2deovis7vehyrl0jqc3un562t9u59qcr8fsieu8.jpg\" title=\"Beata_Marta_Maria-Wiecka-30-05\" alt=\"Beata_Marta_Maria-Wiecka-30-05\" loading=\"lazy\" \/>\t\t\t\t\t\t\t\t\t\t\t\t\t\t\t<\/div>\n\t\t\t\t<\/div>\n\t\t\t\t\t<\/div>\n\t\t<\/div>\n\t\t\t\t\t<\/div>\n\t\t<\/section>\n\t\t\t\t<div class=\"elementor-element elementor-element-67b8720 elementor-widget elementor-widget-text-editor\" data-id=\"67b8720\" data-element_type=\"widget\" data-widget_type=\"text-editor.default\">\n\t\t\t\t<div class=\"elementor-widget-container\">\n\t\t\t\t\t\t\t\t\t<p>Era la tercera de los 13 hijos de Marcelino y Paulina. Sus padres, due\u00f1os de un campo de cien hect\u00e1reas, viv\u00edan un ambiente de fe profunda. En la casa de Marta se rezaba el Rosario en familia todos los d\u00edas, se le\u00edan las biograf\u00edas de los santos u otros libros religiosos, y se compart\u00eda el contenido de la homil\u00eda dominical.\u00a0<\/p><p>El Estado polaco hab\u00eda desaparecido del mapa de Europa en el a\u00f1o 1795 despu\u00e9s de las tres reparticiones sucesivas de su territorio entre Austria, Prusia y Rusia. Nowy Wiec se hallaba en la regi\u00f3n prusiana cuyas autoridades, aplicando m\u00e9todos impositivos y a veces brutales, somet\u00edan a la poblaci\u00f3n a una germanizaci\u00f3n forzosa. La familia Wiecka, juntamente con otras muchas, constituyeron la base de la oposici\u00f3n ante la invasi\u00f3n germ\u00e1nica.\u00a0<\/p><p>A la edad de dos a\u00f1os Marta cay\u00f3 tan gravemente enferma, que estuvo a las puertas de la muerte. La mejor\u00eda radical sucedi\u00f3 tras una insistente oraci\u00f3n a la Virgen en su santuario de Piaseczno. La familia interpret\u00f3 este hecho como milagro, e impuls\u00f3 a Marta a mantener siempre una relaci\u00f3n cercana y filial con la sant\u00edsima Virgen. Toda su vida estuvo marcada por la devoci\u00f3n mariana. Ella misma afirmaba que recurr\u00eda a la Virgen en todas sus necesidades y Mar\u00eda jam\u00e1s le hab\u00eda negado nada de lo que ped\u00eda.\u00a0<\/p><p>Desde su infancia, Marta ayudaba en casa cuanto pod\u00eda. Los vecinos testimoniaron que era una chica piadosa, amable y humilde de coraz\u00f3n, de car\u00e1cter recto; sobre todo, irradiaba serenidad y alegr\u00eda. Su familia y sus vecinos conoc\u00edan tambi\u00e9n su honda devoci\u00f3n a San Juan Nepomuceno. Siendo ni\u00f1a encontr\u00f3 una estatua de este santo y organiz\u00f3 su restauraci\u00f3n, tras la cual fue colocada frente a su casa. Muchas veces se la pod\u00eda ver rezando ante ella; y durante toda la vida conserv\u00f3 la devoci\u00f3n a este santo.\u00a0<\/p><p>El 3 de octubre de 1886, a los 12 a\u00f1os de edad, recibi\u00f3 la primera Comuni\u00f3n. A partir de esta fecha, su uni\u00f3n con Jesucristo Eucarist\u00eda se fortaleci\u00f3 y su vida de oraci\u00f3n se centr\u00f3 totalmente en \u00e9l. Cuando pod\u00eda, se dirig\u00eda a la iglesia parroquial, a 12 kil\u00f3metros de Nowy Wiec, para participar en la Eucarist\u00eda. En su casa dedicaba frecuentemente su tiempo a la oraci\u00f3n. Cuando su madre se enferm\u00f3, la reemplaz\u00f3 en algunos trabajos de la casa, sobre todo en el cuidado de los ni\u00f1os m\u00e1s peque\u00f1os.\u00a0<\/p><p>A los diecis\u00e9is a\u00f1os pidi\u00f3 el ingreso en la Compa\u00f1\u00eda de las Hijas de la Caridad. La visitadora la hizo esperar dos a\u00f1os, hasta alcanzar la edad exigida. En el a\u00f1o 1892, a los 18 a\u00f1os lo solicit\u00f3 de nuevo con su amiga M\u00f3nica Gdaniec, pero no fue admitida en Chelmno porque hab\u00eda exceso de postulantes. Entonces el n\u00famero de admisiones estaba restringido por las autoridades prusianas. Ambas amigas, viajaron a Cracovia, que estaba entonces bajo el dominio austriaco, y all\u00ed, el 26 de abril de 1892, fueron admitidas en el postulantado. Despu\u00e9s de cuatro meses, el 12 de agosto, entraron en el noviciado. All\u00ed, durante ocho meses de formaci\u00f3n inicial, asimil\u00f3 el ideal de las Hijas de la Caridad que iba a desarrollar en los a\u00f1os posteriores.\u00a0<\/p><p>Despu\u00e9s de la toma de h\u00e1bito, el 21 de abril de 1893, sor Marta fue destinada al Hospital general de Lvov, que se hallaba en la parte austriaca, y pertenec\u00eda a la provincia de Cracovia. Muy pronto se gan\u00f3 la estima de una hermana por su amor y servicio a los enfermos con gran entrega y abnegaci\u00f3n. La estancia en Lvov dur\u00f3 a\u00f1o y medio. Luego fue trasladada al peque\u00f1o hospital de Podhajce, donde durante cinco a\u00f1os tambi\u00e9n dio testimonio de devoci\u00f3n y cari\u00f1o en el cuidado de los pacientes. En este hospital emiti\u00f3 los primeros votos, el 15 de agosto de 1897, ratificando su entrega total a Dios para servirle en los m\u00e1s pobres.<\/p><p>En 1899 fue destinada al hospital de Bochnia, ciudad cercana a Cracovia. En ese tiempo sor Marta tuvo una visi\u00f3n de la cruz, desde la cual le habl\u00f3 el Se\u00f1or anim\u00e1ndola a soportar todas las contrariedades y le prometi\u00f3 llevarla pronto consigo. Este acontecimiento despert\u00f3 en ella un celo todav\u00eda m\u00e1s intenso en su trabajo y una fuerte a\u00f1oranza del cielo. La prueba anunciada no tard\u00f3 en llegar. Un hombre desmoralizado, al salir del hospital, divulg\u00f3 por la ciudad la falsa noticia de que Sor Marta hab\u00eda quedado embarazada por su relaci\u00f3n amorosa con un paciente joven, pariente del p\u00e1rroco. A partir de entonces cay\u00f3 sobre ella una ola de afrentas maliciosas de parte de los habitantes de la ciudad. Ella no dej\u00f3 de cumplir sus deberes con la servicialidad y cari\u00f1o de siempre. A pesar de sufrir persecuci\u00f3n moral, soportaba esta calumnia en silencio abandon\u00e1ndose en manos de Dios.\u00a0<\/p><p>En el a\u00f1o 1902 fue destinada al hospital de Sniatyn (hoy en Ucrania). El p\u00e1rroco del lugar pronto se dio cuenta de la profundidad espiritual de sor Marta y de su don de discernimiento de las almas. Y empez\u00f3 a enviarle personas que no necesitaban cuidados de enfermer\u00eda sino consejo y direcci\u00f3n espiritual. Sor Marta no se limitaba s\u00f3lo a esta tarea; socorr\u00eda y serv\u00eda con fervor a todos los necesitados.\u00a0<\/p><p>Amaba mucho su vocaci\u00f3n e irradiaba alegr\u00eda y satisfacci\u00f3n en su entrega a los pobres. Siempre ten\u00eda una sonrisa sincera en su rostro. Sab\u00eda establecer empat\u00eda con sus pacientes cuyos sufrimientos f\u00edsicos y morales aliviaba. De forma discreta y callada les ayudaba en la preparaci\u00f3n para la confesi\u00f3n, les instru\u00eda sobre la doctrina de la fe, les ayudaba a resolver los problemas en coherencia con su visi\u00f3n cristiana de la vida. Para el rezo del v\u00eda crucis en la capilla la acompa\u00f1aban habitualmente cerca de cuarenta enfermos.\u00a0<\/p><p>Pose\u00eda un don singular para reconciliar las almas con Dios. En su departamento nadie mor\u00eda sin confesarse e incluso, m\u00e1s de una vez, algunos pacientes jud\u00edos pidieron ser bautizados. Sor Marta trataba con la misma atenci\u00f3n y caridad a todos los enfermos, fueran polacos, ucranios o jud\u00edos, greco-cat\u00f3licos, ortodoxos o cat\u00f3licos. La fuerza para servir con esta entrega radical le ven\u00eda de la oraci\u00f3n.\u00a0<\/p><p>Tanto su vida como su muerte estuvieron selladas por el amor aut\u00e9ntico a Dios y al pr\u00f3jimo, fuente y centro de su existencia. En 1904, consciente del peligro que esto conllevaba, se ofreci\u00f3 a sustituir a un empleado del hospital en la desinfecci\u00f3n de una habitaci\u00f3n donde hab\u00eda muerto una enferma de tifus. Sor Marta realiz\u00f3 este trabajo de buen grado. Y lo hizo para que no se contagiase el operario que deb\u00eda hacerlo, cuyo trabajo constitu\u00eda el sustento de su mujer e hijo.<\/p><p>Sor Marta sinti\u00f3 la fiebre enseguida, pero se empe\u00f1\u00f3 en terminar todas sus actividades. Durante la \u00faltima semana en el hospital se hizo todo lo posible para curarla. A estos esfuerzos les acompa\u00f1aba una continua oraci\u00f3n de pacientes y empleados del hospital y personas buenas de toda la ciudad. Los jud\u00edos encend\u00edan velas en la sinagoga por sus intenciones. Gran n\u00famero de personas esperaba frente al hospital interes\u00e1ndose por su salud. Despu\u00e9s de recibir el santo Vi\u00e1tico, sor Marta realiz\u00f3 una oraci\u00f3n intensa y profunda, considerada por los testigos como un verdadero \u00e9xtasis. Muri\u00f3 serenamente, en Sniatyn, el 30 de mayo de 1904.\u00a0<\/p><p>Los fieles del lugar cuidaron y veneraron la tumba de sor Marta. Durante m\u00e1s de cien a\u00f1os ha estado continuamente cubierta de flores, velas y una especie de tapetes bordados, muy tradicionales en esa regi\u00f3n. Aun en los a\u00f1os del r\u00e9gimen sovi\u00e9tico acud\u00edan a ella, y as\u00ed lo siguen haciendo en la actualidad los peregrinos y habitantes del lugar.<\/p><p>Reproducido con autorizaci\u00f3n de\u00a0<a href=\"http:\/\/www.vatican.va\/\">Vatican.va<\/a><\/p><p><strong><a href=\"http:\/\/martawiecka.pl\/?page_id=48\">http:\/\/martawiecka.pl\/?page_id=48<\/a><\/strong><\/p>\t\t\t\t\t\t\t\t<\/div>\n\t\t\t\t<\/div>\n\t\t\t\t\t<\/div>\n\t\t<\/div>\n\t\t\t\t\t<\/div>\n\t\t<\/section>\n\t\t\t\t<\/div>\n\t\t","protected":false},"excerpt":{"rendered":"<p>Sant@s y Beat@s Vicentinos Beata Marta Mar\u00eda Wiecka &#8211; 30 de Mayo Beata Vicentina La vida de Sor Marta Wiecka fue corta. S\u00f3lo 30 a\u00f1os fueron suficientes para alcanzar las cumbres de la santidad. Fue una aut\u00e9ntica Hija de la Caridad. Su entrega total al Se\u00f1or y a los pobres fue testimonio atrayente para quienes [&hellip;]<\/p>\n","protected":false},"author":1,"featured_media":2910,"comment_status":"open","ping_status":"open","sticky":false,"template":"elementor_header_footer","format":"standard","meta":{"ocean_post_layout":"full-screen","ocean_both_sidebars_style":"","ocean_both_sidebars_content_width":0,"ocean_both_sidebars_sidebars_width":0,"ocean_sidebar":"0","ocean_second_sidebar":"0","ocean_disable_margins":"enable","ocean_add_body_class":"","ocean_shortcode_before_top_bar":"","ocean_shortcode_after_top_bar":"","ocean_shortcode_before_header":"","ocean_shortcode_after_header":"","ocean_has_shortcode":"","ocean_shortcode_after_title":"","ocean_shortcode_before_footer_widgets":"","ocean_shortcode_after_footer_widgets":"","ocean_shortcode_before_footer_bottom":"","ocean_shortcode_after_footer_bottom":"","ocean_display_top_bar":"off","ocean_display_header":"default","ocean_header_style":"transparent","ocean_center_header_left_menu":"0","ocean_custom_header_template":"0","ocean_custom_logo":0,"ocean_custom_retina_logo":0,"ocean_custom_logo_max_width":0,"ocean_custom_logo_tablet_max_width":0,"ocean_custom_logo_mobile_max_width":0,"ocean_custom_logo_max_height":0,"ocean_custom_logo_tablet_max_height":0,"ocean_custom_logo_mobile_max_height":0,"ocean_header_custom_menu":"0","ocean_menu_typo_font_family":"0","ocean_menu_typo_font_subset":"","ocean_menu_typo_font_size":0,"ocean_menu_typo_font_size_tablet":0,"ocean_menu_typo_font_size_mobile":0,"ocean_menu_typo_font_size_unit":"px","ocean_menu_typo_font_weight":"","ocean_menu_typo_font_weight_tablet":"","ocean_menu_typo_font_weight_mobile":"","ocean_menu_typo_transform":"","ocean_menu_typo_transform_tablet":"","ocean_menu_typo_transform_mobile":"","ocean_menu_typo_line_height":0,"ocean_menu_typo_line_height_tablet":0,"ocean_menu_typo_line_height_mobile":0,"ocean_menu_typo_line_height_unit":"","ocean_menu_typo_spacing":0,"ocean_menu_typo_spacing_tablet":0,"ocean_menu_typo_spacing_mobile":0,"ocean_menu_typo_spacing_unit":"","ocean_menu_link_color":"","ocean_menu_link_color_hover":"","ocean_menu_link_color_active":"","ocean_menu_link_background":"","ocean_menu_link_hover_background":"","ocean_menu_link_active_background":"","ocean_menu_social_links_bg":"","ocean_menu_social_hover_links_bg":"","ocean_menu_social_links_color":"","ocean_menu_social_hover_links_color":"","ocean_disable_title":"on","ocean_disable_heading":"default","ocean_post_title":"","ocean_post_subheading":"","ocean_post_title_style":"","ocean_post_title_background_color":"","ocean_post_title_background":0,"ocean_post_title_bg_image_position":"","ocean_post_title_bg_image_attachment":"","ocean_post_title_bg_image_repeat":"","ocean_post_title_bg_image_size":"","ocean_post_title_height":0,"ocean_post_title_bg_overlay":0.5,"ocean_post_title_bg_overlay_color":"","ocean_disable_breadcrumbs":"default","ocean_breadcrumbs_color":"","ocean_breadcrumbs_separator_color":"","ocean_breadcrumbs_links_color":"","ocean_breadcrumbs_links_hover_color":"","ocean_display_footer_widgets":"default","ocean_display_footer_bottom":"default","ocean_custom_footer_template":"0","ocean_post_oembed":"","ocean_post_self_hosted_media":"","ocean_post_video_embed":"","ocean_link_format":"","ocean_link_format_target":"self","ocean_quote_format":"","ocean_quote_format_link":"post","ocean_gallery_link_images":"off","ocean_gallery_id":[],"footnotes":""},"categories":[296],"tags":[],"post_folder":[295],"class_list":["post-6643","post","type-post","status-publish","format-standard","has-post-thumbnail","hentry","category-santosybeatosvic","entry","has-media"],"yoast_head":"<!-- This site is optimized with the Yoast SEO plugin v25.6 - https:\/\/yoast.com\/wordpress\/plugins\/seo\/ -->\n<title>B. Sor Marta Mar\u00eda Wiecka - 30 de Mayo - Compa\u00f1\u00eda HDLC Ecuador<\/title>\n<meta name=\"robots\" content=\"index, follow, max-snippet:-1, max-image-preview:large, max-video-preview:-1\" \/>\n<link rel=\"canonical\" href=\"https:\/\/hdlcecuador.com\/index.php\/2020\/12\/12\/beata-marta-maria-wiecka\/\" \/>\n<meta property=\"og:locale\" content=\"es_ES\" \/>\n<meta property=\"og:type\" content=\"article\" \/>\n<meta property=\"og:title\" content=\"B. Sor Marta Mar\u00eda Wiecka - 30 de Mayo - Compa\u00f1\u00eda HDLC Ecuador\" \/>\n<meta property=\"og:description\" content=\"Sant@s y Beat@s Vicentinos Beata Marta Mar\u00eda Wiecka &#8211; 30 de Mayo Beata Vicentina La vida de Sor Marta Wiecka fue corta. S\u00f3lo 30 a\u00f1os fueron suficientes para alcanzar las cumbres de la santidad. Fue una aut\u00e9ntica Hija de la Caridad. Su entrega total al Se\u00f1or y a los pobres fue testimonio atrayente para quienes [&hellip;]\" \/>\n<meta property=\"og:url\" content=\"https:\/\/hdlcecuador.com\/index.php\/2020\/12\/12\/beata-marta-maria-wiecka\/\" \/>\n<meta property=\"og:site_name\" content=\"Compa\u00f1\u00eda HDLC Ecuador\" \/>\n<meta property=\"article:published_time\" content=\"2020-12-12T06:09:47+00:00\" \/>\n<meta property=\"article:modified_time\" content=\"2021-10-13T03:13:48+00:00\" \/>\n<meta property=\"og:image\" content=\"https:\/\/hdlcecuador.com\/wp-content\/uploads\/2020\/12\/Beata_Marta_Maria-Wiecka-30-05.jpg\" \/>\n\t<meta property=\"og:image:width\" content=\"550\" \/>\n\t<meta property=\"og:image:height\" content=\"550\" \/>\n\t<meta property=\"og:image:type\" content=\"image\/jpeg\" \/>\n<meta name=\"author\" content=\"administrador\" \/>\n<meta name=\"twitter:card\" content=\"summary_large_image\" \/>\n<meta name=\"twitter:label1\" content=\"Escrito por\" \/>\n\t<meta name=\"twitter:data1\" content=\"administrador\" \/>\n\t<meta name=\"twitter:label2\" content=\"Tiempo de lectura\" \/>\n\t<meta name=\"twitter:data2\" content=\"8 minutos\" \/>\n<script type=\"application\/ld+json\" class=\"yoast-schema-graph\">{\"@context\":\"https:\/\/schema.org\",\"@graph\":[{\"@type\":\"Article\",\"@id\":\"https:\/\/hdlcecuador.com\/index.php\/2020\/12\/12\/beata-marta-maria-wiecka\/#article\",\"isPartOf\":{\"@id\":\"https:\/\/hdlcecuador.com\/index.php\/2020\/12\/12\/beata-marta-maria-wiecka\/\"},\"author\":{\"name\":\"administrador\",\"@id\":\"https:\/\/hdlcecuador.com\/#\/schema\/person\/88e13c2d15509f9620a744e935829dab\"},\"headline\":\"B. Sor Marta Mar\u00eda Wiecka &#8211; 30 de Mayo\",\"datePublished\":\"2020-12-12T06:09:47+00:00\",\"dateModified\":\"2021-10-13T03:13:48+00:00\",\"mainEntityOfPage\":{\"@id\":\"https:\/\/hdlcecuador.com\/index.php\/2020\/12\/12\/beata-marta-maria-wiecka\/\"},\"wordCount\":1519,\"commentCount\":0,\"publisher\":{\"@id\":\"https:\/\/hdlcecuador.com\/#organization\"},\"image\":{\"@id\":\"https:\/\/hdlcecuador.com\/index.php\/2020\/12\/12\/beata-marta-maria-wiecka\/#primaryimage\"},\"thumbnailUrl\":\"https:\/\/hdlcecuador.com\/wp-content\/uploads\/2020\/12\/Beata_Marta_Maria-Wiecka-30-05.jpg\",\"articleSection\":[\"Sant@s y Beat@s Vicentinos\"],\"inLanguage\":\"es\",\"potentialAction\":[{\"@type\":\"CommentAction\",\"name\":\"Comment\",\"target\":[\"https:\/\/hdlcecuador.com\/index.php\/2020\/12\/12\/beata-marta-maria-wiecka\/#respond\"]}]},{\"@type\":\"WebPage\",\"@id\":\"https:\/\/hdlcecuador.com\/index.php\/2020\/12\/12\/beata-marta-maria-wiecka\/\",\"url\":\"https:\/\/hdlcecuador.com\/index.php\/2020\/12\/12\/beata-marta-maria-wiecka\/\",\"name\":\"B. Sor Marta Mar\u00eda Wiecka - 30 de Mayo - Compa\u00f1\u00eda HDLC Ecuador\",\"isPartOf\":{\"@id\":\"https:\/\/hdlcecuador.com\/#website\"},\"primaryImageOfPage\":{\"@id\":\"https:\/\/hdlcecuador.com\/index.php\/2020\/12\/12\/beata-marta-maria-wiecka\/#primaryimage\"},\"image\":{\"@id\":\"https:\/\/hdlcecuador.com\/index.php\/2020\/12\/12\/beata-marta-maria-wiecka\/#primaryimage\"},\"thumbnailUrl\":\"https:\/\/hdlcecuador.com\/wp-content\/uploads\/2020\/12\/Beata_Marta_Maria-Wiecka-30-05.jpg\",\"datePublished\":\"2020-12-12T06:09:47+00:00\",\"dateModified\":\"2021-10-13T03:13:48+00:00\",\"breadcrumb\":{\"@id\":\"https:\/\/hdlcecuador.com\/index.php\/2020\/12\/12\/beata-marta-maria-wiecka\/#breadcrumb\"},\"inLanguage\":\"es\",\"potentialAction\":[{\"@type\":\"ReadAction\",\"target\":[\"https:\/\/hdlcecuador.com\/index.php\/2020\/12\/12\/beata-marta-maria-wiecka\/\"]}]},{\"@type\":\"ImageObject\",\"inLanguage\":\"es\",\"@id\":\"https:\/\/hdlcecuador.com\/index.php\/2020\/12\/12\/beata-marta-maria-wiecka\/#primaryimage\",\"url\":\"https:\/\/hdlcecuador.com\/wp-content\/uploads\/2020\/12\/Beata_Marta_Maria-Wiecka-30-05.jpg\",\"contentUrl\":\"https:\/\/hdlcecuador.com\/wp-content\/uploads\/2020\/12\/Beata_Marta_Maria-Wiecka-30-05.jpg\",\"width\":550,\"height\":550},{\"@type\":\"BreadcrumbList\",\"@id\":\"https:\/\/hdlcecuador.com\/index.php\/2020\/12\/12\/beata-marta-maria-wiecka\/#breadcrumb\",\"itemListElement\":[{\"@type\":\"ListItem\",\"position\":1,\"name\":\"Portada\",\"item\":\"https:\/\/hdlcecuador.com\/\"},{\"@type\":\"ListItem\",\"position\":2,\"name\":\"B. Sor Marta Mar\u00eda Wiecka &#8211; 30 de Mayo\"}]},{\"@type\":\"WebSite\",\"@id\":\"https:\/\/hdlcecuador.com\/#website\",\"url\":\"https:\/\/hdlcecuador.com\/\",\"name\":\"Compa\u00f1\u00eda HDLC Ecuador\",\"description\":\"Sitio Web Oficial de las Compa\u00f1ia de las Hijas de la Caridad en Ecuador\",\"publisher\":{\"@id\":\"https:\/\/hdlcecuador.com\/#organization\"},\"potentialAction\":[{\"@type\":\"SearchAction\",\"target\":{\"@type\":\"EntryPoint\",\"urlTemplate\":\"https:\/\/hdlcecuador.com\/?s={search_term_string}\"},\"query-input\":{\"@type\":\"PropertyValueSpecification\",\"valueRequired\":true,\"valueName\":\"search_term_string\"}}],\"inLanguage\":\"es\"},{\"@type\":\"Organization\",\"@id\":\"https:\/\/hdlcecuador.com\/#organization\",\"name\":\"Compa\u00f1\u00eda HDLC Ecuador\",\"url\":\"https:\/\/hdlcecuador.com\/\",\"logo\":{\"@type\":\"ImageObject\",\"inLanguage\":\"es\",\"@id\":\"https:\/\/hdlcecuador.com\/#\/schema\/logo\/image\/\",\"url\":\"https:\/\/hdlcecuador.com\/wp-content\/uploads\/2021\/03\/cropped-logo-2-oficial-hor.-dere.png\",\"contentUrl\":\"https:\/\/hdlcecuador.com\/wp-content\/uploads\/2021\/03\/cropped-logo-2-oficial-hor.-dere.png\",\"width\":1800,\"height\":980,\"caption\":\"Compa\u00f1\u00eda HDLC Ecuador\"},\"image\":{\"@id\":\"https:\/\/hdlcecuador.com\/#\/schema\/logo\/image\/\"}},{\"@type\":\"Person\",\"@id\":\"https:\/\/hdlcecuador.com\/#\/schema\/person\/88e13c2d15509f9620a744e935829dab\",\"name\":\"administrador\",\"image\":{\"@type\":\"ImageObject\",\"inLanguage\":\"es\",\"@id\":\"https:\/\/hdlcecuador.com\/#\/schema\/person\/image\/\",\"url\":\"https:\/\/secure.gravatar.com\/avatar\/64ac484ddbbff6a120df480c03610bb6?s=96&d=mm&r=g\",\"contentUrl\":\"https:\/\/secure.gravatar.com\/avatar\/64ac484ddbbff6a120df480c03610bb6?s=96&d=mm&r=g\",\"caption\":\"administrador\"},\"sameAs\":[\"https:\/\/hdlcecuador.com\"],\"url\":\"https:\/\/hdlcecuador.com\/index.php\/author\/administrador\/\"}]}<\/script>\n<!-- \/ Yoast SEO plugin. -->","yoast_head_json":{"title":"B. Sor Marta Mar\u00eda Wiecka - 30 de Mayo - Compa\u00f1\u00eda HDLC Ecuador","robots":{"index":"index","follow":"follow","max-snippet":"max-snippet:-1","max-image-preview":"max-image-preview:large","max-video-preview":"max-video-preview:-1"},"canonical":"https:\/\/hdlcecuador.com\/index.php\/2020\/12\/12\/beata-marta-maria-wiecka\/","og_locale":"es_ES","og_type":"article","og_title":"B. Sor Marta Mar\u00eda Wiecka - 30 de Mayo - Compa\u00f1\u00eda HDLC Ecuador","og_description":"Sant@s y Beat@s Vicentinos Beata Marta Mar\u00eda Wiecka &#8211; 30 de Mayo Beata Vicentina La vida de Sor Marta Wiecka fue corta. S\u00f3lo 30 a\u00f1os fueron suficientes para alcanzar las cumbres de la santidad. Fue una aut\u00e9ntica Hija de la Caridad. Su entrega total al Se\u00f1or y a los pobres fue testimonio atrayente para quienes [&hellip;]","og_url":"https:\/\/hdlcecuador.com\/index.php\/2020\/12\/12\/beata-marta-maria-wiecka\/","og_site_name":"Compa\u00f1\u00eda HDLC Ecuador","article_published_time":"2020-12-12T06:09:47+00:00","article_modified_time":"2021-10-13T03:13:48+00:00","og_image":[{"width":550,"height":550,"url":"https:\/\/hdlcecuador.com\/wp-content\/uploads\/2020\/12\/Beata_Marta_Maria-Wiecka-30-05.jpg","type":"image\/jpeg"}],"author":"administrador","twitter_card":"summary_large_image","twitter_misc":{"Escrito por":"administrador","Tiempo de lectura":"8 minutos"},"schema":{"@context":"https:\/\/schema.org","@graph":[{"@type":"Article","@id":"https:\/\/hdlcecuador.com\/index.php\/2020\/12\/12\/beata-marta-maria-wiecka\/#article","isPartOf":{"@id":"https:\/\/hdlcecuador.com\/index.php\/2020\/12\/12\/beata-marta-maria-wiecka\/"},"author":{"name":"administrador","@id":"https:\/\/hdlcecuador.com\/#\/schema\/person\/88e13c2d15509f9620a744e935829dab"},"headline":"B. Sor Marta Mar\u00eda Wiecka &#8211; 30 de Mayo","datePublished":"2020-12-12T06:09:47+00:00","dateModified":"2021-10-13T03:13:48+00:00","mainEntityOfPage":{"@id":"https:\/\/hdlcecuador.com\/index.php\/2020\/12\/12\/beata-marta-maria-wiecka\/"},"wordCount":1519,"commentCount":0,"publisher":{"@id":"https:\/\/hdlcecuador.com\/#organization"},"image":{"@id":"https:\/\/hdlcecuador.com\/index.php\/2020\/12\/12\/beata-marta-maria-wiecka\/#primaryimage"},"thumbnailUrl":"https:\/\/hdlcecuador.com\/wp-content\/uploads\/2020\/12\/Beata_Marta_Maria-Wiecka-30-05.jpg","articleSection":["Sant@s y Beat@s Vicentinos"],"inLanguage":"es","potentialAction":[{"@type":"CommentAction","name":"Comment","target":["https:\/\/hdlcecuador.com\/index.php\/2020\/12\/12\/beata-marta-maria-wiecka\/#respond"]}]},{"@type":"WebPage","@id":"https:\/\/hdlcecuador.com\/index.php\/2020\/12\/12\/beata-marta-maria-wiecka\/","url":"https:\/\/hdlcecuador.com\/index.php\/2020\/12\/12\/beata-marta-maria-wiecka\/","name":"B. Sor Marta Mar\u00eda Wiecka - 30 de Mayo - Compa\u00f1\u00eda HDLC Ecuador","isPartOf":{"@id":"https:\/\/hdlcecuador.com\/#website"},"primaryImageOfPage":{"@id":"https:\/\/hdlcecuador.com\/index.php\/2020\/12\/12\/beata-marta-maria-wiecka\/#primaryimage"},"image":{"@id":"https:\/\/hdlcecuador.com\/index.php\/2020\/12\/12\/beata-marta-maria-wiecka\/#primaryimage"},"thumbnailUrl":"https:\/\/hdlcecuador.com\/wp-content\/uploads\/2020\/12\/Beata_Marta_Maria-Wiecka-30-05.jpg","datePublished":"2020-12-12T06:09:47+00:00","dateModified":"2021-10-13T03:13:48+00:00","breadcrumb":{"@id":"https:\/\/hdlcecuador.com\/index.php\/2020\/12\/12\/beata-marta-maria-wiecka\/#breadcrumb"},"inLanguage":"es","potentialAction":[{"@type":"ReadAction","target":["https:\/\/hdlcecuador.com\/index.php\/2020\/12\/12\/beata-marta-maria-wiecka\/"]}]},{"@type":"ImageObject","inLanguage":"es","@id":"https:\/\/hdlcecuador.com\/index.php\/2020\/12\/12\/beata-marta-maria-wiecka\/#primaryimage","url":"https:\/\/hdlcecuador.com\/wp-content\/uploads\/2020\/12\/Beata_Marta_Maria-Wiecka-30-05.jpg","contentUrl":"https:\/\/hdlcecuador.com\/wp-content\/uploads\/2020\/12\/Beata_Marta_Maria-Wiecka-30-05.jpg","width":550,"height":550},{"@type":"BreadcrumbList","@id":"https:\/\/hdlcecuador.com\/index.php\/2020\/12\/12\/beata-marta-maria-wiecka\/#breadcrumb","itemListElement":[{"@type":"ListItem","position":1,"name":"Portada","item":"https:\/\/hdlcecuador.com\/"},{"@type":"ListItem","position":2,"name":"B. Sor Marta Mar\u00eda Wiecka &#8211; 30 de Mayo"}]},{"@type":"WebSite","@id":"https:\/\/hdlcecuador.com\/#website","url":"https:\/\/hdlcecuador.com\/","name":"Compa\u00f1\u00eda HDLC Ecuador","description":"Sitio Web Oficial de las Compa\u00f1ia de las Hijas de la Caridad en Ecuador","publisher":{"@id":"https:\/\/hdlcecuador.com\/#organization"},"potentialAction":[{"@type":"SearchAction","target":{"@type":"EntryPoint","urlTemplate":"https:\/\/hdlcecuador.com\/?s={search_term_string}"},"query-input":{"@type":"PropertyValueSpecification","valueRequired":true,"valueName":"search_term_string"}}],"inLanguage":"es"},{"@type":"Organization","@id":"https:\/\/hdlcecuador.com\/#organization","name":"Compa\u00f1\u00eda HDLC Ecuador","url":"https:\/\/hdlcecuador.com\/","logo":{"@type":"ImageObject","inLanguage":"es","@id":"https:\/\/hdlcecuador.com\/#\/schema\/logo\/image\/","url":"https:\/\/hdlcecuador.com\/wp-content\/uploads\/2021\/03\/cropped-logo-2-oficial-hor.-dere.png","contentUrl":"https:\/\/hdlcecuador.com\/wp-content\/uploads\/2021\/03\/cropped-logo-2-oficial-hor.-dere.png","width":1800,"height":980,"caption":"Compa\u00f1\u00eda HDLC Ecuador"},"image":{"@id":"https:\/\/hdlcecuador.com\/#\/schema\/logo\/image\/"}},{"@type":"Person","@id":"https:\/\/hdlcecuador.com\/#\/schema\/person\/88e13c2d15509f9620a744e935829dab","name":"administrador","image":{"@type":"ImageObject","inLanguage":"es","@id":"https:\/\/hdlcecuador.com\/#\/schema\/person\/image\/","url":"https:\/\/secure.gravatar.com\/avatar\/64ac484ddbbff6a120df480c03610bb6?s=96&d=mm&r=g","contentUrl":"https:\/\/secure.gravatar.com\/avatar\/64ac484ddbbff6a120df480c03610bb6?s=96&d=mm&r=g","caption":"administrador"},"sameAs":["https:\/\/hdlcecuador.com"],"url":"https:\/\/hdlcecuador.com\/index.php\/author\/administrador\/"}]}},"rttpg_featured_image_url":{"full":["https:\/\/hdlcecuador.com\/wp-content\/uploads\/2020\/12\/Beata_Marta_Maria-Wiecka-30-05.jpg",550,550,false],"landscape":["https:\/\/hdlcecuador.com\/wp-content\/uploads\/2020\/12\/Beata_Marta_Maria-Wiecka-30-05.jpg",550,550,false],"portraits":["https:\/\/hdlcecuador.com\/wp-content\/uploads\/2020\/12\/Beata_Marta_Maria-Wiecka-30-05.jpg",550,550,false],"thumbnail":["https:\/\/hdlcecuador.com\/wp-content\/uploads\/2020\/12\/Beata_Marta_Maria-Wiecka-30-05-150x150.jpg",150,150,true],"medium":["https:\/\/hdlcecuador.com\/wp-content\/uploads\/2020\/12\/Beata_Marta_Maria-Wiecka-30-05-300x300.jpg",300,300,true],"large":["https:\/\/hdlcecuador.com\/wp-content\/uploads\/2020\/12\/Beata_Marta_Maria-Wiecka-30-05.jpg",550,550,false],"thumblist":["https:\/\/hdlcecuador.com\/wp-content\/uploads\/2020\/12\/Beata_Marta_Maria-Wiecka-30-05.jpg",300,300,false],"meccarouselthumb":["https:\/\/hdlcecuador.com\/wp-content\/uploads\/2020\/12\/Beata_Marta_Maria-Wiecka-30-05.jpg",324,324,false],"gridsquare":["https:\/\/hdlcecuador.com\/wp-content\/uploads\/2020\/12\/Beata_Marta_Maria-Wiecka-30-05.jpg",260,260,false],"tileview":["https:\/\/hdlcecuador.com\/wp-content\/uploads\/2020\/12\/Beata_Marta_Maria-Wiecka-30-05.jpg",300,300,false],"1536x1536":["https:\/\/hdlcecuador.com\/wp-content\/uploads\/2020\/12\/Beata_Marta_Maria-Wiecka-30-05.jpg",550,550,false],"2048x2048":["https:\/\/hdlcecuador.com\/wp-content\/uploads\/2020\/12\/Beata_Marta_Maria-Wiecka-30-05.jpg",550,550,false],"ocean-thumb-m":["https:\/\/hdlcecuador.com\/wp-content\/uploads\/2020\/12\/Beata_Marta_Maria-Wiecka-30-05.jpg",550,550,false],"ocean-thumb-ml":["https:\/\/hdlcecuador.com\/wp-content\/uploads\/2020\/12\/Beata_Marta_Maria-Wiecka-30-05.jpg",450,450,false],"ocean-thumb-l":["https:\/\/hdlcecuador.com\/wp-content\/uploads\/2020\/12\/Beata_Marta_Maria-Wiecka-30-05.jpg",550,550,false]},"rttpg_author":{"display_name":"administrador","author_link":"https:\/\/hdlcecuador.com\/index.php\/author\/administrador\/"},"rttpg_comment":0,"rttpg_category":"<a href=\"https:\/\/hdlcecuador.com\/index.php\/category\/santosybeatosvic\/\" rel=\"category tag\">Sant@s y Beat@s Vicentinos<\/a>","rttpg_excerpt":"Sant@s y Beat@s Vicentinos Beata Marta Mar\u00eda Wiecka &#8211; 30 de Mayo Beata Vicentina La vida de Sor Marta Wiecka fue corta. S\u00f3lo 30 a\u00f1os fueron suficientes para alcanzar las cumbres de la santidad. Fue una aut\u00e9ntica Hija de la Caridad. Su entrega total al Se\u00f1or y a los pobres fue testimonio atrayente para quienes&hellip;","_links":{"self":[{"href":"https:\/\/hdlcecuador.com\/index.php\/wp-json\/wp\/v2\/posts\/6643"}],"collection":[{"href":"https:\/\/hdlcecuador.com\/index.php\/wp-json\/wp\/v2\/posts"}],"about":[{"href":"https:\/\/hdlcecuador.com\/index.php\/wp-json\/wp\/v2\/types\/post"}],"author":[{"embeddable":true,"href":"https:\/\/hdlcecuador.com\/index.php\/wp-json\/wp\/v2\/users\/1"}],"replies":[{"embeddable":true,"href":"https:\/\/hdlcecuador.com\/index.php\/wp-json\/wp\/v2\/comments?post=6643"}],"version-history":[{"count":3,"href":"https:\/\/hdlcecuador.com\/index.php\/wp-json\/wp\/v2\/posts\/6643\/revisions"}],"predecessor-version":[{"id":11563,"href":"https:\/\/hdlcecuador.com\/index.php\/wp-json\/wp\/v2\/posts\/6643\/revisions\/11563"}],"wp:featuredmedia":[{"embeddable":true,"href":"https:\/\/hdlcecuador.com\/index.php\/wp-json\/wp\/v2\/media\/2910"}],"wp:attachment":[{"href":"https:\/\/hdlcecuador.com\/index.php\/wp-json\/wp\/v2\/media?parent=6643"}],"wp:term":[{"taxonomy":"category","embeddable":true,"href":"https:\/\/hdlcecuador.com\/index.php\/wp-json\/wp\/v2\/categories?post=6643"},{"taxonomy":"post_tag","embeddable":true,"href":"https:\/\/hdlcecuador.com\/index.php\/wp-json\/wp\/v2\/tags?post=6643"},{"taxonomy":"post_folder","embeddable":true,"href":"https:\/\/hdlcecuador.com\/index.php\/wp-json\/wp\/v2\/post_folder?post=6643"}],"curies":[{"name":"wp","href":"https:\/\/api.w.org\/{rel}","templated":true}]}}